{"id":564272,"date":"2025-11-28T10:34:14","date_gmt":"2025-11-28T10:34:14","guid":{"rendered":"https:\/\/www.europesays.com\/fr\/564272\/"},"modified":"2025-11-28T10:34:14","modified_gmt":"2025-11-28T10:34:14","slug":"jean-michel-aulas-promet-de-refuser-son-salaire-de-maire-un-choix-polemique","status":"publish","type":"post","link":"https:\/\/www.europesays.com\/fr\/564272\/","title":{"rendered":"Jean-Michel Aulas promet de refuser son salaire de maire, un choix pol\u00e9mique"},"content":{"rendered":"<p>                    Par<br \/>\n        <strong><br \/>\n            <a href=\"https:\/\/actu.fr\/auteur\/theo-zuili\" title=\"Consulter tous les articles de Th\u00e9o Zuili\" target=\"_blank\" rel=\"noopener\">Th\u00e9o Zuili<\/a><br \/>\n                    <\/strong><\/p>\n<p>        Publi\u00e9 le<\/p>\n<p>            28 nov. 2025 \u00e0 11h20        <\/p>\n<p>Donn\u00e9 favori dans les sondages, <a href=\"https:\/\/actu.fr\/tag\/jean-michel-aulas\" target=\"_blank\" rel=\"noopener\">Jean-Michel Aulas<\/a>, candidat soutenu par la droite et le centre aux \u00e9lections municipales de <a href=\"https:\/\/actu.fr\/auvergne-rhone-alpes\/lyon_69123\" target=\"_blank\" rel=\"noopener\">Lyon<\/a>, a pu d\u00e9tailler quelques-unes de ses promesses de campagne aupr\u00e8s d\u2019actu Lyon. Si plusieurs d\u2019entre elles <strong>font d\u00e9j\u00e0 pol\u00e9mique<\/strong>, l\u2019annonce par l\u2019entrepreneur millionnaire de <strong>reverser ses indemnit\u00e9s de maire<\/strong> s\u2019il est \u00e9lu divise particuli\u00e8rement. <br \/>Comment Aulas annonce organiser ce reversement, ce que pr\u00e9voit la loi sur les indemnit\u00e9s des maires, r\u00e9actions virulentes de ses opposants\u2026 Tour d\u2019horizon.<\/p>\n<p>Des indemnit\u00e9s revers\u00e9es \u00e0 des associations<\/p>\n<p class=\" wall-content\">Jean-Michel Aulas <a href=\"https:\/\/actu.fr\/auvergne-rhone-alpes\/lyon_69123\/lyon-municipales-2026-jean-michel-aulas-fait-sa-premiere-proposition-choc-de-campagne_62665560.html\" target=\"_blank\" rel=\"noopener\">l\u2019avait d\u00e9j\u00e0 \u00e9voqu\u00e9 en mai 2025<\/a>, alors qu\u2019il faisait encore planer le doute sur l\u2019annonce de son entr\u00e9e en campagne : \u00ab\u00a0Je renonce totalement\u00a0\u00bb aux indemnit\u00e9s de maire, r\u00e9p\u00e8te-t-il <a href=\"https:\/\/actu.fr\/auvergne-rhone-alpes\/lyon_69123\/lyon-jean-michel-aulas-l-interview-evenement-ses-promesses-exclusives-s-il-est-maire_63489342.html\" target=\"_blank\" rel=\"noopener\">dans une interview accord\u00e9e \u00e0 actu Lyon<\/a> mardi 25 novembre.<\/p>\n<p class=\" wall-content\">\u00ab\u00a0Et avec les \u00e9conomies d\u00e9gag\u00e9es, j\u2019ai d\u00e9j\u00e0 cibl\u00e9 deux destinations : un grand h\u00f4pital lyonnais (j\u2019avais \u00e9voqu\u00e9 le<strong> centre L\u00e9on B\u00e9rard<\/strong>) et une association pour la jeunesse et les quartiers : <strong>Sport dans la Ville<\/strong>, une association remarquable depuis plus de vingt ans\u00a0\u00bb, a-t-il d\u00e9velopp\u00e9.<\/p>\n<p class=\" wall-content\">\n<p class=\" wall-content\">Avec une<strong> fortune estim\u00e9e \u00e0 450 millions d\u2019euros<\/strong>, le chef d\u2019entreprise millionnaire explique ne pas en avoir besoin et pr\u00e9f\u00e9rer reverser ses indemnit\u00e9s. De quoi diviser sur les r\u00e9seaux sociaux.<\/p>\n<p class=\" wall-content\">\u00ab\u00a0L\u2019avantage des politiques qui ne cherchent pas \u00e0 faire carri\u00e8re ou d\u2019en vivre, c\u2019est qu\u2019ils n\u2019ont pas besoin d\u2019\u00eatre r\u00e9mun\u00e9r\u00e9s\u00a0\u00bb, f\u00e9licitent certains utilisateurs, tandis que d\u2019autres accusent : \u00ab\u00a0Vous faites avec vos millions du populisme de tr\u00e8s bas niveau.\u00a0\u00bb<\/p>\n<p>Le premier maire de Lyon \u00e0 dire non \u00e0 ses indemnit\u00e9s ?<\/p>\n<p class=\" wall-content\">Si Jean-Michel Aulas allait au bout de cette promesse, il serait le<strong> premier maire de l\u2019histoire<\/strong> de Lyon \u00e0 refuser \u00e0 ses indemnit\u00e9s. Un maire n\u2019a pas le statut de fonctionnaire : ces derni\u00e8res ne constituent pas un salaire, mais permettent n\u00e9anmoins \u00ab\u00a0une reconnaissance du temps et de l\u2019\u00e9nergie consacr\u00e9s au mandat\u00a0\u00bb.<\/p>\n<p>Votre r\u00e9gion, votre actu !<\/p>\n<p>Recevez chaque jour les infos qui comptent pour vous.<\/p>\n<p>\t<a href=\"https:\/\/actu.fr\/newsletter\" class=\"ac-btn ac-btn--corner ac-btn--medium ac-btn--blue800\" target=\"_blank\" rel=\"noopener\">S&rsquo;incrire<\/a><\/p>\n<p class=\" wall-content\">Le plafond l\u00e9gal pour les communes de 100\u202f000 habitants et plus est de 5\u202f960,30\u202f\u20ac brut (des majorations sont possibles et portent les indemnit\u00e9s du maire de Lyon \u00e0 <strong>7 500 \u20ac brut<\/strong>). Un montant qui peut \u00eatre r\u00e9duit \u00ab\u00a0en cas d\u2019absences r\u00e9p\u00e9t\u00e9es non justifi\u00e9es du maire aux r\u00e9unions officielles\u00a0\u00bb.<\/p>\n<p class=\" wall-content\">Gage d\u2019impartialit\u00e9, le versement d\u2019une indemnit\u00e9 a \u00e9t\u00e9 d\u00e9cid\u00e9 pour permettre aux \u00e9lus de mettre leurs activit\u00e9s professionnelles en pause pour se consacrer pleinement \u00e0 leur mandat tout en r\u00e9sistant aux \u00e9ventuelles sollicitations ill\u00e9gales dont ils feraient l\u2019objet. La loi permet par ailleurs de refuser \u00e0 ses indemnit\u00e9s d\u2019\u00e9lu pour <strong>exercer les fonctions b\u00e9n\u00e9volement<\/strong>.<\/p>\n<p>Doucet, Piolle, Ruffin\u2026<\/p>\n<p class=\" wall-content\">\u00c0 son arriv\u00e9e en 2020, <a href=\"https:\/\/actu.fr\/tag\/gregory-doucet\" target=\"_blank\" rel=\"noopener\">Gr\u00e9gory Doucet<\/a> a fait voter une r\u00e9duction de son indemnit\u00e9 de maire <strong>d\u2019environ 1 000 \u20ac par mois<\/strong>, une d\u00e9cision pr\u00e9sent\u00e9e comme un geste de \u00ab\u00a0sobri\u00e9t\u00e9\u00a0\u00bb.<\/p>\n<p class=\" wall-content\"><a href=\"https:\/\/actu.fr\/tag\/eric-piolle\" target=\"_blank\" rel=\"noopener\"> Eric Piolle<\/a>, \u00e0 Grenoble, a fait voter u<strong>ne baisse de 25 % des indemnit\u00e9s<\/strong> des \u00e9lus, tandis que Fran\u00e7ois Ruffin, pr\u00e9sident de Debout !, reverse la \u00ab\u00a0majeure partie\u00a0\u00bb des r\u00e9mun\u00e9rations issues de son mandat de d\u00e9put\u00e9.<\/p>\n<p class=\" wall-content\">Certains maires (comme \u00e0 <a href=\"https:\/\/actu.fr\/normandie\/audouville-la-hubert_50021\/les-elus-reduisent-leurs-indemnites-et-economisent-14-000-e-dans-cette-commune-du-cotentin_63132987.html\" target=\"_blank\" rel=\"noopener\">Audouville\u2011la\u2011Hubert<\/a> ou Saint\u2011R\u00e9my\u2011du\u2011Nord) font \u00e9galement le choix de reverser l\u2019essentiel de leurs indemnit\u00e9s <strong>directement dans le budget communal<\/strong>.<\/p>\n<p>Les \u00e9lus montent au cr\u00e9neau<\/p>\n<p class=\" wall-content\">L\u2019annonce d\u2019Aulas n\u2019a pas manqu\u00e9 de <strong>faire r\u00e9agir les \u00e9lus et autres personnalit\u00e9s<\/strong> politiques de gauche et d\u2019extr\u00eame droite sur les r\u00e9seaux sociaux. \u00ab\u00a0Lyon n\u2019a pas besoin b\u00e9n\u00e9vole, Monsieur Aulas : Lyon a besoin d\u2019un maire\u00a0\u00bb, r\u00e9plique B\u00e9atrice Vessiller, vice-pr\u00e9sidente \u00e9cologiste \u00e0 la <a href=\"https:\/\/actu.fr\/tag\/grand-lyon\" target=\"_blank\" rel=\"noopener\">M\u00e9tropole de Lyon<\/a>.<\/p>\n<p class=\" wall-content\">\u00ab\u00a0La fin des indemnit\u00e9s, c\u2019est le pouvoir pour les rentiers, les milliardaires ou des corrompus. C\u2019est la d\u00e9magogie \u00e0 la base du rejet de la d\u00e9mocratie repr\u00e9sentative. Aulas est dangereux\u00a0\u00bb, poursuit Benjamin Lucas, d\u00e9put\u00e9 G\u00e9n\u00e9ration.s.<\/p>\n<p class=\" wall-content\">Nicolas Gaborit (PS) accuse par ailleurs : \u00ab\u00a0Les indemnit\u00e9s ne sont pas un \u2018privil\u00e8ge\u2019 : c\u2019est ce qui garantit financi\u00e8rement l\u2019acc\u00e8s de tous \u00e0 la fonction d\u2019\u00e9lu. Les refuser, c\u2019est dire implicitement : \u2018la politique, c\u2019est pour les ais\u00e9s\u2019. Ce n\u2019est pas de l\u2019exemplarit\u00e9, c\u2019est une s\u00e9lection sociale.\u00a0\u00bb<\/p>\n<p class=\" wall-content\">Suivi par Tim Bouzon (RN) : \u00ab\u00a0Quelle exclusivit\u00e9\u2026 Un multimillionnaire qui refuse un salaire, on se moque de qui. O\u00f9 sont les propositions concr\u00e8tes contre l\u2019ins\u00e9curit\u00e9, en dehors des psychologues dans les rues ? JMA demeure le candidat des m\u00e9dias et du show-business, un Macron bis.\u00a0\u00bb<\/p>\n<p class=\" wall-content\">Personnalisez votre actualit\u00e9 en ajoutant vos villes et m\u00e9dias en favori avec <a href=\"https:\/\/moncompte.actu.fr\" title=\"D\u00e9couvez Mon Actu\" rel=\"nofollow noopener\" data-trk=\"{&quot;cta&quot;:{&quot;action&quot;:&quot;https:\\\/\\\/moncompte.actu.fr&quot;,&quot;category&quot;:&quot;mon compte&quot;,&quot;from&quot;:&quot;article footer&quot;,&quot;name&quot;:&quot;Mon actu&quot;,&quot;type&quot;:&quot;cta&quot;}}\" target=\"_blank\">Mon Actu<\/a>.<\/p>\n","protected":false},"excerpt":{"rendered":"Par Th\u00e9o Zuili Publi\u00e9 le 28 nov. 2025 \u00e0 11h20 Donn\u00e9 favori dans les sondages, Jean-Michel Aulas, candidat&hellip;\n","protected":false},"author":2,"featured_media":564273,"comment_status":"","ping_status":"","sticky":false,"template":"","format":"standard","meta":{"footnotes":""},"categories":[1889],"tags":[1111,11,2430,4188,1777,674,1011,27,5226,5227,2428,3434,12,316,25],"class_list":{"0":"post-564272","1":"post","2":"type-post","3":"status-publish","4":"format-standard","5":"has-post-thumbnail","7":"category-lyon","8":"tag-actu","9":"tag-actualites","10":"tag-auvergne-rhone-alpes","11":"tag-elections-municipales","12":"tag-eu","13":"tag-europe","14":"tag-fr","15":"tag-france","16":"tag-gregory-doucet","17":"tag-jean-michel-aulas","18":"tag-lyon","19":"tag-municipales-2026","20":"tag-news","21":"tag-politique","22":"tag-republique-francaise"},"share_on_mastodon":{"url":"https:\/\/pubeurope.com\/@fr\/115626879428845985","error":""},"_links":{"self":[{"href":"https:\/\/www.europesays.com\/fr\/wp-json\/wp\/v2\/posts\/564272","targetHints":{"allow":["GET"]}}],"collection":[{"href":"https:\/\/www.europesays.com\/fr\/wp-json\/wp\/v2\/posts"}],"about":[{"href":"https:\/\/www.europesays.com\/fr\/wp-json\/wp\/v2\/types\/post"}],"author":[{"embeddable":true,"href":"https:\/\/www.europesays.com\/fr\/wp-json\/wp\/v2\/users\/2"}],"replies":[{"embeddable":true,"href":"https:\/\/www.europesays.com\/fr\/wp-json\/wp\/v2\/comments?post=564272"}],"version-history":[{"count":0,"href":"https:\/\/www.europesays.com\/fr\/wp-json\/wp\/v2\/posts\/564272\/revisions"}],"wp:featuredmedia":[{"embeddable":true,"href":"https:\/\/www.europesays.com\/fr\/wp-json\/wp\/v2\/media\/564273"}],"wp:attachment":[{"href":"https:\/\/www.europesays.com\/fr\/wp-json\/wp\/v2\/media?parent=564272"}],"wp:term":[{"taxonomy":"category","embeddable":true,"href":"https:\/\/www.europesays.com\/fr\/wp-json\/wp\/v2\/categories?post=564272"},{"taxonomy":"post_tag","embeddable":true,"href":"https:\/\/www.europesays.com\/fr\/wp-json\/wp\/v2\/tags?post=564272"}],"curies":[{"name":"wp","href":"https:\/\/api.w.org\/{rel}","templated":true}]}}