{"id":564276,"date":"2025-11-28T10:37:17","date_gmt":"2025-11-28T10:37:17","guid":{"rendered":"https:\/\/www.europesays.com\/fr\/564276\/"},"modified":"2025-11-28T10:37:17","modified_gmt":"2025-11-28T10:37:17","slug":"un-des-individus-a-ete-interpelle-en-saone-et-loire-annonce-le-ministre-de-linterieur","status":"publish","type":"post","link":"https:\/\/www.europesays.com\/fr\/564276\/","title":{"rendered":"\u00ab\u00a0Un des individus\u00a0\u00bb a \u00e9t\u00e9 interpell\u00e9 en Sa\u00f4ne-et-Loire, annonce le ministre de l&rsquo;Int\u00e9rieur"},"content":{"rendered":"\n<p class=\"c-chapo \">\n  Deux hommes, dont un d\u00e9crit comme \u00ab\u00a0potentiellement dangereux\u00a0\u00bb, s&rsquo;\u00e9taient \u00e9vad\u00e9s, jeudi matin, apr\u00e8s avoir eu raison des barreaux de leur cellule avec une lame de scie \u00e0 m\u00e9taux.\n<\/p>\n<p>      lire plus tard<\/p>\n<p id=\"dialog__title\" class=\"dialog__title\">Pour sauvegarder cet article, connectez-vous ou cr\u00e9ez un compte franceinfo<\/p>\n<p class=\"dialog__description\">Sans paiement. Sans abonnement.<\/p>\n<p>        Fermer la fen\u00eatre d\u2019activation des notifications France Info<\/p>\n<p>      cr\u00e9er votre compte<\/p>\n<p>      se connecter<\/p>\n<p>        Fermer la fen\u00eatre de pr\u00e9sentation<\/p>\n<p>    <img loading=\"lazy\" decoding=\"async\" class=\"signature__image lazyload\" width=\"100\" height=\"100\" data- alt=\"\" src=\"https:\/\/www.europesays.com\/fr\/wp-content\/uploads\/2025\/06\/64a55fd777de4_placeholder-36b69ec8.png\"\/><\/p>\n<p>    Publi\u00e9 le 28\/11\/2025 09:47<\/p>\n<p>      Mis \u00e0 jour le 28\/11\/2025 10:54<\/p>\n<p>        Temps de lecture : 1min<\/p>\n<p>    <img decoding=\"async\"  alt=\"Le ministre de l'Int\u00e9rieur, Laurent Nu\u00f1ez, s'exprime devant la presse \u00e0 Marseille, le 20 novembre 2025. (CLEMENT MAHOUDEAU \/ AFP)\" width=\"432\" height=\"243\" src=\"https:\/\/www.europesays.com\/fr\/wp-content\/uploads\/2025\/11\/000-84lq99p-692961ace57ed629388373.jpg\" fetchpriority=\"high\"\/><\/p>\n<p>      Le ministre de l&rsquo;Int\u00e9rieur, Laurent Nu\u00f1ez, s&rsquo;exprime devant la presse \u00e0 Marseille, le 20 novembre 2025. (CLEMENT MAHOUDEAU \/ AFP)<\/p>\n<p>Sa fuite s&rsquo;est termin\u00e9e au bout d&rsquo;environ 24 heures. L&rsquo;un des <a href=\"https:\/\/www.franceinfo.fr\/societe\/prisons\/deux-detenus-se-sont-evades-du-quartier-disciplinaire-de-la-prison-de-dijon_7642958.html\" target=\"_blank\" rel=\"noopener\" data-tooltip-url=\"https:\/\/www.franceinfo.fr\/societe\/prisons\/deux-detenus-se-sont-evades-du-quartier-disciplinaire-de-la-prison-de-dijon_7642958.html\">deux individus \u00e9vad\u00e9s<\/a> de la maison d\u2019arr\u00eat de Dijon a \u00e9t\u00e9 interpell\u00e9, vendredi 28 novembre dans la matin\u00e9e \u00e0 en Sa\u00f4ne-et-Loire, a annonc\u00e9 le ministre de l&rsquo;Int\u00e9rieur <a href=\"https:\/\/x.com\/NunezLaurent\/status\/1994323836276207718?s=20\" target=\"_blank\" rel=\"noopener\" data-tooltip-url=\"https:\/\/x.com\/NunezLaurent\/status\/1994323836276207718?s=20\">sur X<\/a>. L&rsquo;homme de 32 ans a \u00e9t\u00e9 arr\u00eat\u00e9 sans difficult\u00e9 par la brigade de recherche et d&rsquo;intervention \u00e0 la terrasse d&rsquo;un caf\u00e9 de Bey, a appris franceinfo de source proche du dossier. <\/p>\n<p>L&rsquo;autre, \u00ab\u00a0potentiellement dangereux\u00a0\u00bb, reste en fuite, a ajout\u00e9 le parquet de Dijon. \u00ab\u00a0Pr\u00e8s d&rsquo;une centaine de fonctionnaires de police\u00a0\u00bb restent mobilis\u00e9s, selon le parquet, \u00ab\u00a0pour parvenir \u00e0 l&rsquo;interpellation de la seconde personne en fuite\u00a0\u00bb, a ajout\u00e9 le procureur Olivier Caracotch.<\/p>\n<p>Les deux hommes, en d\u00e9tention provisoire, s&rsquo;\u00e9taient \u00e9vad\u00e9s de la prison v\u00e9tuste de Dijon, jeudi matin, apr\u00e8s avoir eu raison des barreaux de leur cellule avec une simple lame de scie \u00e0 m\u00e9taux, puis en glissant sur des draps. Le d\u00e9tenu de 32 ans \u00e9tait en prison \u00ab\u00a0pour des menaces et violences habituelles aggrav\u00e9es sur conjointe\u00a0\u00bb, selon Olivier Caracotch. Il avait laiss\u00e9 un \u00e9crit dans sa cellule \u00ab\u00a0\u00e9voquant les faits qui lui sont reproch\u00e9s et un d\u00e9lai d&rsquo;incarc\u00e9ration qu&rsquo;il consid\u00e8re comme &lsquo;d\u00e9j\u00e0 trop long'\u00a0\u00bb, a rapport\u00e9 le procureur. L&rsquo;autre d\u00e9tenu, un homme de 19 ans, a \u00e9t\u00e9 mis en examen pour \u00ab\u00a0des faits de tentative d&rsquo;assassinat et association de malfaiteurs\u00a0\u00bb, selon la m\u00eame source.<\/p>\n","protected":false},"excerpt":{"rendered":"Deux hommes, dont un d\u00e9crit comme \u00ab\u00a0potentiellement dangereux\u00a0\u00bb, s&rsquo;\u00e9taient \u00e9vad\u00e9s, jeudi matin, apr\u00e8s avoir eu raison des barreaux&hellip;\n","protected":false},"author":2,"featured_media":564277,"comment_status":"","ping_status":"","sticky":false,"template":"","format":"standard","meta":{"footnotes":""},"categories":[1888],"tags":[1111,1928,11,1927,1777,674,1011,27,12,1926,626,1925,25],"class_list":{"0":"post-564276","1":"post","2":"type-post","3":"status-publish","4":"format-standard","5":"has-post-thumbnail","7":"category-paris","8":"tag-actu","9":"tag-actu-paris","10":"tag-actualites","11":"tag-actualites-paris","12":"tag-eu","13":"tag-europe","14":"tag-fr","15":"tag-france","16":"tag-news","17":"tag-news-paris","18":"tag-paris","19":"tag-paris-news","20":"tag-republique-francaise"},"share_on_mastodon":{"url":"https:\/\/pubeurope.com\/@fr\/115626892108118432","error":""},"_links":{"self":[{"href":"https:\/\/www.europesays.com\/fr\/wp-json\/wp\/v2\/posts\/564276","targetHints":{"allow":["GET"]}}],"collection":[{"href":"https:\/\/www.europesays.com\/fr\/wp-json\/wp\/v2\/posts"}],"about":[{"href":"https:\/\/www.europesays.com\/fr\/wp-json\/wp\/v2\/types\/post"}],"author":[{"embeddable":true,"href":"https:\/\/www.europesays.com\/fr\/wp-json\/wp\/v2\/users\/2"}],"replies":[{"embeddable":true,"href":"https:\/\/www.europesays.com\/fr\/wp-json\/wp\/v2\/comments?post=564276"}],"version-history":[{"count":0,"href":"https:\/\/www.europesays.com\/fr\/wp-json\/wp\/v2\/posts\/564276\/revisions"}],"wp:featuredmedia":[{"embeddable":true,"href":"https:\/\/www.europesays.com\/fr\/wp-json\/wp\/v2\/media\/564277"}],"wp:attachment":[{"href":"https:\/\/www.europesays.com\/fr\/wp-json\/wp\/v2\/media?parent=564276"}],"wp:term":[{"taxonomy":"category","embeddable":true,"href":"https:\/\/www.europesays.com\/fr\/wp-json\/wp\/v2\/categories?post=564276"},{"taxonomy":"post_tag","embeddable":true,"href":"https:\/\/www.europesays.com\/fr\/wp-json\/wp\/v2\/tags?post=564276"}],"curies":[{"name":"wp","href":"https:\/\/api.w.org\/{rel}","templated":true}]}}