{"id":564284,"date":"2025-11-28T10:47:14","date_gmt":"2025-11-28T10:47:14","guid":{"rendered":"https:\/\/www.europesays.com\/fr\/564284\/"},"modified":"2025-11-28T10:47:14","modified_gmt":"2025-11-28T10:47:14","slug":"alors-que-leurope-sarme-contre-la-russie-le-premier-ministre-hongrois-discute-petrole-avec-vladimir-poutine-liberation","status":"publish","type":"post","link":"https:\/\/www.europesays.com\/fr\/564284\/","title":{"rendered":"Alors que l\u2019Europe s\u2019arme contre la Russie, le Premier ministre hongrois discute p\u00e9trole avec Vladimir Poutine \u2013 Lib\u00e9ration"},"content":{"rendered":"<p class=\"sc-cPiKLX AiZTS text-element\">Viktor Orb\u00e1n cavalier seul. Alors que les dirigeants de l\u2019Union Europ\u00e9enne se dressent en ch\u0153ur contre la Russie et revendiquent un plan de paix respectueux de la souverainet\u00e9 ukrainienne, le Premier ministre hongrois d\u00e9tonne. <a href=\"https:\/\/www.liberation.fr\/tags\/viktor-orban\/\" target=\"_blank\" rel=\"noopener\" title=\"https:\/\/www.liberation.fr\/tags\/viktor-orban\/\">Orb\u00e1n<\/a> a annonc\u00e9 ce vendredi 28\u00a0novembre qu\u2019il allait rencontrer le pr\u00e9sident russe Vladimir Poutine, \u00e0 Moscou, pour mener des <a href=\"https:\/\/www.liberation.fr\/international\/europe\/en-direct-guerre-en-ukraine-suivez-les-dernieres-informations-sur-linvasion-russe-20220721_FYXONVDMKBBWHB6QXAS6NJODI4\/\" target=\"_blank\" rel=\"noopener\" title=\"https:\/\/www.liberation.fr\/international\/europe\/en-direct-guerre-en-ukraine-suivez-les-dernieres-informations-sur-linvasion-russe-20220721_FYXONVDMKBBWHB6QXAS6NJODI4\/\">discussions autour de l\u2019\u00e9nergie<\/a>. Dans une vid\u00e9o publi\u00e9e sur Facebook, le dirigeant nationaliste a rappel\u00e9 <a href=\"https:\/\/www.liberation.fr\/international\/europe\/rencontre-trump-poutine-a-budapest-reportee-une-baffe-pour-viktor-orban-20251022_DY33ZO325BBLVCEBBH64THXHZ4\/\" target=\"_blank\" rel=\"noopener\" title=\"https:\/\/www.liberation.fr\/international\/europe\/rencontre-trump-poutine-a-budapest-reportee-une-baffe-pour-viktor-orban-20251022_DY33ZO325BBLVCEBBH64THXHZ4\/\">sa vir\u00e9e aux Etats-Unis d\u00e9but novembre<\/a>, au cours de laquelle il a obtenu de Donald Trump \u2013 \u00e0 force de discussions \u2013, une d\u00e9rogation aux sanctions am\u00e9ricaines li\u00e9es au p\u00e9trole russe, valable un an.<\/p>\n<p class=\"sc-cPiKLX AiZTS text-element\">Cette fois-ci, le Premier ministre hongrois se rend \u00e0 Moscou pour s\u2019assurer \u00abque l\u2019approvisionnement \u00e9nerg\u00e9tique de la Hongrie est s\u00e9curis\u00e9 pour l\u2019hiver et l\u2019ann\u00e9e prochaine \u00e0 un prix abordable\u00bb, a-t-il d\u00e9clar\u00e9 dans une vid\u00e9o publi\u00e9e sur Facebook.<\/p>\n<p class=\"sc-cPiKLX AiZTS text-element\">\u00abMaintenant, tout ce dont nous avons besoin, c\u2019est de gaz et de p\u00e9trole, que nous pouvons acheter aux Russes, donc je vais l\u00e0-bas pour m\u2019assurer que l\u2019approvisionnement \u00e9nerg\u00e9tique de la Hongrie est s\u00e9curis\u00e9 pour l\u2019hiver et l\u2019ann\u00e9e prochaine \u00e0 un prix abordable\u00bb, a-t-il expliqu\u00e9.<\/p>\n<p class=\"sc-cPiKLX AiZTS text-element\">Rare dirigeant europ\u00e9en <a href=\"https:\/\/www.liberation.fr\/international\/europe\/presidence-hongroise-de-lue-pour-orban-ce-nest-pas-grave-detre-critique-tant-quil-se-fait-entendre-20240723_6IUDF5276FEAFIW6FVIIXOO7OY\/\" target=\"_blank\" rel=\"noopener\" title=\"https:\/\/www.liberation.fr\/international\/europe\/presidence-hongroise-de-lue-pour-orban-ce-nest-pas-grave-detre-critique-tant-quil-se-fait-entendre-20240723_6IUDF5276FEAFIW6FVIIXOO7OY\/\">proche \u00e0 la fois du pr\u00e9sident am\u00e9ricain et du chef de l\u2019Etat russe<\/a>, Orb\u00e1n n\u2019a pas cherch\u00e9 \u00e0 diversifier r\u00e9ellement les importations de son pays depuis l\u2019invasion de l\u2019Ukraine par la Russie en\u00a02022 et d\u00e9pend fortement du p\u00e9trole russe. Il a affirm\u00e9 que la Hongrie b\u00e9n\u00e9ficiait des prix de l\u2019\u00e9nergie les plus bas en Europe gr\u00e2ce \u00e0 son acc\u00e8s au gaz et au p\u00e9trole russes, \u00abbon march\u00e9 par rapport aux niveaux des prix internationaux\u00bb.<\/p>\n","protected":false},"excerpt":{"rendered":"Viktor Orb\u00e1n cavalier seul. Alors que les dirigeants de l\u2019Union Europ\u00e9enne se dressent en ch\u0153ur contre la Russie&hellip;\n","protected":false},"author":2,"featured_media":564285,"comment_status":"","ping_status":"","sticky":false,"template":"","format":"standard","meta":{"footnotes":""},"categories":[1591],"tags":[11,1887,804,12,1885,1886,132,7247,135],"class_list":{"0":"post-564284","1":"post","2":"type-post","3":"status-publish","4":"format-standard","5":"has-post-thumbnail","7":"category-russie","8":"tag-actualites","9":"tag-federation-de-russie","10":"tag-hongrie","11":"tag-news","12":"tag-russia","13":"tag-russian-federation","14":"tag-russie","15":"tag-viktor-orban","16":"tag-vladimir-poutine"},"share_on_mastodon":{"url":"https:\/\/pubeurope.com\/@fr\/115626930771506222","error":""},"_links":{"self":[{"href":"https:\/\/www.europesays.com\/fr\/wp-json\/wp\/v2\/posts\/564284","targetHints":{"allow":["GET"]}}],"collection":[{"href":"https:\/\/www.europesays.com\/fr\/wp-json\/wp\/v2\/posts"}],"about":[{"href":"https:\/\/www.europesays.com\/fr\/wp-json\/wp\/v2\/types\/post"}],"author":[{"embeddable":true,"href":"https:\/\/www.europesays.com\/fr\/wp-json\/wp\/v2\/users\/2"}],"replies":[{"embeddable":true,"href":"https:\/\/www.europesays.com\/fr\/wp-json\/wp\/v2\/comments?post=564284"}],"version-history":[{"count":0,"href":"https:\/\/www.europesays.com\/fr\/wp-json\/wp\/v2\/posts\/564284\/revisions"}],"wp:featuredmedia":[{"embeddable":true,"href":"https:\/\/www.europesays.com\/fr\/wp-json\/wp\/v2\/media\/564285"}],"wp:attachment":[{"href":"https:\/\/www.europesays.com\/fr\/wp-json\/wp\/v2\/media?parent=564284"}],"wp:term":[{"taxonomy":"category","embeddable":true,"href":"https:\/\/www.europesays.com\/fr\/wp-json\/wp\/v2\/categories?post=564284"},{"taxonomy":"post_tag","embeddable":true,"href":"https:\/\/www.europesays.com\/fr\/wp-json\/wp\/v2\/tags?post=564284"}],"curies":[{"name":"wp","href":"https:\/\/api.w.org\/{rel}","templated":true}]}}