{"id":564292,"date":"2025-11-28T10:51:14","date_gmt":"2025-11-28T10:51:14","guid":{"rendered":"https:\/\/www.europesays.com\/fr\/564292\/"},"modified":"2025-11-28T10:51:14","modified_gmt":"2025-11-28T10:51:14","slug":"allemagne-le-marche-du-travail-patit-de-la-faible-conjoncture","status":"publish","type":"post","link":"https:\/\/www.europesays.com\/fr\/564292\/","title":{"rendered":"Allemagne: le march\u00e9 du travail p\u00e2tit de la faible conjoncture"},"content":{"rendered":"<p class=\"wysiwyg-h2\">Le taux de ch\u00f4mage en Allemagne est rest\u00e9 inchang\u00e9 en novembre \u00e0 6,3% en donn\u00e9es corrig\u00e9es des variations saisonni\u00e8res, un niveau stable depuis mars, tandis que le gouvernement est appel\u00e9 \u00e0 agir pour relancer une \u00e9conomie en crise.<\/p>\n<p>En donn\u00e9es brutes, le nombre de ch\u00f4meurs a baiss\u00e9 de quelque 25&rsquo;000 personnes sur un mois pour s&rsquo;\u00e9tablir \u00e0 2,89 millions, s&rsquo;\u00e9loignant du seuil symbolique des trois millions atteint en ao\u00fbt, selon un communiqu\u00e9 de l&rsquo;Agence f\u00e9d\u00e9rale pour l&#8217;emploi vendredi.<\/p>\n<p>Mais l&rsquo;Agence souligne &lsquo;la faiblesse de la conjoncture&rsquo; qui persiste et un march\u00e9 du travail encore &lsquo;sans dynamisme&rsquo;, tandis que la &lsquo;demande de main-d&rsquo;oeuvre demeure mod\u00e9r\u00e9e&rsquo;, selon sa pr\u00e9sidente Andrea Nahles.<\/p>\n<p>&lsquo;Pour que le march\u00e9 du travail puisse se redresser durablement, l&rsquo;Allemagne a besoin de co\u00fbts du travail \u00e0 un niveau comp\u00e9titif&rsquo;, a comment\u00e9 le pr\u00e9sident du patronat allemand (BDA), Rainer Dulger, dans un communiqu\u00e9.<\/p>\n<p>Le gouvernement du chancelier conservateur Friedrich Merz est au d\u00e9fi de relancer une activit\u00e9 \u00e9conomique qui marque le pas depuis plus de deux ans et fait face \u00e0 de profondes mutations.<\/p>\n<p>Le mod\u00e8le industriel allemand est fragilis\u00e9 par la concurrence internationale, surtout venant de Chine, et les prix \u00e9lev\u00e9s de l&rsquo;\u00e9lectricit\u00e9 qui minent sa comp\u00e9titivit\u00e9.<\/p>\n<p>M. Merz a d\u00e9fendu mercredi l&rsquo;action de sa coalition avec les sociaux-d\u00e9mocrates, qui essuie des critiques, \u00e9num\u00e9rant les r\u00e9formes prises comme la baisse de la fiscalit\u00e9 des entreprises et du prix de l&rsquo;\u00e9lectricit\u00e9, lors des d\u00e9bats sur le budget 2026 au Bundestag.<\/p>\n<p>Le m\u00eame jour, le Fonds mon\u00e9taire international a appel\u00e9 l&rsquo;Allemagne \u00e0 adopter des r\u00e9formes pour notamment accro\u00eetre l&rsquo;offre de travail, notamment pour les femmes, les seniors et les immigr\u00e9s.<\/p>\n<p>La faible dynamique du march\u00e9 du travail se traduit par la baisse des offres enregistr\u00e9es aupr\u00e8s de l&rsquo;agence pour l&#8217;emploi, \u00e0 624&rsquo;000 en novembre, soit 44&rsquo;000 de moins qu&rsquo;il y a un an.<\/p>\n<p>Au m\u00eame moment plus de deux employeurs sur trois d\u00e9clarent avoir des difficult\u00e9s \u00e0 pourvoir des postes vacants et \u00e0 recruter des collaborateurs qualifi\u00e9s, indique le BDA.<\/p>\n<p> \/ATS<\/p>\n","protected":false},"excerpt":{"rendered":"Le taux de ch\u00f4mage en Allemagne est rest\u00e9 inchang\u00e9 en novembre \u00e0 6,3% en donn\u00e9es corrig\u00e9es des variations&hellip;\n","protected":false},"author":2,"featured_media":564293,"comment_status":"","ping_status":"","sticky":false,"template":"","format":"standard","meta":{"footnotes":""},"categories":[1587],"tags":[11,1829,672,1832,1836,1804,1805,1827,1803,1777,674,1830,1831,1801,1826,1844,1840,1839,1841,1838,12,1843,1828,1834,1825,1833,1802,1822,1823,1824,1837,1835,1842],"class_list":{"0":"post-564292","1":"post","2":"type-post","3":"status-publish","4":"format-standard","5":"has-post-thumbnail","7":"category-allemagne","8":"tag-actualites","9":"tag-ajoie","10":"tag-allemagne","11":"tag-animation","12":"tag-bienne","13":"tag-bundesrepublik-deutschland","14":"tag-de","15":"tag-delemont","16":"tag-deutschland","17":"tag-eu","18":"tag-europe","19":"tag-franches-montagnes","20":"tag-frequence","21":"tag-germany","22":"tag-jura","23":"tag-jura-bernois","24":"tag-la-chaux-de-fonds","25":"tag-moutier","26":"tag-neuchatel","27":"tag-neuveville","28":"tag-news","29":"tag-payerne","30":"tag-porrentruy","31":"tag-publicite","32":"tag-radio","33":"tag-redaction","34":"tag-republique-federale-dallemagne","35":"tag-rfj","36":"tag-rjb","37":"tag-rtn","38":"tag-tavannes","39":"tag-vallon-de-st-imier","40":"tag-yverdon"},"share_on_mastodon":{"url":"https:\/\/pubeurope.com\/@fr\/115626946547276827","error":""},"_links":{"self":[{"href":"https:\/\/www.europesays.com\/fr\/wp-json\/wp\/v2\/posts\/564292","targetHints":{"allow":["GET"]}}],"collection":[{"href":"https:\/\/www.europesays.com\/fr\/wp-json\/wp\/v2\/posts"}],"about":[{"href":"https:\/\/www.europesays.com\/fr\/wp-json\/wp\/v2\/types\/post"}],"author":[{"embeddable":true,"href":"https:\/\/www.europesays.com\/fr\/wp-json\/wp\/v2\/users\/2"}],"replies":[{"embeddable":true,"href":"https:\/\/www.europesays.com\/fr\/wp-json\/wp\/v2\/comments?post=564292"}],"version-history":[{"count":0,"href":"https:\/\/www.europesays.com\/fr\/wp-json\/wp\/v2\/posts\/564292\/revisions"}],"wp:featuredmedia":[{"embeddable":true,"href":"https:\/\/www.europesays.com\/fr\/wp-json\/wp\/v2\/media\/564293"}],"wp:attachment":[{"href":"https:\/\/www.europesays.com\/fr\/wp-json\/wp\/v2\/media?parent=564292"}],"wp:term":[{"taxonomy":"category","embeddable":true,"href":"https:\/\/www.europesays.com\/fr\/wp-json\/wp\/v2\/categories?post=564292"},{"taxonomy":"post_tag","embeddable":true,"href":"https:\/\/www.europesays.com\/fr\/wp-json\/wp\/v2\/tags?post=564292"}],"curies":[{"name":"wp","href":"https:\/\/api.w.org\/{rel}","templated":true}]}}