{"id":564296,"date":"2025-11-28T10:53:20","date_gmt":"2025-11-28T10:53:20","guid":{"rendered":"https:\/\/www.europesays.com\/fr\/564296\/"},"modified":"2025-11-28T10:53:20","modified_gmt":"2025-11-28T10:53:20","slug":"lenteur-de-lue-bruxelles-devoile-un-plan-pour-reduire-la-dependance-aux-matieres-premieres-chinoises","status":"publish","type":"post","link":"https:\/\/www.europesays.com\/fr\/564296\/","title":{"rendered":"Lenteur de l&rsquo;UE : Bruxelles d\u00e9voile un plan pour r\u00e9duire la d\u00e9pendance aux mati\u00e8res premi\u00e8res chinoises"},"content":{"rendered":"<p>La Commission europ\u00e9enne doit pr\u00e9senter la semaine prochaine une s\u00e9rie de mesures visant \u00e0 r\u00e9duire la d\u00e9pendance excessive du bloc envers la Chine pour les mati\u00e8res premi\u00e8res critiques, alors que l&rsquo;Europe cherche \u00e0 rester comp\u00e9titive face \u00e0 la concurrence mondiale accrue des \u00c9tats-Unis et de l&rsquo;Asie.<\/p>\n<p>Malgr\u00e9 des ann\u00e9es d&rsquo;avertissements sur la fin imminente du mod\u00e8le ancien du commerce fond\u00e9 sur des r\u00e8gles, un processus acc\u00e9l\u00e9r\u00e9 par le retour de Donald Trump \u00e0 la pr\u00e9sidence des \u00c9tats-Unis, les gouvernements europ\u00e9ens se sont montr\u00e9s passifs, selon des responsables europ\u00e9ens et industriels.<\/p>\n<p>\u00ab L&rsquo;Europe est devenue plus vuln\u00e9rable, notamment en raison de notre d\u00e9pendance \u00e0 l&rsquo;\u00e9gard de pays tiers pour notre s\u00e9curit\u00e9 et l&rsquo;approvisionnement en mati\u00e8res premi\u00e8res critiques \u00bb, a d\u00e9clar\u00e9 la pr\u00e9sidente de la Banque centrale europ\u00e9enne, Christine Lagarde, la semaine derni\u00e8re, citant \u00e9galement d&rsquo;autres d\u00e9fis allant de la hausse des droits de douane am\u00e9ricains \u00e0 l&rsquo;intensification de la concurrence chinoise.<\/p>\n<p>\u00ab Les vuln\u00e9rabilit\u00e9s de l&rsquo;Europe d\u00e9coulent d&rsquo;un mod\u00e8le de croissance adapt\u00e9 \u00e0 un monde qui dispara\u00eet progressivement. \u00bb<\/p>\n<p>La menace de P\u00e9kin d&rsquo;imposer de nouvelles restrictions sur les exportations de terres rares vers l&rsquo;Occident en octobre, s&rsquo;ajoutant \u00e0 celles annonc\u00e9es en avril, a sem\u00e9 la panique dans les secteurs europ\u00e9ens de l&rsquo;automobile, de l&rsquo;\u00e9nergie propre et des semi-conducteurs, tous fortement d\u00e9pendants de ces mat\u00e9riaux.<\/p>\n<p>Le commissaire europ\u00e9en \u00e0 l&rsquo;Industrie, St\u00e9phane S\u00e9journ\u00e9, a d\u00e9clar\u00e9 cette semaine que l&rsquo;Europe n&rsquo;\u00e9tait pas simplement une victime collat\u00e9rale des tensions commerciales entre les \u00c9tats-Unis et la Chine, mais qu&rsquo;elle \u00e9tait \u00ab directement vis\u00e9e \u00bb.<\/p>\n<p>La doctrine de s\u00e9curit\u00e9 \u00e9conomique, qui sera d\u00e9voil\u00e9e mercredi, vise \u00e0 rendre l&rsquo;industrie europ\u00e9enne plus autonome et comprend un plan pour les mati\u00e8res premi\u00e8res critiques baptis\u00e9 ResourceEU, inspir\u00e9 du programme RePowerEU qui visait \u00e0 se d\u00e9faire du p\u00e9trole et du gaz russes.<\/p>\n<p>Cependant, r\u00e9duire la d\u00e9pendance de l&rsquo;UE envers P\u00e9kin s&rsquo;annonce plus compliqu\u00e9 que de mettre fin \u00e0 celle au gaz naturel russe. Ces mat\u00e9riaux ne sont pas facilement substituables comme le gaz, et la Chine domine largement, tant en termes de co\u00fbt que de savoir-faire pour l&rsquo;extraction et le traitement.<\/p>\n<p>Des responsables industriels et europ\u00e9ens estiment que l&rsquo;UE devra relever le d\u00e9fi du financement de la cr\u00e9ation, souvent \u00e0 partir de z\u00e9ro, d&rsquo;une industrie europ\u00e9enne des mati\u00e8res premi\u00e8res critiques et des terres rares, de l&rsquo;extraction au stockage en passant par le traitement.<\/p>\n<p>Une solution rapide consisterait \u00e0 allouer imm\u00e9diatement 3\u00a0milliards d&rsquo;euros du budget de l&rsquo;UE aux 25 projets les plus urgents parmi les 60 identifi\u00e9s par la Commission dans le secteur des terres rares et des mati\u00e8res premi\u00e8res, a indiqu\u00e9 un responsable europ\u00e9en \u00e0 Reuters.<\/p>\n<p>Ces 25 projets visent la production de terres rares, de gallium, de germanium et de lithium, a pr\u00e9cis\u00e9 ce responsable, ajoutant que les mesures propos\u00e9es devraient permettre de financer ces initiatives.<\/p>\n<p>Mais le financement \u00e0 long terme demeure un d\u00e9fi. Pour s\u00e9curiser leurs investissements, les entreprises r\u00e9clament des prix planchers garantis ou d&rsquo;autres assurances &#8211; des options \u00e0 l&rsquo;\u00e9tude par la Commission.<\/p>\n<p>L&rsquo;UE envisage de solliciter la Banque europ\u00e9enne d&rsquo;investissement, d\u00e9tenue par les \u00c9tats membres, ainsi que le plan Global Gateway &#8211; la version europ\u00e9enne de la Belt and Road chinoise &#8211; pour investir dans des projets profitant \u00e0 la fois \u00e0 des pays tiers et \u00e0 l&rsquo;Union.<\/p>\n<p>La Commission pr\u00e9voit \u00e9galement d&rsquo;inclure les projets li\u00e9s aux mati\u00e8res premi\u00e8res critiques parmi les investissements \u00e9ligibles au Fonds d&rsquo;innovation de l&rsquo;UE. Mais l&rsquo;industrie reste sceptique.<\/p>\n<p>\u00ab Le temps joue contre l&rsquo;UE. Ils ont \u00e9t\u00e9 trop lents \u00bb, a estim\u00e9 Mika Seitovirta, cadre dirigeant de la soci\u00e9t\u00e9 mini\u00e8re Sibanye-Stillwater, aupr\u00e8s de Reuters.<\/p>\n<p>L&rsquo;\u00e9tat d&rsquo;esprit de la Commission a \u00e9t\u00e9 \u00ab un frein \u00bb, a expliqu\u00e9 un responsable europ\u00e9en. \u00ab Nous leur demandons d&rsquo;agir davantage en chefs de projet et de lever tous les obstacles. \u00bb<\/p>\n<p><b>CONCURRENCE MONDIALE<\/b><\/p>\n<p>Des dirigeants industriels mettent en garde : l&rsquo;UE risque de se faire distancer par les \u00c9tats-Unis et d&rsquo;autres alli\u00e9s occidentaux comme le Japon, le Canada et l&rsquo;Australie, qui investissent des milliards de dollars pour diversifier l&rsquo;approvisionnement mondial.<\/p>\n<p>\u00ab Nous avons besoin d&rsquo;autorisations acc\u00e9l\u00e9r\u00e9es en Europe et en Norv\u00e8ge, et le deuxi\u00e8me point, c&rsquo;est la s\u00e9curit\u00e9 des prix \u00bb, a d\u00e9clar\u00e9 Alf Reifstad, directeur g\u00e9n\u00e9ral de Rare Earths Norway, \u00e0 Reuters. Reifstad a indiqu\u00e9 \u00eatre \u00e9galement en discussion avec les \u00c9tats-Unis, bien qu&rsquo;il privil\u00e9gie l&rsquo;UE. La Norv\u00e8ge d\u00e9tient les plus grandes r\u00e9serves europ\u00e9ennes de terres rares.<\/p>\n<p>L&rsquo;UE s&rsquo;efforce de s\u00e9curiser des ressources dans des pays tiers, comme le Br\u00e9sil, l&rsquo;Asie centrale, et plus r\u00e9cemment l&rsquo;Afrique du Sud et l&rsquo;Australie, mais les accords politiques n&rsquo;ont pas encore d\u00e9bouch\u00e9 sur des investissements concrets.<\/p>\n<p>Les \u00c9tats-Unis ont fix\u00e9 les attentes du secteur apr\u00e8s que le Pentagone a sign\u00e9 un accord sur les terres rares garantissant un prix minimum, et Washington a r\u00e9cemment attir\u00e9 vers lui des approvisionnements et un savoir-faire europ\u00e9ens.<\/p>\n<p>Le recyclage sera un pilier majeur pour pallier le manque de mines europ\u00e9ennes existantes et le long d\u00e9lai de d\u00e9veloppement de nouvelles productions.<\/p>\n<p>\u00ab Il faut des mati\u00e8res premi\u00e8res pour le recyclage. Toutes les options sont sur la table en mati\u00e8re de mesures commerciales \u00bb, a d\u00e9clar\u00e9 un haut responsable europ\u00e9en impliqu\u00e9 dans le dossier.<\/p>\n<p>La Commission a \u00e9galement lanc\u00e9 un m\u00e9canisme pilote de stockage avec certains \u00c9tats membres pour acheter et stocker conjointement des mati\u00e8res premi\u00e8res critiques, afin d&rsquo;obtenir de meilleurs prix et une plus grande s\u00e9curit\u00e9 d&rsquo;approvisionnement.<\/p>\n<p>Cependant, aucune d\u00e9cision ne sera prise sur le lieu, la m\u00e9thode et les mat\u00e9riaux \u00e0 stocker avant que ne soit op\u00e9rationnel, l&rsquo;an prochain, un nouveau centre europ\u00e9en des min\u00e9raux critiques, inspir\u00e9 du mod\u00e8le japonais.<\/p>\n","protected":false},"excerpt":{"rendered":"La Commission europ\u00e9enne doit pr\u00e9senter la semaine prochaine une s\u00e9rie de mesures visant \u00e0 r\u00e9duire la d\u00e9pendance excessive&hellip;\n","protected":false},"author":2,"featured_media":564297,"comment_status":"","ping_status":"","sticky":false,"template":"","format":"standard","meta":{"footnotes":""},"categories":[1586],"tags":[11,340,1777,674,1779,1011,27,12,25,1778,364],"class_list":{"0":"post-564296","1":"post","2":"type-post","3":"status-publish","4":"format-standard","5":"has-post-thumbnail","7":"category-europe","8":"tag-actualites","9":"tag-bourse","10":"tag-eu","11":"tag-europe","12":"tag-european-union","13":"tag-fr","14":"tag-france","15":"tag-news","16":"tag-republique-francaise","17":"tag-ue","18":"tag-union-europeenne"},"share_on_mastodon":{"url":"https:\/\/pubeurope.com\/@fr\/115626954299905868","error":""},"_links":{"self":[{"href":"https:\/\/www.europesays.com\/fr\/wp-json\/wp\/v2\/posts\/564296","targetHints":{"allow":["GET"]}}],"collection":[{"href":"https:\/\/www.europesays.com\/fr\/wp-json\/wp\/v2\/posts"}],"about":[{"href":"https:\/\/www.europesays.com\/fr\/wp-json\/wp\/v2\/types\/post"}],"author":[{"embeddable":true,"href":"https:\/\/www.europesays.com\/fr\/wp-json\/wp\/v2\/users\/2"}],"replies":[{"embeddable":true,"href":"https:\/\/www.europesays.com\/fr\/wp-json\/wp\/v2\/comments?post=564296"}],"version-history":[{"count":0,"href":"https:\/\/www.europesays.com\/fr\/wp-json\/wp\/v2\/posts\/564296\/revisions"}],"wp:featuredmedia":[{"embeddable":true,"href":"https:\/\/www.europesays.com\/fr\/wp-json\/wp\/v2\/media\/564297"}],"wp:attachment":[{"href":"https:\/\/www.europesays.com\/fr\/wp-json\/wp\/v2\/media?parent=564296"}],"wp:term":[{"taxonomy":"category","embeddable":true,"href":"https:\/\/www.europesays.com\/fr\/wp-json\/wp\/v2\/categories?post=564296"},{"taxonomy":"post_tag","embeddable":true,"href":"https:\/\/www.europesays.com\/fr\/wp-json\/wp\/v2\/tags?post=564296"}],"curies":[{"name":"wp","href":"https:\/\/api.w.org\/{rel}","templated":true}]}}