{"id":564298,"date":"2025-11-28T10:54:15","date_gmt":"2025-11-28T10:54:15","guid":{"rendered":"https:\/\/www.europesays.com\/fr\/564298\/"},"modified":"2025-11-28T10:54:15","modified_gmt":"2025-11-28T10:54:15","slug":"lun-des-deux-fugitifs-a-ete-arrete-a-la-terrasse-dun-cafe-en-saone-et-loire","status":"publish","type":"post","link":"https:\/\/www.europesays.com\/fr\/564298\/","title":{"rendered":"L\u2019un des deux fugitifs a \u00e9t\u00e9 arr\u00eat\u00e9 \u00e0 la terrasse d\u2019un caf\u00e9 en Sa\u00f4ne-et-Loire"},"content":{"rendered":"<p>Il n\u2019a pas go\u00fbt\u00e9 \u00e0 la libert\u00e9 bien longtemps. Au lendemain de la <a href=\"https:\/\/www.20minutes.fr\/faits_divers\/4188245-20251127-sciant-barreaux-cellule-deux-detenus-evadent-prison-dijon\" class=\"c-link c-link--is-underlined\" target=\"_blank\" rel=\"noopener\">rocambolesque \u00e9vasion \u00e0 la prison de Dijon<\/a> (C\u00f4te-d\u2019Or), l\u2019un des deux d\u00e9tenus qui s\u2019\u00e9taient fait la malle a pu \u00eatre interpell\u00e9. L\u2019annonce a \u00e9t\u00e9 faite ce vendredi matin par le ministre de l\u2019Int\u00e9rieur. Sur son compte X, Laurent Nu\u00f1ez a f\u00e9licit\u00e9 la <a href=\"https:\/\/www.20minutes.fr\/dossier\/bri\" class=\"c-link c-link--is-underlined\" target=\"_blank\" rel=\"noopener\">Brigade de recherche et d\u2019intervention<\/a> (BRI) et la police judiciaire de Dijon, qui ont interpell\u00e9 le fugitif. D\u2019apr\u00e8s le ministre, l\u2019homme en cavale aurait \u00e9t\u00e9 interpell\u00e9 en Sa\u00f4ne-et-Loire. <\/p>\n<p>Selon une source polici\u00e8re interrog\u00e9e par 20 Minutes, l\u2019homme aurait \u00e9t\u00e9 arr\u00eat\u00e9 \u00e0 Bey vers 8 heures, \u00e0 la terrasse d\u2019un caf\u00e9. Cette petite commune d&rsquo;environ 900 habitants est situ\u00e9e \u00e0 une dizaine de kilom\u00e8tres de Chalon-sur-Sa\u00f4ne. Une centaine d\u2019agents \u00e9taient mobilis\u00e9s ce vendredi pour rechercher les deux d\u00e9tenus, expliquaient des sources judiciaires.<\/p>\n<p>Avec des draps<\/p>\n<p>Il s&rsquo;agirait du d\u00e9tenu de 32 ans, jug\u00e9 comme le moins \u00ab dangereux \u00bb des deux. Il avait \u00e9t\u00e9 plac\u00e9 en d\u00e9tention provisoire \u00ab pour des menaces et violences habituelles aggrav\u00e9es sur conjointe \u00bb, selon le procureur. <\/p>\n<\/p>\n<p>Leur \u00e9vasion avait \u00e9t\u00e9 constat\u00e9e \u00e0 7 heures jeudi matin lors des contr\u00f4les effectu\u00e9s dans le quartier disciplinaire de cette petite maison d\u2019arr\u00eat proche du centre-ville. Deux d\u00e9tenus, dont un jug\u00e9 \u00ab\u00a0dangereux\u00a0\u00bb, avaient quitt\u00e9 leur cellule apr\u00e8s avoir \u00ab\u00a0<a href=\"https:\/\/www.20minutes.fr\/faits_divers\/4188319-20251127-cote-or-barreaux-scies-prison-vetuste-point-evasion-rocambolesque-deux-detenus-dijon\" class=\"c-link c-link--is-underlined\" target=\"_blank\" rel=\"noopener\">vraisemblablement sci\u00e9 des barreaux<\/a>\u00a0\u00bb et ont \u00ab\u00a0pris la fuite \u00e0 l\u2019aide de draps\u00a0\u00bb, selon le procureur de Dijon Olivier Caracotch. \u00ab\u00a0Ils ont utilis\u00e9 des lames de scie \u00e0 l\u2019ancienne, manuelles\u00a0\u00bb, pr\u00e9cisait Ahmed Saih, d\u00e9l\u00e9gu\u00e9 FO Justice \u00e0 la prison de Dijon.<\/p>\n<p>Le second d\u00e9tenu, un homme de 19 ans, avait \u00e9t\u00e9 mis en examen pour \u00ab\u00a0des faits de tentative d\u2019assassinat et association de malfaiteurs\u00a0\u00bb, selon la m\u00eame source. Cet homme a d\u00e9j\u00e0 \u00e9t\u00e9 incarc\u00e9r\u00e9 \u00e0 de \u00ab\u00a0tr\u00e8s nombreuses reprises alors qu\u2019il \u00e9tait mineur\u00a0\u00bb. Il est soup\u00e7onn\u00e9 d\u2019avoir particip\u00e9 \u00e0 \u00ab\u00a0un r\u00e8glement de comptes sur fond de narcotrafic\u00a0\u00bb \u00e0 Montb\u00e9liard, apr\u00e8s avoir \u00e9t\u00e9 recrut\u00e9 pour ex\u00e9cuter un \u00ab\u00a0contrat criminel.\u00a0\u00bb<\/p>\n<p><img decoding=\"async\" alt=\"La maison d'arr\u00eat de Dijon, particuli\u00e8rement v\u00e9tuste, va faire l'objet de travaux de s\u00e9curisation prochainement. \" class=\"c-img\" loading=\"lazy\" fetchpriority=\"auto\" width=\"718\"  src=\"https:\/\/img.20mn.fr\/TPbBMLSmSxWaoutqL52JnCk\/718x0\" \/>La maison d&rsquo;arr\u00eat de Dijon, particuli\u00e8rement v\u00e9tuste, va faire l&rsquo;objet de travaux de s\u00e9curisation prochainement. \u2002-\u00a0Konrad K. \/Sipa<\/p>\n<p>Cette \u00e9vasion, comme celle d&rsquo;un autre d\u00e9tenu lors d&rsquo;une sortie \u00e0 Rennes, a relanc\u00e9 le d\u00e9bat sur la s\u00e9curisation des \u00e9tablissements p\u00e9nitentiaires. Ouverte en 1853, la maison d&rsquo;arr\u00eat de Dijon est particuli\u00e8rement v\u00e9tuste. Cet \u00e9tablissement compte 311 d\u00e9tenus pour 180 places, soit un taux d&rsquo;occupation de 173% selon le minist\u00e8re de la Justice. R\u00e9cemment, des lames de scie avaient \u00e9t\u00e9 livr\u00e9es par drones, d\u00e9noncent des surveillants.<\/p>\n<p>G\u00e9rald Darmanin a annnonc\u00e9 \u00ab dans les prochains jours \u00bb l&rsquo;installation de caillebotis aux fen\u00eatres, la couverture des cours de promenade et des dispositifs anti-drones pour cette maison d&rsquo;arr\u00eat. <\/p>\n","protected":false},"excerpt":{"rendered":"Il n\u2019a pas go\u00fbt\u00e9 \u00e0 la libert\u00e9 bien longtemps. Au lendemain de la rocambolesque \u00e9vasion \u00e0 la prison&hellip;\n","protected":false},"author":2,"featured_media":564299,"comment_status":"","ping_status":"","sticky":false,"template":"","format":"standard","meta":{"footnotes":""},"categories":[2],"tags":[47,11,2719,2718,40709,17316,2930,3727,118,1011,27,5454,12,806,807,25,6003],"class_list":{"0":"post-564298","1":"post","2":"type-post","3":"status-publish","4":"format-standard","5":"has-post-thumbnail","7":"category-actualites","8":"tag-actualite","9":"tag-actualites","10":"tag-bourgogne","11":"tag-bourgogne-franche-comte","12":"tag-bri","13":"tag-detenus","14":"tag-dijon","15":"tag-evasion","16":"tag-faits-divers","17":"tag-fr","18":"tag-france","19":"tag-laurent-nunez","20":"tag-news","21":"tag-prison","22":"tag-prisonniers","23":"tag-republique-francaise","24":"tag-saone-et-loire"},"share_on_mastodon":{"url":"https:\/\/pubeurope.com\/@fr\/115626959220870832","error":""},"_links":{"self":[{"href":"https:\/\/www.europesays.com\/fr\/wp-json\/wp\/v2\/posts\/564298","targetHints":{"allow":["GET"]}}],"collection":[{"href":"https:\/\/www.europesays.com\/fr\/wp-json\/wp\/v2\/posts"}],"about":[{"href":"https:\/\/www.europesays.com\/fr\/wp-json\/wp\/v2\/types\/post"}],"author":[{"embeddable":true,"href":"https:\/\/www.europesays.com\/fr\/wp-json\/wp\/v2\/users\/2"}],"replies":[{"embeddable":true,"href":"https:\/\/www.europesays.com\/fr\/wp-json\/wp\/v2\/comments?post=564298"}],"version-history":[{"count":0,"href":"https:\/\/www.europesays.com\/fr\/wp-json\/wp\/v2\/posts\/564298\/revisions"}],"wp:featuredmedia":[{"embeddable":true,"href":"https:\/\/www.europesays.com\/fr\/wp-json\/wp\/v2\/media\/564299"}],"wp:attachment":[{"href":"https:\/\/www.europesays.com\/fr\/wp-json\/wp\/v2\/media?parent=564298"}],"wp:term":[{"taxonomy":"category","embeddable":true,"href":"https:\/\/www.europesays.com\/fr\/wp-json\/wp\/v2\/categories?post=564298"},{"taxonomy":"post_tag","embeddable":true,"href":"https:\/\/www.europesays.com\/fr\/wp-json\/wp\/v2\/tags?post=564298"}],"curies":[{"name":"wp","href":"https:\/\/api.w.org\/{rel}","templated":true}]}}