{"id":564314,"date":"2025-11-28T11:07:15","date_gmt":"2025-11-28T11:07:15","guid":{"rendered":"https:\/\/www.europesays.com\/fr\/564314\/"},"modified":"2025-11-28T11:07:15","modified_gmt":"2025-11-28T11:07:15","slug":"isabelle-ithurburu-emue-aux-larmes-dans-c-a-vous-ces-images-diff","status":"publish","type":"post","link":"https:\/\/www.europesays.com\/fr\/564314\/","title":{"rendered":"Isabelle Ithurburu \u00e9mue aux larmes dans C \u00e0 vous, ces images diff &#8230;"},"content":{"rendered":"<p>EN BREF<\/p>\n<ul class=\"bloc_resume_post_list\">\n<li>Isabelle Ithurburu est revenue sur son parcours et son<br \/>\narriv\u00e9e sur TF1.<\/li>\n<li>Des images diffus\u00e9es sur C \u00e0 vous ont provoqu\u00e9 une vive<br \/>\n\u00e9motion.<\/li>\n<li>Ses parents ont jou\u00e9 un r\u00f4le cl\u00e9 dans ce moment marquant<br \/>\nde sa carri\u00e8re.<\/li>\n<\/ul>\n<p data-start=\"252\" data-end=\"696\">De ses d\u00e9buts en tant que<br \/>\njournaliste sportive sur Canal +, \u00e0 son arriv\u00e9e sur TF1,<br \/>\n<strong>Isabelle Ithurburu est devenue un visage incontournable du<br \/>\npaysage audiovisuel fran\u00e7ais.<\/strong> Au fil des ann\u00e9es, la<br \/>\ncompagne de Maxim Nucci a explor\u00e9 d\u2019autres horizons et s\u2019est fait<br \/>\nun nom dans le milieu des people. Depuis qu\u2019elle est sur TF1, on la<br \/>\nretrouve notamment dans 50 min Inside, et plus r\u00e9cemment, dans<br \/>\n<a href=\"https:\/\/www.telestar.fr\/actu_tv\/star-a-domicile-des-pieges-isabelle-ithurburu-en-dit-plus-sur-le-retour-de-lemission-1746288\" target=\"_blank\" rel=\"noopener\"><br \/>\nStars \u00e0 domicile, un programme phare des ann\u00e9es 2000.<\/a><\/p>\n<p data-start=\"698\" data-end=\"954\">Jeudi 27 novembre, elle est<br \/>\nvenue sur le plateau de C \u00e0 vous pour parler de la reprise de cette<br \/>\n\u00e9mission. L\u00a0\u00bboccasion de faire le point sur sa carri\u00e8re et de se<br \/>\nrem\u00e9morer des moments cl\u00e9s. Mais la diffusion des images n\u2019a pas<br \/>\n\u00e9t\u00e9 simple pour la journaliste.<\/p>\n<p>Isabelle Ithurburu invit\u00e9e sur<br \/>\nC \u00e0 vous<\/p>\n<p data-start=\"997\" data-end=\"1647\">Ces derni\u00e8res ann\u00e9es, Isabelle<br \/>\nIthurburu n\u2019a cess\u00e9 de gravir les \u00e9chelons. Lors de l\u2019\u00e9t\u00e9 2025,<br \/>\nelle a m\u00eame succ\u00e9d\u00e9 \u00e0 Jacques Legros en tant qu<a href=\"https:\/\/www.telestar.fr\/actu_tv\/isabelle-ithurburu-apres-ses-cinq-semaines-a-la-tete-du-13-heures-enfin-lheure-des-vacances-pas-vraiment-1735148\" target=\"_blank\" rel=\"noopener\">e<br \/>\njoker du 13h.<\/a> Pourtant, rien n\u2019\u00e9tait gagn\u00e9 d\u2019avance :<br \/>\n\u201cC\u2019est l\u2019\u00e9quipe de Gilles<br \/>\nBouleau \u00e0 l\u2019\u00e9poque, qui m\u2019a dit qu\u2019ils allaient passer plein<br \/>\nd\u2019essais\u201d, se rappelle-t-elle, en expliquant qu\u2019\u00e0 cette<br \/>\n\u00e9poque, Jacques Legros songeait \u00e0 prendre plus de temps pour lui.<br \/>\n\u201cIls m\u2019ont dit que \u00e7a ne<br \/>\nco\u00fbtait rien. J\u2019y suis all\u00e9e en me disant \u2018mais quel rapport\u2019. Mais<br \/>\nj&rsquo;\u00e9tais quand m\u00eame contente de le faire, je l&rsquo;ai fait hyper<br \/>\ns\u00e9rieusement et je suis ravie aujourd&rsquo;hui\u201d, dit-elle avec un<br \/>\ngrand sourire aux l\u00e8vres.<\/p>\n<p data-start=\"1649\" data-end=\"1995\">Un sourire qui va rapidement<br \/>\ns\u2019effacer, lorsqu\u2019Anne-Elisabeth Lemoine va justement diffuser les<br \/>\nimages de <strong>sa premi\u00e8re pr\u00e9sentation du JT, le 14 juillet<br \/>\n2025,<\/strong> dont Isabelle Ithurburu garde un bon souvenir :<br \/>\n\u201cLe journalisme sportif \u00e7a<br \/>\naide pour \u00eatre pr\u00eat tr\u00e8s rapidement et puis une \u00e9quipe formidable<br \/>\nqui m&rsquo;a mise dans les meilleures conditions.\u201d<\/p>\n<p>C \u00e0<br \/>\nvous : \u00e9motion sur le plateau<\/p>\n<p data-start=\"2032\" data-end=\"2503\">Cependant, la journaliste va<br \/>\n\u00eatre prise par l\u2019\u00e9motion, lorsqu\u2019elle va voir les images d\u2019un<br \/>\nreportage, qui montre ses parents visionnant son premier JT :<br \/>\n\u201cVous avez grandi avec ce JT,<br \/>\nvous le regardez avec vos parents, vos parents qui sont vos<br \/>\npremiers fans, comme le prouve ce reportage le jour de votre<br \/>\nbapt\u00eame du feu\u201d, commente Anne-Elisabeth Lemoine, en pr\u00e9cisant<br \/>\n: \u201c<strong>Votre p\u00e8re qui<br \/>\n\u00e9tait vraiment \u00e9mu aux larmes quand il a appris que vous alliez<br \/>\npr\u00e9senter le 13h.<\/strong>\u201d<\/p>\n<p data-start=\"2505\" data-end=\"3151\"><a href=\"https:\/\/www.telestar.fr\/people\/isabelle-ithurburu-combien-a-t-elle-denfants-1731571\" target=\"_blank\" rel=\"noopener\"><br \/>\nLa m\u00e8re de Mia<\/a> ne reste pas de marbre en voyant la fiert\u00e9 dans<br \/>\nles yeux de ses parents : \u201c<strong>C\u2019est tellement mignon<\/strong>&#8230; Jean-Pierre<br \/>\nPernaut, je pense que pour lui, c&rsquo;\u00e9tait Jimi Hendrix.\u201d<br \/>\nD\u2019ailleurs, elle a beaucoup pens\u00e9 \u00e0 eux pour cette premi\u00e8re :<br \/>\n\u201cC&rsquo;est vrai que mon p\u00e8re<br \/>\n\u00e9tait un fan inconditionnel. Et puis, ils sont n\u00e9s tous les deux<br \/>\ndans une ferme. Ils \u00e9taient agriculteurs et ils sont partis pour<br \/>\nmonter une petite \u00e9picerie. Donc, c&rsquo;\u00e9tait vraiment la France \u00e0<br \/>\nlaquelle on parle dans le 13h. Je l&rsquo;ai ressenti en l&rsquo;\u00e9crivant<br \/>\napr\u00e8s. D&rsquo;ailleurs, \u00e0 chaque fois, je me disais, parle-leur \u00e0 eux,<br \/>\n\u00e7a va le faire. Si tu t&rsquo;adresses \u00e0 eux, c&rsquo;est bon.\u201d<\/p>\n","protected":false},"excerpt":{"rendered":"EN BREF Isabelle Ithurburu est revenue sur son parcours et son arriv\u00e9e sur TF1. Des images diffus\u00e9es sur&hellip;\n","protected":false},"author":2,"featured_media":564315,"comment_status":"","ping_status":"","sticky":false,"template":"","format":"standard","meta":{"footnotes":""},"categories":[1359],"tags":[548,5632,58,59,1011,27,6975,973],"class_list":{"0":"post-564314","1":"post","2":"type-post","3":"status-publish","4":"format-standard","5":"has-post-thumbnail","7":"category-people","8":"tag-article-simple","9":"tag-c-a-vous","10":"tag-divertissement","11":"tag-entertainment","12":"tag-fr","13":"tag-france","14":"tag-isabelle-ithurburu","15":"tag-people"},"share_on_mastodon":{"url":"https:\/\/pubeurope.com\/@fr\/115627009283749422","error":""},"_links":{"self":[{"href":"https:\/\/www.europesays.com\/fr\/wp-json\/wp\/v2\/posts\/564314","targetHints":{"allow":["GET"]}}],"collection":[{"href":"https:\/\/www.europesays.com\/fr\/wp-json\/wp\/v2\/posts"}],"about":[{"href":"https:\/\/www.europesays.com\/fr\/wp-json\/wp\/v2\/types\/post"}],"author":[{"embeddable":true,"href":"https:\/\/www.europesays.com\/fr\/wp-json\/wp\/v2\/users\/2"}],"replies":[{"embeddable":true,"href":"https:\/\/www.europesays.com\/fr\/wp-json\/wp\/v2\/comments?post=564314"}],"version-history":[{"count":0,"href":"https:\/\/www.europesays.com\/fr\/wp-json\/wp\/v2\/posts\/564314\/revisions"}],"wp:featuredmedia":[{"embeddable":true,"href":"https:\/\/www.europesays.com\/fr\/wp-json\/wp\/v2\/media\/564315"}],"wp:attachment":[{"href":"https:\/\/www.europesays.com\/fr\/wp-json\/wp\/v2\/media?parent=564314"}],"wp:term":[{"taxonomy":"category","embeddable":true,"href":"https:\/\/www.europesays.com\/fr\/wp-json\/wp\/v2\/categories?post=564314"},{"taxonomy":"post_tag","embeddable":true,"href":"https:\/\/www.europesays.com\/fr\/wp-json\/wp\/v2\/tags?post=564314"}],"curies":[{"name":"wp","href":"https:\/\/api.w.org\/{rel}","templated":true}]}}