{"id":564316,"date":"2025-11-28T11:08:23","date_gmt":"2025-11-28T11:08:23","guid":{"rendered":"https:\/\/www.europesays.com\/fr\/564316\/"},"modified":"2025-11-28T11:08:23","modified_gmt":"2025-11-28T11:08:23","slug":"marcigny-les-amis-du-centre-dart-contemporain-tirent-la-sonnette-dalarme","status":"publish","type":"post","link":"https:\/\/www.europesays.com\/fr\/564316\/","title":{"rendered":"Marcigny. Les amis du centre d\u2019art contemporain tirent la sonnette d\u2019alarme"},"content":{"rendered":"<p>\u00ab\u00a0Si rien ne se passe avant la fin de l\u2019ann\u00e9e, le centre d\u2019art risque de fermer ses portes. On souhaite en informer la population.\u00a0\u00bb Secr\u00e9taire des Amis du CAC Frank-Popper, Philippe Sicard ne cache pas son inqui\u00e9tude. Depuis des mois, lui et les membres de l\u2019association, dont le but est notamment de soutenir financi\u00e8rement la structure, tentent d\u00e9sesp\u00e9r\u00e9ment de trouver des solutions. Car ces derni\u00e8res ann\u00e9es, les subventions publiques se sont r\u00e9duites comme peau de chagrin. Seul le D\u00e9partement joue encore le jeu avec une aide annuelle de 13\u00a0000\u00a0\u20ac. Tr\u00e8s loin des plus de 60\u00a0000\u00a0\u20ac que le centre d\u2019art cumulait au milieu des ann\u00e9es 2010 de la part de ses diff\u00e9rents partenaires.<\/p>\n<p>Face \u00e0 ce manque de soutien financier, c\u2019est donc tout l\u2019\u00e9quilibre du CAC qui est aujourd\u2019hui remis en question. \u00ab\u00a0Difficile de maintenir des expositions et des actions p\u00e9dagogiques de qualit\u00e9, d\u2019autant que, au regard de leur \u00e2ge, les deux fondateurs Franz Spath et Georges Silva ne peuvent plus s\u2019y consacrer&#8230;<\/p>\n","protected":false},"excerpt":{"rendered":"\u00ab\u00a0Si rien ne se passe avant la fin de l\u2019ann\u00e9e, le centre d\u2019art risque de fermer ses portes.&hellip;\n","protected":false},"author":2,"featured_media":564317,"comment_status":"","ping_status":"","sticky":false,"template":"","format":"standard","meta":{"footnotes":""},"categories":[1358],"tags":[1348,1384,1385,1687,1386,58,3895,59,2271,107,1011,27,58161,58162],"class_list":{"0":"post-564316","1":"post","2":"type-post","3":"status-publish","4":"format-standard","5":"has-post-thumbnail","7":"category-arts-et-design","8":"tag-arts","9":"tag-arts-and-design","10":"tag-arts-et-design","11":"tag-culture-loisirs","12":"tag-design","13":"tag-divertissement","14":"tag-edition-charolais-brionnais","15":"tag-entertainment","16":"tag-exposition-arts-plastiques","17":"tag-fil-info","18":"tag-fr","19":"tag-france","20":"tag-marcigny","21":"tag-marcigny-bassin"},"share_on_mastodon":{"url":"https:\/\/pubeurope.com\/@fr\/115627013129307059","error":""},"_links":{"self":[{"href":"https:\/\/www.europesays.com\/fr\/wp-json\/wp\/v2\/posts\/564316","targetHints":{"allow":["GET"]}}],"collection":[{"href":"https:\/\/www.europesays.com\/fr\/wp-json\/wp\/v2\/posts"}],"about":[{"href":"https:\/\/www.europesays.com\/fr\/wp-json\/wp\/v2\/types\/post"}],"author":[{"embeddable":true,"href":"https:\/\/www.europesays.com\/fr\/wp-json\/wp\/v2\/users\/2"}],"replies":[{"embeddable":true,"href":"https:\/\/www.europesays.com\/fr\/wp-json\/wp\/v2\/comments?post=564316"}],"version-history":[{"count":0,"href":"https:\/\/www.europesays.com\/fr\/wp-json\/wp\/v2\/posts\/564316\/revisions"}],"wp:featuredmedia":[{"embeddable":true,"href":"https:\/\/www.europesays.com\/fr\/wp-json\/wp\/v2\/media\/564317"}],"wp:attachment":[{"href":"https:\/\/www.europesays.com\/fr\/wp-json\/wp\/v2\/media?parent=564316"}],"wp:term":[{"taxonomy":"category","embeddable":true,"href":"https:\/\/www.europesays.com\/fr\/wp-json\/wp\/v2\/categories?post=564316"},{"taxonomy":"post_tag","embeddable":true,"href":"https:\/\/www.europesays.com\/fr\/wp-json\/wp\/v2\/tags?post=564316"}],"curies":[{"name":"wp","href":"https:\/\/api.w.org\/{rel}","templated":true}]}}