{"id":564318,"date":"2025-11-28T11:10:22","date_gmt":"2025-11-28T11:10:22","guid":{"rendered":"https:\/\/www.europesays.com\/fr\/564318\/"},"modified":"2025-11-28T11:10:22","modified_gmt":"2025-11-28T11:10:22","slug":"dans-le-meilleur-patissier-ce-gateau-statue-a-bluffe-ce-chef-specialiste-des-trompe-loeil","status":"publish","type":"post","link":"https:\/\/www.europesays.com\/fr\/564318\/","title":{"rendered":"Dans \u00ab\u00a0Le Meilleur P\u00e2tissier\u00a0\u00bb, ce g\u00e2teau-statue a bluff\u00e9 ce chef sp\u00e9cialiste des trompe-l\u2019\u0153il"},"content":{"rendered":"<p>        <img decoding=\"async\" loading=\"lazy\" src=\"https:\/\/www.europesays.com\/fr\/wp-content\/uploads\/2025\/11\/931e926_upload-1-g66ewei8cyne-beauty-gateau-adrien-cote-2.jpg\"  width=\"728\" height=\"410\" alt=\"Le g\u00e2teau buste d\u2019Adrien dan la demi-finale du \u00ab\u00a0Meilleur P\u00e2tissier \u00a0\u00bb saison 14\"\/>  <\/p>\n<p>M6<\/p>\n<p>Le g\u00e2teau buste d\u2019Adrien dan la demi-finale du \u00ab\u00a0Meilleur P\u00e2tissier \u00a0\u00bb saison 14<\/p>\n<p class=\"asset asset-text\">R\u00e9aliste \u00e0 s\u2019y m\u00e9prendre. <a href=\"https:\/\/www.huffingtonpost.fr\/divertissement\/article\/dans-l-amour-est-dans-le-pre-pierrick-raconte-avoir-ete-manipule-m6-prend-une-decision-radicale_257499.html\" target=\"_blank\" rel=\"noopener\">M6\u00a0<\/a>diffusait ce jeudi 27\u00a0novembre l\u2019une des toutes derni\u00e8res \u00e9missions de la <a href=\"https:\/\/www.huffingtonpost.fr\/divertissement\/article\/dans-le-meilleur-patissier-mercotte-n-avait-jamais-vu-un-gateau-aussi-parfait-lors-de-son-epreuve_256091.html\" target=\"_blank\" rel=\"noopener\">saison 14\u00a0du concours de p\u00e2tisserie<\/a>. Le chef Julien Dugourd, sp\u00e9cialiste des trompe-l\u2019\u0153il et jur\u00e9 sp\u00e9cial de cette demi-finale du <a href=\"https:\/\/www.huffingtonpost.fr\/divertissement\/article\/le-meilleur-patissier-ce-gateau-feerique-de-marcotte-s-est-transforme-en-cauchemar-pour-les-candidats_256613.html\" target=\"_blank\" rel=\"noopener\">Meilleur P\u00e2tissier<\/a>, a \u00e9t\u00e9 particuli\u00e8rement impressionn\u00e9 par la r\u00e9alisation d\u2019Adrien, un buste d\u2019Alexandre le Grand criant de r\u00e9aliste.<\/p>\n<p class=\"asset asset-text\">Ils sont encore quatre \u00e0 esp\u00e9rer remporter le titre de \u00ab\u00a0meilleur p\u00e2tissier 2025\u00a0\u00bb, et parmi eux, Adrien. Le candidat de 41\u00a0ans originaire de Salon-de-Provence est encore dans la course, et c\u2019est gr\u00e2ce \u00e0 une statue qu\u2019il le doit \u2013 enfin, presque.<\/p>\n<p class=\"asset asset-text\">Ce 27\u00a0novembre, les quatre derniers p\u00e2tissiers ont \u00e9t\u00e9 confront\u00e9s, dans la premi\u00e8re demi-finale, \u00e0 trois \u00e9preuves successives leur permettant chacune de remporter un c\u0153ur. Les deux premiers candidats \u00e0 remporter deux c\u0153urs auront l\u2019assurance d\u2019aller en finale.<\/p>\n<p class=\"asset asset-text\">Adrien a remport\u00e9 haut la main la troisi\u00e8me \u00e9preuve de la soir\u00e9e d\u00e9di\u00e9e aux trompe-l\u2019\u0153il. Le candidat a choisi de faire une reproduction d\u2019un buste antique d\u2019Alexandre le Grand. Premi\u00e8re victoire, la statue d\u2019Adrien a \u00e9t\u00e9 le dernier des quatre g\u00e2teaux \u00e0 \u00eatre rep\u00e9r\u00e9 dans le d\u00e9cor par Mercotte, Cyril Lignac et Julien Dugourd, apr\u00e8s l\u2019abat-jour, le diffuseur et le cadre photo.<\/p>\n<p> La lecture de ce contenu est susceptible d\u2019entra\u00eener un d\u00e9p\u00f4t de cookies de la part de l\u2019op\u00e9rateur tiers qui l\u2019h\u00e9berge. Compte-tenu des choix que vous avez exprim\u00e9s en mati\u00e8re de d\u00e9p\u00f4t de cookies, nous avons bloqu\u00e9 l\u2019affichage de ce contenu. Si vous souhaitez y acc\u00e9der, vous devez accepter la cat\u00e9gorie de cookies \u201cContenus tiers\u201d en cliquant sur le bouton ci-dessous. <\/p>\n<p> Lire la Vid\u00e9o        <\/p>\n<p class=\"asset asset-text\">\u00ab\u00a0Quand je l\u2019ai vu sur l\u2019\u00e9tag\u00e8re, j\u2019ai cru que c\u2019\u00e9tait un vrai\u00a0\u00bb, s\u2019est exclam\u00e9 Julien Dugourd, avant d\u2019\u00eatre valid\u00e9 par Cyril Lignac \u00ab\u00a0C\u2019est vrai, c\u2019est bluffant de r\u00e9alisme, vraiment un buste sorti d\u2019un mus\u00e9e. De loin, je voyais que \u00e7a brillait dessous, mais sinon, tu te fais avoir.\u00a0\u00bb<\/p>\n<p class=\"asset asset-text\">La recette \u00e9galement a conquis les jur\u00e9s. Adrien avait choisi de dissimuler dans son buste un pain de G\u00eanes \u00e0 la pistache et \u00e0 la framboise avec une ganache \u00e0 la vanille, une compot\u00e9e de framboises et un croustillant \u00e0 la pistache. Le tout \u00e9videmment camoufl\u00e9 sous une coque en chocolat blanc teint\u00e9.<\/p>\n<p class=\"asset asset-text\">\u00ab\u00a0Le pain de G\u00eanes \u00e0 la framboise et pistache, il est tr\u00e8s beau, moelleux, chaque \u00e9l\u00e9ment est vraiment tr\u00e8s bon\u00a0\u00bb, commente Mercotte. Avant de souligner un seul d\u00e9faut\u00a0: \u00ab\u00a0un peu trop de cr\u00e8me\u00a0\u00bb. Un avis partag\u00e9 par Julien Dugourd \u00ab\u00a0Un tr\u00e8s, tr\u00e8s bon g\u00e2teau, un peu trop de mousse. On aurait eu plus de fruit, un peu plus de m\u00e2che, \u00e7a aurait \u00e9t\u00e9 le g\u00e2teau parfait.\u00a0Mais dans cette forme, c\u2019est d\u00e9j\u00e0 exceptionnel. Moi-m\u00eame, je ne sais pas si j\u2019aurai \u00e9t\u00e9 capable de faire quelque chose de ce niveau-l\u00e0.\u00a0\u00bb<\/p>\n<p class=\"asset asset-text\">Le g\u00e2teau d\u2019Adrien a aussi \u00e9t\u00e9 salu\u00e9 par les internautes. \u00ab\u00a0Oh, c\u2019\u00e9tait clairement le plus beau\u00a0\u00bb, \u00ab\u00a0Victoire tellement m\u00e9rit\u00e9e\u00a0\u00bb, \u00ab\u00a0Adrien c\u2019est le champion\u00a0\u00bb, \u00ab\u00a0Adrien a prouv\u00e9 qu\u2019il m\u00e9rite amplement sa place en demi-finale\u00a0\u00bb, peut-on notamment lire sur X (anciennement Twitter).<\/p>\n<p class=\"asset asset-text\">Cette statue a permis \u00e0 Adrien de remporter un c\u0153ur et, in extremis, son tout premier top de la saison. Un retour en fanfare dans l\u2019\u00e9mission pour celui qui, apr\u00e8s avoir \u00e9t\u00e9 \u00e9limin\u00e9, avait pu regagner sa place sous la tente juste \u00e0 temps pour le quart de finale, en remportant la comp\u00e9tition parall\u00e8le anim\u00e9e par No\u00e9mie Honiat et Mohamed.<\/p>\n","protected":false},"excerpt":{"rendered":"M6 Le g\u00e2teau buste d\u2019Adrien dan la demi-finale du \u00ab\u00a0Meilleur P\u00e2tissier \u00a0\u00bb saison 14 R\u00e9aliste \u00e0 s\u2019y m\u00e9prendre.&hellip;\n","protected":false},"author":2,"featured_media":564319,"comment_status":"","ping_status":"","sticky":false,"template":"","format":"standard","meta":{"footnotes":""},"categories":[1356],"tags":[58,11778,59,1011,27,38532,494,252,68025,1364],"class_list":{"0":"post-564318","1":"post","2":"type-post","3":"status-publish","4":"format-standard","5":"has-post-thumbnail","7":"category-television","8":"tag-divertissement","9":"tag-emission-tv","10":"tag-entertainment","11":"tag-fr","12":"tag-france","13":"tag-le-meilleur-patissier","14":"tag-m6","15":"tag-television","16":"tag-trompe-l-oeil","17":"tag-tv"},"share_on_mastodon":{"url":"https:\/\/pubeurope.com\/@fr\/115627022057219036","error":""},"_links":{"self":[{"href":"https:\/\/www.europesays.com\/fr\/wp-json\/wp\/v2\/posts\/564318","targetHints":{"allow":["GET"]}}],"collection":[{"href":"https:\/\/www.europesays.com\/fr\/wp-json\/wp\/v2\/posts"}],"about":[{"href":"https:\/\/www.europesays.com\/fr\/wp-json\/wp\/v2\/types\/post"}],"author":[{"embeddable":true,"href":"https:\/\/www.europesays.com\/fr\/wp-json\/wp\/v2\/users\/2"}],"replies":[{"embeddable":true,"href":"https:\/\/www.europesays.com\/fr\/wp-json\/wp\/v2\/comments?post=564318"}],"version-history":[{"count":0,"href":"https:\/\/www.europesays.com\/fr\/wp-json\/wp\/v2\/posts\/564318\/revisions"}],"wp:featuredmedia":[{"embeddable":true,"href":"https:\/\/www.europesays.com\/fr\/wp-json\/wp\/v2\/media\/564319"}],"wp:attachment":[{"href":"https:\/\/www.europesays.com\/fr\/wp-json\/wp\/v2\/media?parent=564318"}],"wp:term":[{"taxonomy":"category","embeddable":true,"href":"https:\/\/www.europesays.com\/fr\/wp-json\/wp\/v2\/categories?post=564318"},{"taxonomy":"post_tag","embeddable":true,"href":"https:\/\/www.europesays.com\/fr\/wp-json\/wp\/v2\/tags?post=564318"}],"curies":[{"name":"wp","href":"https:\/\/api.w.org\/{rel}","templated":true}]}}