{"id":564324,"date":"2025-11-28T11:13:18","date_gmt":"2025-11-28T11:13:18","guid":{"rendered":"https:\/\/www.europesays.com\/fr\/564324\/"},"modified":"2025-11-28T11:13:18","modified_gmt":"2025-11-28T11:13:18","slug":"grippe-lepidemie-demarre-en-france-faut-il-sinquieter","status":"publish","type":"post","link":"https:\/\/www.europesays.com\/fr\/564324\/","title":{"rendered":"Grippe : l\u2019\u00e9pid\u00e9mie d\u00e9marre en France, faut-il s\u2019inqui\u00e9ter ?"},"content":{"rendered":"<p>             <a href=\"https:\/\/ma-sante.news\/wp-content\/uploads\/2025\/11\/Lepidemie-de-grippe-debute-dans-lHexagone-ou-en-est-vraiment-la-France-Ma-Sante-.jpg\" data-caption=\"N&#039;attendez pas le d\u00e9but de l&#039;\u00e9pid\u00e9mie pour vous faire vacciner ! \u00a9 Freepik\" target=\"_blank\" rel=\"noopener\"><img loading=\"lazy\" decoding=\"async\" width=\"696\" height=\"464\" class=\"entry-thumb td-modal-image ewww_webp_lazy_load\" src=\"data:image\/svg+xml,%3Csvg%20xmlns=\" http:=\"\" data-lazy- data-lazy- alt=\"La grippe fait son grand retour dans le paysage hivernal.\" title=\"L\u2019e\u0301pide\u0301mie de grippe de\u0301bute dans l\u2019Hexagone ou\u0300 en est vraiment la France Ma Sante\u0301\" data-lazy-src=\"https:\/\/www.europesays.com\/fr\/wp-content\/uploads\/2025\/11\/Lepidemie-de-grippe-debute-dans-lHexagone-ou-en-est-vraiment-la-France-Ma-Sante--696x464.jpg\" data-lazy-src-webp=\"https:\/\/www.europesays.com\/fr\/wp-content\/uploads\/2025\/11\/Lepidemie-de-grippe-debute-dans-lHexagone-ou-en-est-vraiment-la-France-Ma-Sante--696x464.jpg.webp\" data-lazy-srcset-webp=\"https:\/\/www.europesays.com\/fr\/wp-content\/uploads\/2025\/11\/Lepidemie-de-grippe-debute-dans-lHexagone-ou-en-est-vraiment-la-France-Ma-Sante--696x464.jpg.webp 696w, https:\/\/ma-sante.news\/wp-content\/uploads\/2025\/11\/Lepidemie-de-grippe-debute-dans-lHexagone-ou-en-est-vraiment-la-France-Ma-Sante--300x200.jpg.webp 300w, https:\/\/ma-sante.news\/wp-content\/uploads\/2025\/11\/Lepidemie-de-grippe-debute-dans-lHexagone-ou-en-est-vraiment-la-France-Ma-Sante--768x512.jpg.webp 768w, https:\/\/ma-sante.news\/wp-content\/uploads\/2025\/11\/Lepidemie-de-grippe-debute-dans-lHexagone-ou-en-est-vraiment-la-France-Ma-Sante--630x420.jpg.webp 630w, https:\/\/ma-sante.news\/wp-content\/uploads\/2025\/11\/Lepidemie-de-grippe-debute-dans-lHexagone-ou-en-est-vraiment-la-France-Ma-Sante-.jpg.webp 799w\"\/><\/a>N&rsquo;attendez pas le d\u00e9but de l&rsquo;\u00e9pid\u00e9mie pour vous faire vacciner ! \u00a9 Freepik                                    \t\t\t             <a class=\"gofollow\" data-track=\"MjgsMCw2MA==\" href=\"https:\/\/ma-sante.news\/inscrivez-vous-a-notre-newsletter\/\" target=\"_blank\" rel=\"noopener\"><img loading=\"lazy\" decoding=\"async\" width=\"1068\" height=\"131\" src=\"data:image\/svg+xml,%3Csvg%20xmlns=\" http:=\"\" data-lazy-src=\"https:\/\/www.europesays.com\/fr\/wp-content\/uploads\/2025\/03\/banniere-newsletter.png\"\/><\/a> <\/p>\n<p>L\u2019Hexagone entre dans la p\u00e9riode critique o\u00f9 les virus respiratoires s\u2019entrem\u00ealent, avec<a href=\"https:\/\/ma-sante.news\/une-nouvelle-variante-de-grippe-a-h3n2-doit-on-etre-inquiet\/\" target=\"_blank\" rel=\"noopener\"> l\u2019arriv\u00e9e d\u2019une nouvelle souche du virus H3N2<\/a>. Selon le bulletin de Sant\u00e9 publique France (SPF), l\u2019\u00cele-de-France, la Normandie et la Nouvelle-Aquitaine sont d\u00e9sormais en phase pr\u00e9-\u00e9pid\u00e9mique. Plus loin, Mayotte a d\u00e9j\u00e0 bascul\u00e9 en phase \u00e9pid\u00e9mique de grippe depuis plusieurs semaines.<\/p>\n<p>Dans le reste du territoire, les indicateurs sont d\u00e9crits comme \u00ab \u00e0 leur niveau de base \u00bb, mais en progression. La France n\u2019est donc pas encore en pleine \u00e9pid\u00e9mie, mais la dynamique laisse peu de place au doute.<\/p>\n<p>Les consultations pour infections respiratoires aigu\u00ebs (IRA) atteignent environ 165 cas pour 100 000 habitants en semaine 47, un niveau consid\u00e9r\u00e9 comme classique pour la saison. L\u2019\u00e9pid\u00e9mie n\u2019est donc pas g\u00e9n\u00e9ralis\u00e9e\u2026 mais le moteur chauffe.<\/p>\n<p>        Grippe : le poids de l\u2019hiver pr\u00e9c\u00e9dent plane encore    <\/p>\n<p>S\u2019il existe aujourd\u2019hui une prudence dans les propos des \u00e9pid\u00e9miologistes, c\u2019est que la saison 2024-2025 a marqu\u00e9 les esprits.<\/p>\n<p>Ce n\u2019\u00e9tait pas seulement une \u00ab grosse grippe \u00bb. La saison derni\u00e8re a \u00e9t\u00e9 marqu\u00e9e par <a href=\"https:\/\/ma-sante.news\/grippe-2025-pic-epidemie-attendu-dans-quelques-jours\/\" target=\"_blank\" rel=\"noopener\">une co-circulation in\u00e9dite de trois virus grippaux<\/a> : A(H1N1)pdm09, A(H3N2) et B\/Victoria, une premi\u00e8re depuis plus de dix ans.<\/p>\n<p>Et r\u00e9sultats, une pression hospitali\u00e8re r\u00e9partie sur toutes les classes d\u2019\u00e2ge,<a href=\"https:\/\/ma-sante.news\/epidemie-de-grippe-forte-hausse-des-cas-chez-les-enfants\/\" target=\"_blank\" rel=\"noopener\"> des enfants<\/a> aux seniors.<\/p>\n<p>        \u00c9pid\u00e9mie de grippe : que montrent les indicateurs actuels ?\u00a0    <strong>Une circulation encore mod\u00e9r\u00e9e, mais sous surveillance<\/strong>    <\/p>\n<p>Pour l\u2019instant, la grippe ne d\u00e9ferle pas sur la France. Les donn\u00e9es de Sant\u00e9 publique France et du r\u00e9seau Sentinelles indiquent une activit\u00e9 encore modeste, mais les courbes suivent une tendance que les \u00e9pid\u00e9miologistes ne connaissent que trop bien.<\/p>\n<p>Comme chaque d\u00e9but d\u2019hiver, la maladie s\u2019installe d\u2019abord dans le paysage viral de mani\u00e8re diffuse, avant de potentiellement acc\u00e9l\u00e9rer.<\/p>\n<p>        <strong>Les infections respiratoires aigu\u00ebs en hausse<\/strong>    <\/p>\n<p>Le premier signal, visible dans les cabinets m\u00e9dicaux, est la progression des infections respiratoires aigu\u00ebs (IRA). Les m\u00e9decins re\u00e7oivent davantage d\u2019enfants f\u00e9briles, congestionn\u00e9s, toussant davantage que les semaines pr\u00e9c\u00e9dentes.\u00a0<\/p>\n<p>Rien qui ressemble \u00e0 une flamb\u00e9e pour le moment, mais une hausse r\u00e9guli\u00e8re, suffisamment nette pour indiquer que les virus respiratoires s\u2019activent. Ce n\u2019est pas encore de la grippe \u00e0 grande \u00e9chelle, mais cette agitation virale cr\u00e9e un environnement propice \u00e0 sa mont\u00e9e en puissance.<\/p>\n<p>        <strong>Un paysage viral d\u00e9j\u00e0 tr\u00e8s charg\u00e9<\/strong>    <\/p>\n<p>L\u2019hiver 2025-2026 se caract\u00e9rise aussi par une co-circulation virale dense. Les rhinovirus restent omnipr\u00e9sents, la bronchiolite du nourrisson continue d\u2019alimenter des passages aux urgences p\u00e9diatriques, et <a href=\"https:\/\/ma-sante.news\/covid-19-quelle-region-francaise-est-la-plus-touchee-en-ce-moment\/\" target=\"_blank\" rel=\"noopener\">le Covid-19 circule toujours par vagues irr\u00e9guli\u00e8res.<\/a> \u00c0 ces virus d\u00e9j\u00e0 bien install\u00e9s s\u2019ajoutent d\u00e9sormais les premiers cas confirm\u00e9s de grippe.<\/p>\n<p>Ce m\u00e9lange complique la t\u00e2che des m\u00e9decins. Les sympt\u00f4mes se superposent, les diagnostics s\u2019entrecroisent et la fr\u00e9quentation des cabinets augmente m\u00e9caniquement. Dans ce brouhaha viral, la grippe peut trouver l\u2019occasion d\u2019acc\u00e9l\u00e9rer plus vite qu\u2019on ne le croit.<\/p>\n<p>        La vaccination contre la grippe : une arme simple mais sous-utilis\u00e9e    <\/p>\n<p><a href=\"https:\/\/ma-sante.news\/vaccination-contre-la-grippe-et-le-covid-19-faut-savoir-sur-la-campagne-automne-2025\/\" target=\"_blank\" rel=\"noopener\">La campagne vaccinale 2025-2026, lanc\u00e9e mi-octobre<\/a>, cible prioritairement :<\/p>\n<p>Pour rappel, la grippe provoque chaque ann\u00e9e en France entre 2 et 6 millions d\u2019infections, autour de 9 000 d\u00e9c\u00e8s, et plus de 20 000 hospitalisations en moyenne selon Sant\u00e9 publique France et l\u2019Institut Pasteur.<\/p>\n<p>Or, <a href=\"https:\/\/ma-sante.news\/epidemie-de-grippe-une-trop-faible-couverture-vaccinale-pour-contrer-le-virus\/\" target=\"_blank\" rel=\"noopener\">la couverture vaccinale reste toujours tr\u00e8s insuffisante.<\/a> Autour de 45 % seulement chez les personnes cibl\u00e9es la saison derni\u00e8re, bien en dessous des objectifs. Une fragilit\u00e9 collective qui p\u00e8se lourd lorsque les virus circulent t\u00f4t. <a href=\"https:\/\/ma-sante.news\/grippe-la-france-renforce-sa-vaccination-pour-eviter-un-nouvel-hiver-meurtrier\/\" target=\"_blank\" rel=\"noopener\">La france compte bien renforcer la vaccination pour cet hiver<\/a>. <\/p>\n<p>        \u00c9pid\u00e9mie de grippe : faut-il s\u2019inqui\u00e9ter pour les semaines \u00e0 venir ?    <\/p>\n<p>Pas de panique, mais pas de rel\u00e2chement. Les donn\u00e9es actuelles ne sugg\u00e8rent pas une \u00e9pid\u00e9mie d\u2019une ampleur exceptionnelle, pas encore. Mais les ingr\u00e9dients d\u2019une hausse notable sont r\u00e9unis :<\/p>\n<ul class=\"wp-block-list\">\n<li>un froid pr\u00e9coce,<\/li>\n<li>des rassemblements de fin d\u2019ann\u00e9e,<\/li>\n<li>une couverture vaccinale imparfaite,<\/li>\n<li>une progression d\u00e9j\u00e0 tangible dans trois r\u00e9gions,<\/li>\n<li>et le pr\u00e9c\u00e9dent d\u2019un hiver 2024-2025 inhabituellement s\u00e9v\u00e8re.<\/li>\n<\/ul>\n<p>Les \u00e9pid\u00e9miologistes rappellent que le passage en \u00e9pid\u00e9mie peut survenir rapidement. En une \u00e0 deux semaines, si la circulation s\u2019intensifie.<\/p>\n<blockquote class=\"wp-block-quote is-layout-flow wp-block-quote-is-layout-flow\">\n<p><strong>\u00c0 SAVOIR<\/strong><\/p>\n<p>Selon Sant\u00e9 publique France, le virus A(H3N2) fait partie des souches majoritaires en ce d\u00e9but de saison, aux c\u00f4t\u00e9s du A(H1N1). Les variants d\u00e9tect\u00e9s, dont les souches H3N2 actuellement en circulation, correspondent bien \u00e0 ceux int\u00e9gr\u00e9s dans le vaccin 2025-2026.<\/p>\n<\/blockquote>\n<p>  <a class=\"gofollow\" data-track=\"MTIsMCw2MA==\" href=\"https:\/\/ma-sante.news\/annonceurs\/\" target=\"_blank\" rel=\"noopener\"><img loading=\"lazy\" decoding=\"async\" width=\"2560\" height=\"2133\" src=\"data:image\/svg+xml,%3Csvg%20xmlns=\" http:=\"\" data-lazy-src=\"https:\/\/www.europesays.com\/fr\/wp-content\/uploads\/2025\/03\/pub-annonceurs-4-scaled.jpg\"\/><\/a>    <img loading=\"lazy\" decoding=\"async\" width=\"755\" height=\"495\" src=\"data:image\/svg+xml,%3Csvg%20xmlns=\" http:=\"\" data-lazy-src=\"https:\/\/www.europesays.com\/fr\/wp-content\/uploads\/2025\/03\/Image1.jpg\" data-lazy-src-webp=\"https:\/\/www.europesays.com\/fr\/wp-content\/uploads\/2025\/03\/Image1.jpg.webp\" class=\"ewww_webp_lazy_load\"\/>Inscrivez-vous \u00e0 notre newsletter <br \/>Ma Sant\u00e9                      <\/p>\n","protected":false},"excerpt":{"rendered":"N&rsquo;attendez pas le d\u00e9but de l&rsquo;\u00e9pid\u00e9mie pour vous faire vacciner ! \u00a9 Freepik L\u2019Hexagone entre dans la p\u00e9riode&hellip;\n","protected":false},"author":2,"featured_media":564325,"comment_status":"","ping_status":"","sticky":false,"template":"","format":"standard","meta":{"footnotes":""},"categories":[10],"tags":[1011,27,72,71,10655,148],"class_list":{"0":"post-564324","1":"post","2":"type-post","3":"status-publish","4":"format-standard","5":"has-post-thumbnail","7":"category-sante","8":"tag-fr","9":"tag-france","10":"tag-health","11":"tag-sante","12":"tag-u00e9pidu00e9mie-grippe","13":"tag-vaccination"},"share_on_mastodon":{"url":"https:\/\/pubeurope.com\/@fr\/115627036315588520","error":""},"_links":{"self":[{"href":"https:\/\/www.europesays.com\/fr\/wp-json\/wp\/v2\/posts\/564324","targetHints":{"allow":["GET"]}}],"collection":[{"href":"https:\/\/www.europesays.com\/fr\/wp-json\/wp\/v2\/posts"}],"about":[{"href":"https:\/\/www.europesays.com\/fr\/wp-json\/wp\/v2\/types\/post"}],"author":[{"embeddable":true,"href":"https:\/\/www.europesays.com\/fr\/wp-json\/wp\/v2\/users\/2"}],"replies":[{"embeddable":true,"href":"https:\/\/www.europesays.com\/fr\/wp-json\/wp\/v2\/comments?post=564324"}],"version-history":[{"count":0,"href":"https:\/\/www.europesays.com\/fr\/wp-json\/wp\/v2\/posts\/564324\/revisions"}],"wp:featuredmedia":[{"embeddable":true,"href":"https:\/\/www.europesays.com\/fr\/wp-json\/wp\/v2\/media\/564325"}],"wp:attachment":[{"href":"https:\/\/www.europesays.com\/fr\/wp-json\/wp\/v2\/media?parent=564324"}],"wp:term":[{"taxonomy":"category","embeddable":true,"href":"https:\/\/www.europesays.com\/fr\/wp-json\/wp\/v2\/categories?post=564324"},{"taxonomy":"post_tag","embeddable":true,"href":"https:\/\/www.europesays.com\/fr\/wp-json\/wp\/v2\/tags?post=564324"}],"curies":[{"name":"wp","href":"https:\/\/api.w.org\/{rel}","templated":true}]}}