{"id":564330,"date":"2025-11-28T11:17:16","date_gmt":"2025-11-28T11:17:16","guid":{"rendered":"https:\/\/www.europesays.com\/fr\/564330\/"},"modified":"2025-11-28T11:17:16","modified_gmt":"2025-11-28T11:17:16","slug":"black-friday-iphone-cest-sur-on-a-atteint-les-prix-les-plus-bas-sur-liphone-17-liphone-16-liphone-15-linternaute-com","status":"publish","type":"post","link":"https:\/\/www.europesays.com\/fr\/564330\/","title":{"rendered":"Black Friday iPhone : c&#039;est s\u00fbr, on a atteint les prix les plus bas sur l&#039;iPhone 17, l&#039;iPhone 16, l&#039;iPhone 15&#8230; &#8211; Linternaute.com"},"content":{"rendered":"<ol>\n<li><a href=\"https:\/\/news.google.com\/rss\/articles\/CBMi-gFBVV95cUxNWHBPalVjTGxVRFRBTUp5cXBQVnlHdFktZ1VuSzFSS2pXM0NpYWZ6UGxDUE9uTi15SlNnUkVQbElrV1B3c0VvaFpKNjNmdkRUVmJ1cXcwZnFDVHZEWEJiWUJGZ3dXYTlIZ29XY29QM3BqNHRHSjlwbGZIX0U1SWV2QVgxWmYxWkFUQ29FVkVHODZ3MjBXa254SncyX25lQWNGM05FZ25OTFR4amxQUHE2MnBDeDBRYzNUblhpaGl5ZjdxcVNsdUg1cW43YWtvRTQ3bDY0dlBoaThvekNwalJuV2hWMXJocVRKMGFJRDZKU3RYaUFoaWhfakN3?oc=5\" target=\"_blank\" rel=\"noopener\">Black Friday iPhone : c&rsquo;est s\u00fbr, on a atteint les prix les plus bas sur l&rsquo;iPhone 17, l&rsquo;iPhone 16, l&rsquo;iPhone 15&#8230;<\/a>&nbsp;&nbsp;Linternaute.com<\/li>\n<li><a href=\"https:\/\/news.google.com\/rss\/articles\/CBMi9gFBVV95cUxOYy12N05iM1FTZWU5bmlPWW44V3ZRcUR5SV9DMHdGbE02VWxnTDhsUkNDQlZSM005TzFnQnZZek1sT2NPYWhKNzZRaDA0WkxBMWpSVDJCMTBEWm5PczNRYk9YRWtLakxzRDMtdzhXTkdzUHM0X1lnNkZaQTB5VXMtUDh1UDVHRkROZGxKbkVsVkM4Rk05Q0NEMDJkX3BXSnpNMXBJemJEOC1BWFNyeGd3WmlTS253dFdEUXJTaFY0RHpsbl8xM1hpTDIyWGRDaG5FMkgyWmJXcmVPMnhhVzU2ZmJJUkhJdFQ3ZzNjdDlNMVNlVmhRWVE?oc=5\" target=\"_blank\" rel=\"noopener\">Vous avez bien lu : l&rsquo;iPhone 16e a rarement \u00e9t\u00e9 \u00e0 ce prix l\u00e0 cette ann\u00e9e, le Black Friday fait des ravages<\/a>&nbsp;&nbsp;BFM<\/li>\n<li><a href=\"https:\/\/news.google.com\/rss\/articles\/CBMioAFBVV95cUxOSHRzSHBDakJCTjRCY3pFVGtqa19hMGFLSkplQjZEWlU3QzBYRmJXVVVGY0ZHNFlPMmNqMXhHOHpwbF9qQTdkdjdvVnR3V3B1blNhRHhKSFd4YnhOX1FLYm4tUHRuam1xNl84S1FNWlZaV214VmZFdW9CaXU4SVIybkFXYVY3Ui14cXlONC1HU1RNMTBGUFJ3d2JHd2pVbTJK?oc=5\" target=\"_blank\" rel=\"noopener\">Amazon brade le prix de l&rsquo;iPhone 15 Pro pour une dur\u00e9e limit\u00e9e<\/a>&nbsp;&nbsp;Capital.fr<\/li>\n<li><a href=\"https:\/\/news.google.com\/rss\/articles\/CBMihAJBVV95cUxPVzQwZnIxa3lzOXY4Q0ZnRkVPSUdVLV9scEJqQWZRcDBuN0J5T2FnVVg2ZExlVTdnOUQ4T0hoeFZ5UHpiUDZkN29lOW9EWDRjaWE3QlNDRTNoOWI2cEZ4RG9TcFFsY1V1Qmo1UGU2M0lnLU5EWTlxY3ZlX2ZWRXFPM3pDNnQwVXpoc0s1ZUg3dFVDa2tjTmsyeEdJVFBBdXJhamxxOTZxeEJ2Vkx0MHVDUG1GaDhoalNJYk5YdU5wR1J2WnlocDF3RndUTXFZQzFQT21rRDFseV9tbmFITC01c25QeFBINjMxYXY0YUFpNkY3UVpMck4yekgwcHZzaXVpWWlrcg?oc=5\" target=\"_blank\" rel=\"noopener\">iPhone 17, AirPods Pro 2&#8230; sont-ils en promotion pour le Black Friday ce vendredi ?<\/a>&nbsp;&nbsp;Le Parisien<\/li>\n<li><a href=\"https:\/\/news.google.com\/rss\/articles\/CBMi2wFBVV95cUxPT3AwdzhSeTJLUnYwTzhyYlFXenprWUVaU1l5cmF2MGJISlVLOUFSZlVCZWs4MFhHbVFBbWVaaXphU21MYmM2S01MWHh1UU9Ca3Myb1FxaHJ6Y0FpMl9QT3YxaTBWbHpnWWt5OTQ2R0NOdlZxVl9wbVR4VnU3b01yOVItLW1Hb193andMLVZkTjViNEk5SkpvUXpnN3FBR1hYMkxyaXlnajZHSDFsaFBUVkdSUnprdlV3MFRrNmRoXzBkdjA1bkpOVFkxNXZrN1NFQXZZZ2QtZ05paGM?oc=5\" target=\"_blank\" rel=\"noopener\">Les meilleures offres iPhone de ce jeudi 28 novembre, notre s\u00e9lection du top 5 Apple<\/a>&nbsp;&nbsp;BFM<\/li>\n<\/ol>\n","protected":false},"excerpt":{"rendered":"Black Friday iPhone : c&rsquo;est s\u00fbr, on a atteint les prix les plus bas sur l&rsquo;iPhone 17, l&rsquo;iPhone&hellip;\n","protected":false},"author":2,"featured_media":395849,"comment_status":"","ping_status":"","sticky":false,"template":"","format":"standard","meta":{"footnotes":""},"categories":[7],"tags":[1011,27,43,40,41,39,42,44],"class_list":{"0":"post-564330","1":"post","2":"type-post","3":"status-publish","4":"format-standard","5":"has-post-thumbnail","7":"category-sciences-et-technologies","8":"tag-fr","9":"tag-france","10":"tag-science","11":"tag-science-and-technology","12":"tag-sciences","13":"tag-sciences-et-technologies","14":"tag-technologies","15":"tag-technology"},"share_on_mastodon":{"url":"https:\/\/pubeurope.com\/@fr\/115627048633611152","error":""},"_links":{"self":[{"href":"https:\/\/www.europesays.com\/fr\/wp-json\/wp\/v2\/posts\/564330","targetHints":{"allow":["GET"]}}],"collection":[{"href":"https:\/\/www.europesays.com\/fr\/wp-json\/wp\/v2\/posts"}],"about":[{"href":"https:\/\/www.europesays.com\/fr\/wp-json\/wp\/v2\/types\/post"}],"author":[{"embeddable":true,"href":"https:\/\/www.europesays.com\/fr\/wp-json\/wp\/v2\/users\/2"}],"replies":[{"embeddable":true,"href":"https:\/\/www.europesays.com\/fr\/wp-json\/wp\/v2\/comments?post=564330"}],"version-history":[{"count":0,"href":"https:\/\/www.europesays.com\/fr\/wp-json\/wp\/v2\/posts\/564330\/revisions"}],"wp:featuredmedia":[{"embeddable":true,"href":"https:\/\/www.europesays.com\/fr\/wp-json\/wp\/v2\/media\/395849"}],"wp:attachment":[{"href":"https:\/\/www.europesays.com\/fr\/wp-json\/wp\/v2\/media?parent=564330"}],"wp:term":[{"taxonomy":"category","embeddable":true,"href":"https:\/\/www.europesays.com\/fr\/wp-json\/wp\/v2\/categories?post=564330"},{"taxonomy":"post_tag","embeddable":true,"href":"https:\/\/www.europesays.com\/fr\/wp-json\/wp\/v2\/tags?post=564330"}],"curies":[{"name":"wp","href":"https:\/\/api.w.org\/{rel}","templated":true}]}}