{"id":564333,"date":"2025-11-28T11:19:15","date_gmt":"2025-11-28T11:19:15","guid":{"rendered":"https:\/\/www.europesays.com\/fr\/564333\/"},"modified":"2025-11-28T11:19:15","modified_gmt":"2025-11-28T11:19:15","slug":"ce-que-lon-sait-des-soldats-israeliens-filmes-en-train-dabattre-deux-palestiniens-en-cisjordanie","status":"publish","type":"post","link":"https:\/\/www.europesays.com\/fr\/564333\/","title":{"rendered":"Ce que l\u2019on sait des soldats isra\u00e9liens film\u00e9s en train d\u2019abattre deux Palestiniens en Cisjordanie"},"content":{"rendered":"<p>        <img decoding=\"async\" loading=\"lazy\" src=\"https:\/\/www.europesays.com\/fr\/wp-content\/uploads\/2025\/11\/1abb7b4_upload-1-grlgumfzazyu-afp-20251127-aa-27112025-2537641-v1-midres-israeliarmycontinuesitsraid.jpeg\"  width=\"728\" height=\"410\" alt=\"Photo d\u2019illustration. L\u2019arm\u00e9e isra\u00e9lienne, qui a lanc\u00e9 des attaques \u00e0 grande \u00e9chelle, poursuit ses raids dans le nord de la Cisjordanie, le 27\u00a0novembre 2025.\"\/>  <\/p>\n<p>ISSAM RIMAWI \/ Anadolu via AFP<\/p>\n<p>Photo d\u2019illustration. L\u2019arm\u00e9e isra\u00e9lienne, qui a lanc\u00e9 des attaques \u00e0 grande \u00e9chelle, poursuit ses raids dans le nord de la Cisjordanie, le 27\u00a0novembre 2025.<\/p>\n<p class=\"asset asset-text\">Des images effroyables. Des soldats isra\u00e9liens ont \u00e9t\u00e9 film\u00e9s tirant sur deux Palestiniens, les bras lev\u00e9s, semblant se rendre, dans le nord de<a href=\"https:\/\/www.huffingtonpost.fr\/international\/article\/apres-un-meurtre-en-cisjordanie-la-france-decrit-les-violences-de-colons-israeliens-comme-du-terrorisme_253092.html\" target=\"_blank\" rel=\"noopener\"> la Cisjordanie occup\u00e9e.<\/a> La sc\u00e8ne s\u2019est d\u00e9roul\u00e9e ce jeudi 27\u00a0novembre, dans la ville bastion de J\u00e9nine. Elle a \u00e9t\u00e9 film\u00e9e sous plusieurs angles, notamment par un journaliste de l\u2019AFP.<\/p>\n<p class=\"asset asset-text\">Ces vid\u00e9os, largement diffus\u00e9es sur les r\u00e9seaux sociaux, montrent les deux hommes sortir d\u2019un b\u00e2timent encercl\u00e9 par <a href=\"https:\/\/www.huffingtonpost.fr\/international\/article\/des-soldats-israeliens-forces-de-tirer-sur-des-gazaouis-benjamin-netanyahu-parle-de-mensonges_251931.html\" target=\"_blank\" rel=\"noopener\">les soldats isra\u00e9liens<\/a>, les bras lev\u00e9s. Ils se couchent ensuite au sol devant les forces de s\u00e9curit\u00e9 avant d\u2019\u00eatre renvoy\u00e9s vers l\u2019int\u00e9rieur du b\u00e2timent. Puis des coups de feu retentissent. Les deux hommes gisent au sol, et l\u2019on voit ensuite des soldats \u00e9vacuer un cadavre.<\/p>\n<p class=\"asset asset-text\">Une fois la nuit tomb\u00e9e, un photographe de l\u2019AFP a vu des Palestiniens nettoyer les lieux. Des flaques de sang maculaient encore le sol. L\u2019Autorit\u00e9 palestinienne a identifi\u00e9 les Palestiniens tu\u00e9s comme Montasser Billah Mahmoud Abdullah, 26\u00a0ans, et Youssef Ali Assassa, 37\u00a0ans, d\u00e9nonc\u00e9 les faits comme une \u00ab\u00a0ex\u00e9cution sommaire\u00a0\u00bb et accus\u00e9 les forces isra\u00e9liennes de \u00ab\u00a0crime de guerre document\u00e9 et complet\u00a0\u00bb.<\/p>\n<p>    Une premi\u00e8re r\u00e9ponse de l\u2019arm\u00e9e isra\u00e9lienne    <\/p>\n<p class=\"asset asset-text\">L\u2019arm\u00e9e et la police isra\u00e9liennes ont annonc\u00e9 examiner les circonstances dans lesquelles ces deux Palestiniens ont \u00e9t\u00e9 abattus lors d\u2019une op\u00e9ration conjointe.<\/p>\n<p class=\"asset asset-text\">Dans un communiqu\u00e9, ils ont indiqu\u00e9 que leurs forces ont proc\u00e9d\u00e9 dans la soir\u00e9e \u00ab\u00a0\u00e0 l\u2019arrestation de deux individus recherch\u00e9s pour des actes terroristes, notamment des jets d\u2019explosifs et des tirs sur les forces de s\u00e9curit\u00e9\u00a0\u00bb. \u00ab\u00a0Apr\u00e8s leur sortie [du b\u00e2timent o\u00f9 ils \u00e9taient cern\u00e9s], des tirs ont \u00e9t\u00e9 dirig\u00e9s vers les suspects\u00a0\u00bb, ajoute l\u2019arm\u00e9e, pr\u00e9cisant que \u00ab\u00a0l\u2019incident est en cours d\u2019examen\u00a0\u00bb.<\/p>\n<p class=\"asset asset-text\">Le ministre isra\u00e9lien de la S\u00e9curit\u00e9 nationale, Itamar Ben Gvir, figure de l\u2019extr\u00eame droite, a dit apporter son \u00ab\u00a0soutien total aux gardes-fronti\u00e8res et aux soldats de l\u2019arm\u00e9e qui ont ouvert le feu sur des terroristes recherch\u00e9s sortis d\u2019un b\u00e2timent \u00e0 J\u00e9nine\u00a0\u00bb.<\/p>\n<p>    \u00ab\u00a0D\u00e9shumanisation\u00a0\u00bb    <\/p>\n<p class=\"asset asset-text\">Le mouvement islamiste palestinien Hamas a d\u00e9nonc\u00e9 dans un communiqu\u00e9 une \u00ab\u00a0ex\u00e9cution de sang-froid\u00a0\u00bb. \u00ab\u00a0Les soldats ont agi exactement comme on l\u2019attend\u00a0\u00bb, a estim\u00e9 de son c\u00f4t\u00e9 M. Ben Gvir. \u00ab\u00a0Les terroristes doivent mourir\u00a0!\u00a0\u00bb a-t-il \u00e9crit sur son compte X.<\/p>\n<p class=\"asset asset-text\">Citant une source au sein des gardes-fronti\u00e8res, le journal de gauche <a href=\"https:\/\/www.haaretz.com\/israel-news\/2025-11-27\/ty-article\/.premium\/israeli-soldiers-filmed-shooting-dead-two-surrendered-palestinians-in-west-bank\/0000019a-c654-d360-a5bb-f75f9c3f0000\" target=\"_blank\" rel=\"noopener\" title=\"Nouvelle fen\u00eatre\">Haaretz<\/a> a indiqu\u00e9 qu\u2019une enqu\u00eate pr\u00e9liminaire mentionnait d\u2019ores et d\u00e9j\u00e0 qu\u2019un des deux hommes tu\u00e9s avait tent\u00e9 de se relever apr\u00e8s avoir \u00e9t\u00e9 au sol et fait un \u00ab\u00a0mouvement suspect\u00a0\u00bb, qui a d\u00e9cid\u00e9 les policiers et les soldats \u00e0 tirer.<\/p>\n<p class=\"asset asset-text\">\u00ab\u00a0L\u2019ex\u00e9cution document\u00e9e aujourd\u2019hui est le r\u00e9sultat d\u2019un processus acc\u00e9l\u00e9r\u00e9 de d\u00e9shumanisation des Palestiniens et de l\u2019abandon total de leurs droits par le r\u00e9gime isra\u00e9lien\u00a0\u00bb, a estim\u00e9 B\u2019Tselem, organisation isra\u00e9lienne de d\u00e9fense des droits de l\u2019Homme dans les Territoires palestiniens occup\u00e9s. \u00ab\u00a0Il est du devoir de la communaut\u00e9 internationale de mettre fin \u00e0 l\u2019impunit\u00e9 d\u2019Isra\u00ebl et de traduire en justice les responsables de la planification et de l\u2019ex\u00e9cution de sa politique criminelle contre le peuple palestinien\u00a0\u00bb, ajoute l\u2019ONG.<\/p>\n<p class=\"asset asset-text\">Les violences ont explos\u00e9 en Cisjordanie depuis le d\u00e9but de la guerre de Gaza, d\u00e9clench\u00e9e le 7\u00a0octobre\u00a02023 par une attaque sans pr\u00e9c\u00e9dent du Hamas sur le sud d\u2019Isra\u00ebl. Elles n\u2019ont pas cess\u00e9 avec la tr\u00eave fragile en vigueur \u00e0 Gaza depuis le 10\u00a0octobre. Mercredi, l\u2019arm\u00e9e isra\u00e9lienne a annonc\u00e9 le lancement d\u2019une nouvelle op\u00e9ration contre les groupes arm\u00e9s palestinien dans le nord de la Cisjordanie.<\/p>\n","protected":false},"excerpt":{"rendered":"ISSAM RIMAWI \/ Anadolu via AFP Photo d\u2019illustration. L\u2019arm\u00e9e isra\u00e9lienne, qui a lanc\u00e9 des attaques \u00e0 grande \u00e9chelle,&hellip;\n","protected":false},"author":2,"featured_media":564334,"comment_status":"","ping_status":"","sticky":false,"template":"","format":"standard","meta":{"footnotes":""},"categories":[5],"tags":[11,34748,2486,3259,1011,27,14,664,12,3518,28],"class_list":{"0":"post-564333","1":"post","2":"type-post","3":"status-publish","4":"format-standard","5":"has-post-thumbnail","7":"category-international","8":"tag-actualites","9":"tag-armee-israelienne","10":"tag-cisjordanie","11":"tag-conflit-israelo-palestinien","12":"tag-fr","13":"tag-france","14":"tag-international","15":"tag-israel","16":"tag-news","17":"tag-palestine","18":"tag-world"},"share_on_mastodon":{"url":"https:\/\/pubeurope.com\/@fr\/115627057111847791","error":""},"_links":{"self":[{"href":"https:\/\/www.europesays.com\/fr\/wp-json\/wp\/v2\/posts\/564333","targetHints":{"allow":["GET"]}}],"collection":[{"href":"https:\/\/www.europesays.com\/fr\/wp-json\/wp\/v2\/posts"}],"about":[{"href":"https:\/\/www.europesays.com\/fr\/wp-json\/wp\/v2\/types\/post"}],"author":[{"embeddable":true,"href":"https:\/\/www.europesays.com\/fr\/wp-json\/wp\/v2\/users\/2"}],"replies":[{"embeddable":true,"href":"https:\/\/www.europesays.com\/fr\/wp-json\/wp\/v2\/comments?post=564333"}],"version-history":[{"count":0,"href":"https:\/\/www.europesays.com\/fr\/wp-json\/wp\/v2\/posts\/564333\/revisions"}],"wp:featuredmedia":[{"embeddable":true,"href":"https:\/\/www.europesays.com\/fr\/wp-json\/wp\/v2\/media\/564334"}],"wp:attachment":[{"href":"https:\/\/www.europesays.com\/fr\/wp-json\/wp\/v2\/media?parent=564333"}],"wp:term":[{"taxonomy":"category","embeddable":true,"href":"https:\/\/www.europesays.com\/fr\/wp-json\/wp\/v2\/categories?post=564333"},{"taxonomy":"post_tag","embeddable":true,"href":"https:\/\/www.europesays.com\/fr\/wp-json\/wp\/v2\/tags?post=564333"}],"curies":[{"name":"wp","href":"https:\/\/api.w.org\/{rel}","templated":true}]}}