{"id":564335,"date":"2025-11-28T11:20:13","date_gmt":"2025-11-28T11:20:13","guid":{"rendered":"https:\/\/www.europesays.com\/fr\/564335\/"},"modified":"2025-11-28T11:20:13","modified_gmt":"2025-11-28T11:20:13","slug":"jean-luc-melenchon-va-etre-convoque-devant-la-commission-denquete-lancee-par-les-republicains-sur-les-liens-entre-partis-et-islamisme","status":"publish","type":"post","link":"https:\/\/www.europesays.com\/fr\/564335\/","title":{"rendered":"Jean-Luc M\u00e9lenchon va \u00eatre convoqu\u00e9 devant la commission d\u2019enqu\u00eate lanc\u00e9e par Les R\u00e9publicains sur les liens entre partis et islamisme"},"content":{"rendered":"<p>\n    La convocation du fondateur du mouvement de gauche radicale \u00e9tait attendue mais elle a \u00e9t\u00e9 officiellement annonc\u00e9e vendredi, et figure sur le site de l\u2019Assembl\u00e9e.<\/p>\n<p class=\"fig-paragraph\">Le dirigeant de La France insoumise\u00a0<a href=\"http:\/\/www.lefigaro.fr\/politique\/comment-lfi-veut-destabiliser-la-gauche-aux-municipales-20251121\" data-fig-type=\"Article\" data-gtm-custom-categorie=\"navigation\" data-gtm-custom-action=\"crossclick\" data-gtm-custom-label=\"Contextuel\" data-gtm-event=\"customEventSPE\" data-fig-domain=\"LEFIGARO\" target=\"_blank\" rel=\"noopener\">Jean-Luc M\u00e9lenchon<\/a>\u00a0va \u00eatre convoqu\u00e9 par la commission d&rsquo;enqu\u00eate lanc\u00e9e par\u00a0<a href=\"http:\/\/www.lefigaro.fr\/politique\/presidentielle-2027-qui-sont-ces-six-lr-charges-par-retailleau-de-determiner-une-methode-de-departage-des-candidats-20251126\" target=\"_blank\" data-fig-type=\"Article\" rel=\"noopener\" data-gtm-custom-categorie=\"navigation\" data-gtm-custom-action=\"crossclick\" data-gtm-custom-label=\"Contextuel\" data-gtm-event=\"customEventSPE\" data-fig-domain=\"LEFIGARO\">Les R\u00e9publicains<\/a>\u00a0\u00e0 l&rsquo;Assembl\u00e9e, sur des liens suppos\u00e9s entre mouvements politiques et des r\u00e9seaux islamistes, visant implicitement\u00a0<a href=\"http:\/\/www.lefigaro.fr\/international\/un-depute-lfi-provoque-un-tolle-en-affirmant-que-taiwan-est-chinoise-20251127\" target=\"_blank\" data-fig-type=\"NewsFlash\" rel=\"noopener\" data-gtm-custom-categorie=\"navigation\" data-gtm-custom-action=\"crossclick\" data-gtm-custom-label=\"Contextuel\" data-gtm-event=\"customEventSPE\" data-fig-domain=\"LEFIGARO\">LFI<\/a>, a-t-on appris vendredi de sources parlementaires. La convocation du fondateur du mouvement de gauche radicale \u00e9tait attendue mais elle a \u00e9t\u00e9 officiellement annonc\u00e9e vendredi, et figure sur le site de l&rsquo;Assembl\u00e9e.<\/p>\n<p class=\"fig-paragraph\">La commission d&rsquo;enqu\u00eate, son pr\u00e9sident Xavier Breton (LR) et son rapporteur Matthieu Bloch (UDR), entendent auditionner Jean-Luc M\u00e9lenchon mardi, m\u00eame si la date est subordonn\u00e9e \u00e0 une r\u00e9ponse de l&rsquo;int\u00e9ress\u00e9. \u00abJean-Luc M\u00e9lenchon n&rsquo;a re\u00e7u aucune convocation\u00bb, a assur\u00e9 son entourage, interrog\u00e9 par l&rsquo;AFP, estimant que cette commission \u00aba \u00e9t\u00e9 compl\u00e8tement d\u00e9voy\u00e9e en contournant le r\u00e8glement de l&rsquo;Assembl\u00e9e nationale\u00bb.<\/p>\n<p>                                            <a class=\"fig-a11y-skip\" href=\"#fig-a11y-skip-main-inarticle\" data-module=\"a11y-skip\" data-context=\"was @visible\"><br \/>\n    Passer la publicit\u00e9<br \/>\n<\/a>            <\/p>\n<p class=\"fig-paragraph\">En creux, les Insoumis s&rsquo;insurgent notamment contre le fait que le bureau (pr\u00e9sident, vices-pr\u00e9sidents, secr\u00e9taires&#8230;) de cette commission ne comprenne pas de d\u00e9put\u00e9s issus de groupes de gauche, alors que le r\u00e8glement dispose que ces nominations doivent se faire en s&rsquo;\u00abeffor\u00e7ant de reproduire la configuration politique de l&rsquo;Assembl\u00e9e\u00bb. Jean-Luc M\u00e9lenchon \u00abse rendrait \u00e0 toute convocation re\u00e7ue d&rsquo;une commission d&rsquo;enqu\u00eate qui respecte les r\u00e8gles d\u00e9finies par le r\u00e8glement de l&rsquo;Assembl\u00e9e nationale\u00bb, poursuit son entourage.<\/p>\n<p>                                            \u00abOn n\u2019est pas l\u00e0 pour se faire LFI\u00bb, r\u00e9torque le rapporteur ciottiste Matthieu Bloch<\/p>\n<p class=\"fig-paragraph\">Sur le fond, les cadres de LFI critiquent un manque suppos\u00e9 de r\u00e9v\u00e9lations et une commission fond\u00e9e sur un pr\u00e9suppos\u00e9 \u00abridicule et politicien\u00bb, selon les mots du coordinateur du mouvement Manuel Bompard. \u00abOn n&rsquo;est pas l\u00e0 pour se faire LFI\u00bb, r\u00e9torque le rapporteur ciottiste Matthieu Bloch, interrog\u00e9 par l&rsquo;AFP le 23 novembre. La commission d&rsquo;enqu\u00eate \u00abva permettre de faire un \u00e9tat des lieux pr\u00e9cis sur le ph\u00e9nom\u00e8ne d&rsquo;entrisme dans notre pays\u00bb, a-t-il argu\u00e9, estimant qu&rsquo;elle permettra de faire des propositions concr\u00e8tes, notamment pour guider les \u00e9lus locaux.<\/p>\n<p class=\"fig-paragraph\">Mardi la commission d&rsquo;enqu\u00eate auditionnera la patronne des \u00c9cologistes Marine Tondelier (16h30) et pr\u00e9voit d&rsquo;interroger le ministre de la Justice G\u00e9rald Darmanin jeudi, selon une source parlementaire. Lanc\u00e9e apr\u00e8s de multiples soubresauts, la commission d&rsquo;enqu\u00eate est d\u00e9j\u00e0 bient\u00f4t contrainte de terminer ses travaux (autour du 10 d\u00e9cembre).<\/p>\n<p class=\"fig-paragraph\">Elle a auditionn\u00e9 plusieurs personnalit\u00e9s ou responsables, notamment des auteurs d&rsquo;ouvrages visant La France insoumise mais aussi des chercheurs universitaires, des sondeurs ou des responsables comme le directeur du renseignement de la Pr\u00e9fecture de police de Paris ou le ministre de l&rsquo;Int\u00e9rieur Laurent Nunez. Les pouvoirs d&rsquo;une commission d&rsquo;enqu\u00eate comprennent notamment des convocations avec obligation pour la personne de s&rsquo;y rendre, des pouvoirs d&rsquo;investigation et de conduire des auditions sous serment.<\/p>\n","protected":false},"excerpt":{"rendered":"La convocation du fondateur du mouvement de gauche radicale \u00e9tait attendue mais elle a \u00e9t\u00e9 officiellement annonc\u00e9e vendredi,&hellip;\n","protected":false},"author":2,"featured_media":564336,"comment_status":"","ping_status":"","sticky":false,"template":"","format":"standard","meta":{"footnotes":""},"categories":[4],"tags":[11,416,5137,1011,27,1253,3081,12,25],"class_list":{"0":"post-564335","1":"post","2":"type-post","3":"status-publish","4":"format-standard","5":"has-post-thumbnail","7":"category-france","8":"tag-actualites","9":"tag-assemblee-nationale","10":"tag-commission-denquete","11":"tag-fr","12":"tag-france","13":"tag-islamisme","14":"tag-jean-luc-melenchon","15":"tag-news","16":"tag-republique-francaise"},"share_on_mastodon":{"url":"https:\/\/pubeurope.com\/@fr\/115627060393678207","error":""},"_links":{"self":[{"href":"https:\/\/www.europesays.com\/fr\/wp-json\/wp\/v2\/posts\/564335","targetHints":{"allow":["GET"]}}],"collection":[{"href":"https:\/\/www.europesays.com\/fr\/wp-json\/wp\/v2\/posts"}],"about":[{"href":"https:\/\/www.europesays.com\/fr\/wp-json\/wp\/v2\/types\/post"}],"author":[{"embeddable":true,"href":"https:\/\/www.europesays.com\/fr\/wp-json\/wp\/v2\/users\/2"}],"replies":[{"embeddable":true,"href":"https:\/\/www.europesays.com\/fr\/wp-json\/wp\/v2\/comments?post=564335"}],"version-history":[{"count":0,"href":"https:\/\/www.europesays.com\/fr\/wp-json\/wp\/v2\/posts\/564335\/revisions"}],"wp:featuredmedia":[{"embeddable":true,"href":"https:\/\/www.europesays.com\/fr\/wp-json\/wp\/v2\/media\/564336"}],"wp:attachment":[{"href":"https:\/\/www.europesays.com\/fr\/wp-json\/wp\/v2\/media?parent=564335"}],"wp:term":[{"taxonomy":"category","embeddable":true,"href":"https:\/\/www.europesays.com\/fr\/wp-json\/wp\/v2\/categories?post=564335"},{"taxonomy":"post_tag","embeddable":true,"href":"https:\/\/www.europesays.com\/fr\/wp-json\/wp\/v2\/tags?post=564335"}],"curies":[{"name":"wp","href":"https:\/\/api.w.org\/{rel}","templated":true}]}}