{"id":564343,"date":"2025-11-28T11:24:38","date_gmt":"2025-11-28T11:24:38","guid":{"rendered":"https:\/\/www.europesays.com\/fr\/564343\/"},"modified":"2025-11-28T11:24:38","modified_gmt":"2025-11-28T11:24:38","slug":"loisirs-que-faire-ce-week-end-en-lorraine-notre-selection-pour-des-idees-de-sorties-7","status":"publish","type":"post","link":"https:\/\/www.europesays.com\/fr\/564343\/","title":{"rendered":"Loisirs. Que faire ce week-end en Lorraine ? Notre s\u00e9lection pour des id\u00e9es de sorties"},"content":{"rendered":"<p>  Le village de Saint-Nicolas s\u2019installe \u00e0 Nancy<\/p>\n<p>Soixante chalets install\u00e9s sur la place Charles-III \u00e0 Nancy, des guirlandes \u00e0 perte de vue et l\u2019odeur du pain d\u2019\u00e9pices dans l\u2019air\u200a : bienvenue dans le grand village de Saint-Nicolas, gourmand et color\u00e9. D\u2019autres villages et hameaux, dispers\u00e9s dans la ville de Nancy, valent le d\u00e9tour offrant une excellente occasion de parcourir le c\u0153ur de la ville de mani\u00e8re festive.<\/p>\n<p><a href=\"https:\/\/www.estrepublicain.fr\/videos\/les-fetes-de-la-saint-nicolas-et-l-illumination-du-sapin-place-stanislas-a-nancy-338fu0f\" target=\"_blank\" rel=\"noopener\">En savoir plus<\/a><\/p>\n<p>    &#13;<br \/>\n    &#13;<br \/>\n    &#13;<br \/>\n    <a href=\"https:\/\/cdn-s-www.estrepublicain.fr\/images\/b3d411d7-11ed-40b6-90c0-a7036f7e6ed5\/NW_raw\/photo-er-1764321122.jpg\" title=\"Photo ER\" class=\"chocolat-image GA-tracking\" data-ga_type=\"click\" data-ga_category=\"D\u00e9tail\" data-ga_action=\"zoomer\" data-ga_label=\"aggrandir image\" target=\"_blank\" rel=\"noopener\">&#13;<br \/>\n        <img src=\"https:\/\/www.europesays.com\/fr\/wp-content\/uploads\/2025\/11\/photo-er-1764321122.jpg\"   alt=\"Photo ER\" fetchpriority=\"high\" decoding=\"async\" data-mobile=\"NW_listA_M|1764321122\" data-base=\"NW_listA|1764321122\"\/>&#13;<br \/>\n    <\/a>&#13;<\/p>\n<p>Photo ER<\/p>\n<ul>\n<li><strong>Dates<\/strong>.\u00a0Du 21 novembre au 4 janvier.<\/li>\n<li><strong>Lieux.\u00a0<\/strong>Place Charles-III, place de la Carri\u00e8re, place Vaud\u00e9mont,\u00a0 porte de la Craffe, place Saint-Epvre et rue du Pont-Mouja \u00e0 Nancy.<\/li>\n<\/ul>\n<p>  Les stars du catch \u00e0 Remiremont<\/p>\n<p>C\u2019est un show haut en couleur qui attend les spectateurs pour le 7e gala de catch international, ce spectacle aura lieu, samedi 29 novembre, au gymnase Charlet \u00e0 Remiremont. Une douzaine de stars du catch vont s\u2019y confronter comme David Michel, le loup solitaire favori des foules, Scott Rider, l\u2019\u00e9trangleur franco-\u00e9cossais, Bella Ath\u00e9na la d\u00e9esse des rings, une Vosgienne reconnue dans le milieu\u2026<\/p>\n<p>    &#13;<br \/>\n    &#13;<br \/>\n    &#13;<br \/>\n    <a href=\"https:\/\/cdn-s-www.estrepublicain.fr\/images\/67fe8bdf-c6b3-4e8d-b97d-2e2032f3138e\/NW_raw\/photo-vom-1764321759.jpg\" title=\"Photo VOM\" class=\"chocolat-image GA-tracking\" data-ga_type=\"click\" data-ga_category=\"D\u00e9tail\" data-ga_action=\"zoomer\" data-ga_label=\"aggrandir image\" target=\"_blank\" rel=\"noopener\">&#13;<br \/>\n        <img src=\"https:\/\/www.europesays.com\/fr\/wp-content\/uploads\/2025\/11\/photo-vom-1764321759.jpg\"   alt=\"Photo VOM\" fetchpriority=\"high\" decoding=\"async\" data-mobile=\"NW_listA_M|1764321759\" data-base=\"NW_listA|1764321759\"\/>&#13;<br \/>\n    <\/a>&#13;<\/p>\n<p>Photo VOM<\/p>\n<ul>\n<li><strong>Date<\/strong>. Samedi 29 novembre, \u00e0 partir de 18 h 30.<\/li>\n<li><strong>Lieu.\u00a0<\/strong>\u00a0\u00a0Gymnase Charlet, 21 impasse Charlet \u00e0 Remiremont.<\/li>\n<li><strong>Tarifs.<\/strong>\u00a0Entr\u00e9e plein tarif\u200a: 17 \u20ac\u200a; Enfants \u2013 de 12 ans\u200a: 14 \u20ac\u200a; Placement libre (adulte)\u200a: 12 \u20ac\u200a; Placement libre (enfant)\u200a: 9 \u20ac\u200a; Table VIP\u00a0 (8 personnes)\u200a: 150 \u20ac. R\u00e9servation au 06 \u200a58 \u200a87\u200a 27\u200a 26.<\/li>\n<\/ul>\n<p>  Le Festiv\u2019halles des cartes revient \u00e0 Lun\u00e9ville<\/p>\n<p>Les 29 et 30 novembre, le salon des Halles de Lun\u00e9ville accueillera pour la seconde fois le Festiv\u2019halles des cartes. Organis\u00e9 par l\u2019association du pouvoir des cartes, il rassemblera tous les fans de TCG (jeux de cartes \u00e0 collectionner), autour de tournois, d\u2019initiation, de rencontres avec des streamers et youtubeurs.<\/p>\n<p>    &#13;<br \/>\n    &#13;<br \/>\n    &#13;<br \/>\n    <a href=\"https:\/\/cdn-s-www.estrepublicain.fr\/images\/6f7da9a2-d52f-442f-994d-0ce2eeef2958\/NW_raw\/photo-er-1764321759.jpg\" title=\"Photo ER\" class=\"chocolat-image GA-tracking\" data-ga_type=\"click\" data-ga_category=\"D\u00e9tail\" data-ga_action=\"zoomer\" data-ga_label=\"aggrandir image\" target=\"_blank\" rel=\"noopener\">&#13;<br \/>\n        <img src=\"https:\/\/www.europesays.com\/fr\/wp-content\/uploads\/2025\/11\/photo-er-1764321759.jpg\"   alt=\"Photo ER\" fetchpriority=\"high\" decoding=\"async\" data-mobile=\"NW_listA_M|1764321759\" data-base=\"NW_listA|1764321759\"\/>&#13;<br \/>\n    <\/a>&#13;<\/p>\n<p>Photo ER<\/p>\n<ul>\n<li><strong>Dates<\/strong>. Samedi 29, \u00e0 partir de 9 h et dimanche 30 novembre, \u00e0 partir de 8 h 30.<\/li>\n<li><strong>Lieu.\u00a0<\/strong>\u00a0 Salon des Halles, 1, place L\u00e9opold \u00e0 Lun\u00e9ville.<\/li>\n<li><strong>Tarifs.<\/strong>\u00a0Entr\u00e9e libre.<\/li>\n<\/ul>\n<p>  A vos manettes \u00e0 Bar-le-Duc<\/p>\n<p>La 7e \u00e9dition du Gaming Day\u00a0 aura lieu samedi 29 novembre et dimanche 30 novembre \u00e0 la salle multifonction La Barroise. Le samedi, de 9\u2009h \u00e0 19\u2009h, en acc\u00e8s libre\u2009: r\u00e9tro gaming, simulateurs, initiation au sabre laser, Just Dance, Guitar Hero, escape game en r\u00e9alit\u00e9 virtuelle, murs et trampolines interactifs, cosplay, jeux de plateaux&#8230; Le dimanche, de 9\u2009h\u200930 \u00e0 17\u2009h, place aux tournois sur Mario Kart 8, Fortnite, Rocket League, FC 25, Beat Saber et Duck Hunt Zapper. \u00c0 vos manettes\u2009!<\/p>\n<p><a href=\"https:\/\/www.estrepublicain.fr\/culture-loisirs\/2025\/11\/26\/plutot-retrogaming-ou-tournois-d-e-sport-la-8-sup-e-sup-edition-du-gaming-day-satisfera-toutes-les-envies\" target=\"_blank\" rel=\"noopener\">En savoir plus<\/a><\/p>\n<p>    &#13;<br \/>\n    &#13;<br \/>\n    &#13;<br \/>\n    <a href=\"https:\/\/cdn-s-www.estrepublicain.fr\/images\/6084053e-2dac-45c5-8f90-f86caae0fa99\/NW_raw\/photo-er-1764322327.jpg\" title=\"Photo ER\" class=\"chocolat-image GA-tracking\" data-ga_type=\"click\" data-ga_category=\"D\u00e9tail\" data-ga_action=\"zoomer\" data-ga_label=\"aggrandir image\" target=\"_blank\" rel=\"noopener\">&#13;<br \/>\n        <img src=\"https:\/\/www.europesays.com\/fr\/wp-content\/uploads\/2025\/11\/photo-er-1764322327.jpg\"   alt=\"Photo ER\" fetchpriority=\"high\" decoding=\"async\" data-mobile=\"NW_listA_M|1764322327\" data-base=\"NW_listA|1764322327\"\/>&#13;<br \/>\n    <\/a>&#13;<\/p>\n<p>Photo ER<\/p>\n<ul>\n<li><strong>Dates<\/strong>. Samedi 29 novembre, de 9 h \u00e0 19 h, et dimanche 30, de 9 h 30 \u00e0 17 h.\u00a0<\/li>\n<li><strong>Lieu.\u00a0<\/strong>\u00a0Salle La Barroise, 85 rue Ernest-Bradfer \u00e0 Bar-le-Duc.<\/li>\n<li><strong>Tarifs.\u00a0<\/strong>\u00a0Inscriptions obligatoires pour les tournois. Entr\u00e9e gratuite et libre pour le reste de l\u2019\u00e9v\u00e9nement.<\/li>\n<\/ul>\n<p>  La march\u00e9 de No\u00ebl va illuminer\u00a0Plombi\u00e8res-les-Bains<\/p>\n<p>Ces quatre prochains week-ends, le march\u00e9 de No\u00ebl d\u2019antan prend ses quartiers dans la ville aux mille balcons. En fl\u00e2nant \u00e0 travers les chalets des artisans et producteurs, les visiteurs s\u2019impr\u00e9gneront de l\u2019ambiance de No\u00ebl et retrouveront les saveurs des marrons chauds et autres sp\u00e9cialit\u00e9s vosgiennes. Des artistes et musiciens d\u00e9ambuleront dans les rues, faisant r\u00e9sonner des airs d\u2019autrefois.<\/p>\n<p><a href=\"https:\/\/www.vosgesmatin.fr\/culture-loisirs\/2025\/11\/26\/plombieres-les-bains-la-29-e-edition-du-marche-qui-s-ouvre-ce-week-end-ne-renie-rien-des-noel-d-antan\" target=\"_blank\" rel=\"noopener\">En savoir plus<\/a><\/p>\n<p>    &#13;<br \/>\n    &#13;<br \/>\n    &#13;<br \/>\n    <a href=\"https:\/\/cdn-s-www.estrepublicain.fr\/images\/c8d66cd3-1218-4fd7-9e5a-466227182751\/NW_raw\/photo-vom-1764322610.jpg\" title=\"Photo VOM\" class=\"chocolat-image GA-tracking\" data-ga_type=\"click\" data-ga_category=\"D\u00e9tail\" data-ga_action=\"zoomer\" data-ga_label=\"aggrandir image\" target=\"_blank\" rel=\"noopener\">&#13;<br \/>\n        <img src=\"https:\/\/www.europesays.com\/fr\/wp-content\/uploads\/2025\/11\/photo-vom-1764322610.jpg\"   alt=\"Photo VOM\" fetchpriority=\"high\" decoding=\"async\" data-mobile=\"NW_listA_M|1764322610\" data-base=\"NW_listA|1764322610\"\/>&#13;<br \/>\n    <\/a>&#13;<\/p>\n<p>Photo VOM<\/p>\n<ul>\n<li><strong>Dates<\/strong>.\u00a0Du 29 novembre au 21 d\u00e9cembre, les samedis de 14\u200a h \u00e0 20 \u200ah\u00a0 et les dimanches de 11 \u200ah \u00e0 19 h.<\/li>\n<li><strong>Lieu.\u00a0<\/strong>Place Beaumarchais \u00e0 Plombi\u00e8res-les-Bains.<\/li>\n<\/ul>\n<p>  Cadeaux\u00a0\u00e9quitables et solidaires \u00e0 Metz<\/p>\n<p>Artisans du Monde organise sa vente de No\u00ebl au clo\u00eetre des R\u00e9collets \u00e0 Metz vendredi et samedi de 10 \u200ah \u00e0 18\u200a h, et dimanche de 10 \u200ah \u00e0 17 h. L\u2019occasion de d\u00e9couvrir des produits \u00e9quitables et \u00e9cologiques\u200a: d\u00e9co, jouets, accessoires, cosm\u00e9tiques ou gourmandises bio, r\u00e9alis\u00e9s avec des mat\u00e9riaux naturels ou recycl\u00e9s. Une d\u00e9marche solidaire pour offrir des cadeaux porteurs de sens.<\/p>\n<p><a href=\"https:\/\/www.republicain-lorrain.fr\/culture-loisirs\/2025\/11\/19\/artisans-du-monde-une-exposition-vente-les-28-29-et-30-novembre-pour-celebrer-les-fetes-autrement\" target=\"_blank\" rel=\"noopener\">En savoir plus<\/a><\/p>\n<p>    &#13;<br \/>\n    &#13;<br \/>\n    &#13;<br \/>\n    <a href=\"https:\/\/cdn-s-www.estrepublicain.fr\/images\/fd248378-de20-4238-8eeb-568c17f5486d\/NW_raw\/photo-rl-1764323083.jpg\" title=\"Photo RL\" class=\"chocolat-image GA-tracking\" data-ga_type=\"click\" data-ga_category=\"D\u00e9tail\" data-ga_action=\"zoomer\" data-ga_label=\"aggrandir image\" target=\"_blank\" rel=\"noopener\">&#13;<br \/>\n        <img src=\"https:\/\/www.europesays.com\/fr\/wp-content\/uploads\/2025\/11\/photo-rl-1764323083.jpg\"   alt=\"Photo RL\" fetchpriority=\"high\" decoding=\"async\" data-mobile=\"NW_listA_M|1764323083\" data-base=\"NW_listA|1764323083\"\/>&#13;<br \/>\n    <\/a>&#13;<\/p>\n<p>Photo RL<\/p>\n<ul>\n<li><strong>Dates<\/strong>. Vendredi\u00a028 et samedi 29\u00a0novembre, de 10\u00a0h \u00e0 18\u00a0h, dimanche 30, de 10\u00a0h \u00e0 17\u00a0h.<\/li>\n<li><strong>Lieu.\u00a0<\/strong>\u00a0Clo\u00eetre des R\u00e9collets, 1 rue des R\u00e9collets \u00e0 Metz.<\/li>\n<li><strong>Tarifs.<\/strong>\u00a0Entr\u00e9e\u200a libre.<\/li>\n<\/ul>\n<p>  Concert symphonique \u00e0 Nancy<\/p>\n<p>Le Gradus Ad Musicam, sous la direction de Simon Polin, donnera un concert intitul\u00e9 Dr\u00f4les d\u2019oiseaux, avec des \u0153uvres inspir\u00e9es. L\u2019Ensemble vocal et instrumental reprendra entre autres Le Cygne de Tuolena, de Jean Sibelius ; Chansons pour les oiseaux, de Louis Beydts ; The Lark Ascending, de Ralph Vaughan Williams.<\/p>\n<p><a href=\"https:\/\/www.estrepublicain.fr\/culture-loisirs\/2025\/11\/26\/les-droles-d-oiseaux-du-gam-reprennent-leur-envol\" target=\"_blank\" rel=\"noopener\">En savoir plus<\/a><\/p>\n<p>    &#13;<br \/>\n    &#13;<br \/>\n    &#13;<br \/>\n    <a href=\"https:\/\/cdn-s-www.estrepublicain.fr\/images\/e985e43b-3651-4b0f-b2b4-9a9e282d46c2\/NW_raw\/photo-er-1764323083.jpg\" title=\"Photo ER\" class=\"chocolat-image GA-tracking\" data-ga_type=\"click\" data-ga_category=\"D\u00e9tail\" data-ga_action=\"zoomer\" data-ga_label=\"aggrandir image\" target=\"_blank\" rel=\"noopener\">&#13;<br \/>\n        <img src=\"https:\/\/www.europesays.com\/fr\/wp-content\/uploads\/2025\/11\/photo-er-1764323083.jpg\"   alt=\"Photo ER\" fetchpriority=\"high\" decoding=\"async\" data-mobile=\"NW_listA_M|1764323083\" data-base=\"NW_listA|1764323083\"\/>&#13;<br \/>\n    <\/a>&#13;<\/p>\n<p>Photo ER<\/p>\n<ul>\n<li><strong>Date<\/strong>.\u00a0Dimanche 30 novembre, \u00e0 17 h.<\/li>\n<li><strong>Lieu.\u00a0<\/strong>\u00a0Salle Poirel, 3, rue Victor-Poirel, \u00e0 Nancy.<\/li>\n<li><strong>Tarifs.<\/strong>\u00a0\u00a0\u00a0Tarifs ; 22 \u20ac et 6 \u20ac. R\u00e9servations au 03 83 32 31 25.<\/li>\n<\/ul>\n<p>  2\u200a000 lanternes pour un parcours f\u00e9erique \u00e0 Metz<\/p>\n<p>Lanc\u00e9 le 22 novembre, le Sentier des lanternes sera ouvert jusqu\u2019au 30 d\u00e9cembre \u00e0 Metz, avec une 14e \u00e9dition transform\u00e9e en village de No\u00ebl lumineux. Accessible gratuitement, il se tient au square Boufflers, derri\u00e8re le palais de justice. Plus de 2\u200a000 lanternes, d\u00e9cors f\u00e9eriques et cr\u00e9ations in\u00e9dites, dont un sapin-lanterne de 4 m\u00e8tres, attendent les visiteurs.<\/p>\n<p><a href=\"https:\/\/www.republicain-lorrain.fr\/culture-loisirs\/2025\/11\/21\/sentier-des-lanternes-un-vrai-village-de-noel-pour-cette-14e-edition\" target=\"_blank\" rel=\"noopener\">En savoir plus<\/a><\/p>\n<p>    &#13;<br \/>\n    &#13;<br \/>\n    &#13;<br \/>\n    <a href=\"https:\/\/cdn-s-www.estrepublicain.fr\/images\/1cb5d1d7-03a9-44d7-9cc1-5e1e35ab8615\/NW_raw\/photo-rl-1764323393.jpg\" title=\"Photo RL\" class=\"chocolat-image GA-tracking\" data-ga_type=\"click\" data-ga_category=\"D\u00e9tail\" data-ga_action=\"zoomer\" data-ga_label=\"aggrandir image\" target=\"_blank\" rel=\"noopener\">&#13;<br \/>\n        <img src=\"https:\/\/www.europesays.com\/fr\/wp-content\/uploads\/2025\/11\/photo-rl-1764323393.jpg\"   alt=\"Photo RL\" fetchpriority=\"high\" decoding=\"async\" data-mobile=\"NW_listA_M|1764323393\" data-base=\"NW_listA|1764323393\"\/>&#13;<br \/>\n    <\/a>&#13;<\/p>\n<p>Photo RL<\/p>\n<ul>\n<li>\n<ul>\n<li><strong>Dates<\/strong>.\u00a0Ouvert du 22\u00a0novembre au 30\u00a0d\u00e9cembre. Du lundi au jeudi et le dimanche de 17\u00a0h \u00e0 20\u00a0h. Les vendredis et samedis de 17\u00a0h \u00e0 21\u00a0h. Le 24\u00a0d\u00e9cembre de 16\u00a0h \u00e0 18\u00a0h. Ferm\u00e9 le 25\u00a0d\u00e9cembre.<\/li>\n<li><strong>Lieu.\u00a0<\/strong>Square Boufflers \u00e0 Metz.<\/li>\n<\/ul>\n<\/li>\n<\/ul>\n<p>  No\u00ebl d\u2019Arts et de Feu\u200a \u00e0\u00a0F\u00e9n\u00e9trange<\/p>\n<p>F\u00e9n\u00e9trange, cit\u00e9 m\u00e9di\u00e9vale, accueille No\u00ebl d\u2019Arts et de Feu dimanche de 11 h \u00e0 18\u200a h\u200a 30. Spectacles gratuits, parade enflamm\u00e9e \u00e0 17\u200ah, march\u00e9 d\u2019artisans, animations \u00e9questres et musicales rythmeront la journ\u00e9e. La troupe Light of Fire proposera plusieurs shows m\u00ealant feu, danse et acrobaties. Restauration artisanale sur place. Ambiance f\u00e9erique garantie pour petits et grands.<\/p>\n<p><a href=\"https:\/\/www.republicain-lorrain.fr\/culture-loisirs\/2025\/11\/24\/noel-d-arts-et-de-feu-la-cite-medievale-invite-au-folklore-et-a-la-magie\" target=\"_blank\" rel=\"noopener\">En savoir plus<\/a><\/p>\n<p>    &#13;<br \/>\n    &#13;<br \/>\n    &#13;<br \/>\n    <a href=\"https:\/\/cdn-s-www.estrepublicain.fr\/images\/83303310-d3a1-4cc5-801a-abacc8fd6bd6\/NW_raw\/photo-rl-1764323755.jpg\" title=\"Photo RL\" class=\"chocolat-image GA-tracking\" data-ga_type=\"click\" data-ga_category=\"D\u00e9tail\" data-ga_action=\"zoomer\" data-ga_label=\"aggrandir image\" target=\"_blank\" rel=\"noopener\">&#13;<br \/>\n        <img src=\"https:\/\/www.europesays.com\/fr\/wp-content\/uploads\/2025\/11\/photo-rl-1764323755.jpg\"   alt=\"Photo RL\" fetchpriority=\"high\" decoding=\"async\" data-mobile=\"NW_listA_M|1764323755\" data-base=\"NW_listA|1764323755\"\/>&#13;<br \/>\n    <\/a>&#13;<\/p>\n<p>Photo RL<\/p>\n<ul>\n<li><strong>Date<\/strong>. Dimanche 30 novembre de 11 \u200ah \u00e0 18 \u200ah \u200a30. Parade enflamm\u00e9e \u00e0 17 h.\u00a0<\/li>\n<li><strong>Lieu.\u00a0<\/strong>\u00a0Village de F\u00e9n\u00e9trange.<\/li>\n<li><strong>Tarifs.\u00a0<\/strong>Entr\u00e9e libre.<\/li>\n<\/ul>\n","protected":false},"excerpt":{"rendered":"Le village de Saint-Nicolas s\u2019installe \u00e0 Nancy Soixante chalets install\u00e9s sur la place Charles-III \u00e0 Nancy, des guirlandes&hellip;\n","protected":false},"author":2,"featured_media":564344,"comment_status":"","ping_status":"","sticky":false,"template":"","format":"standard","meta":{"footnotes":""},"categories":[9635],"tags":[1111,11,3601,1687,3602,1706,1705,1777,674,107,1011,27,775,1031,6016,20065,3457,1702,12,3456,25,273,10172],"class_list":{"0":"post-564343","1":"post","2":"type-post","3":"status-publish","4":"format-standard","5":"has-post-thumbnail","7":"category-nancy","8":"tag-actu","9":"tag-actualites","10":"tag-bar-le-duc-ville-55a","11":"tag-culture-loisirs","12":"tag-edition-bar-le-duc","13":"tag-edition-pont-a-mousson","14":"tag-edition-toul","15":"tag-eu","16":"tag-europe","17":"tag-fil-info","18":"tag-fr","19":"tag-france","20":"tag-grand-est","21":"tag-magazine","22":"tag-magazine-cuisine-et-vins","23":"tag-magazine-tourisme-et-patrimoine","24":"tag-meurthe-et-moselle","25":"tag-nancy","26":"tag-news","27":"tag-region-lorraine","28":"tag-republique-francaise","29":"tag-selection-de-la-redaction","30":"tag-verdun"},"share_on_mastodon":{"url":"https:\/\/pubeurope.com\/@fr\/115627077389957418","error":""},"_links":{"self":[{"href":"https:\/\/www.europesays.com\/fr\/wp-json\/wp\/v2\/posts\/564343","targetHints":{"allow":["GET"]}}],"collection":[{"href":"https:\/\/www.europesays.com\/fr\/wp-json\/wp\/v2\/posts"}],"about":[{"href":"https:\/\/www.europesays.com\/fr\/wp-json\/wp\/v2\/types\/post"}],"author":[{"embeddable":true,"href":"https:\/\/www.europesays.com\/fr\/wp-json\/wp\/v2\/users\/2"}],"replies":[{"embeddable":true,"href":"https:\/\/www.europesays.com\/fr\/wp-json\/wp\/v2\/comments?post=564343"}],"version-history":[{"count":0,"href":"https:\/\/www.europesays.com\/fr\/wp-json\/wp\/v2\/posts\/564343\/revisions"}],"wp:featuredmedia":[{"embeddable":true,"href":"https:\/\/www.europesays.com\/fr\/wp-json\/wp\/v2\/media\/564344"}],"wp:attachment":[{"href":"https:\/\/www.europesays.com\/fr\/wp-json\/wp\/v2\/media?parent=564343"}],"wp:term":[{"taxonomy":"category","embeddable":true,"href":"https:\/\/www.europesays.com\/fr\/wp-json\/wp\/v2\/categories?post=564343"},{"taxonomy":"post_tag","embeddable":true,"href":"https:\/\/www.europesays.com\/fr\/wp-json\/wp\/v2\/tags?post=564343"}],"curies":[{"name":"wp","href":"https:\/\/api.w.org\/{rel}","templated":true}]}}