{"id":564345,"date":"2025-11-28T11:25:17","date_gmt":"2025-11-28T11:25:17","guid":{"rendered":"https:\/\/www.europesays.com\/fr\/564345\/"},"modified":"2025-11-28T11:25:17","modified_gmt":"2025-11-28T11:25:17","slug":"football-jeremy-gelin-finalement-qualifie-le-jeune-matheo-guendez-present-decouvrez-le-groupe-de-las-nancy-lorraine-contre-sarreguemines","status":"publish","type":"post","link":"https:\/\/www.europesays.com\/fr\/564345\/","title":{"rendered":"Football J\u00e9r\u00e9my G\u00e9lin finalement qualifi\u00e9, le jeune Math\u00e9o Guendez pr\u00e9sent\u2026 D\u00e9couvrez le groupe de l\u2019AS Nancy-Lorraine contre Sarreguemines"},"content":{"rendered":"<p>Ce d\u00e9placement \u00e0 Sarreguemines, \u00e0 l\u2019occasion du 8e  tour de la Coupe de France, pourrait \u00eatre synonyme de d\u00e9buts sous le maillot nanc\u00e9ien pour J\u00e9r\u00e9my G\u00e9lin. <a href=\"https:\/\/www.estrepublicain.fr\/sport\/2025\/11\/27\/sarreguemines-as-nancy-lorraine-le-breton-jeremy-gelin-vient-distribuer-les-galettes\" target=\"_blank\" rel=\"noopener\">Le milieu de terrain arriv\u00e9 la semaine pass\u00e9e<\/a> a pu \u00eatre qualifi\u00e9 juste \u00e0 temps pour cette rencontre, alors qu\u2019il manquait encore un document ce jeudi en fin d\u2019apr\u00e8s-midi et qu\u2019il n\u2019\u00e9tait pas parti pour \u00eatre dans le groupe. <\/p>\n<p>Un renfort bienvenu, alors que Chafik El Hansar, titularis\u00e9 au tour pr\u00e9c\u00e9dent face \u00e0 Tomblaine, ne pourra pas encha\u00eener, \u00e9tant l\u00e9g\u00e8rement touch\u00e9. Par ailleurs, on retrouve bien la pr\u00e9sence <a href=\"https:\/\/www.estrepublicain.fr\/sport\/2025\/11\/26\/mattheo-guendez-naissance-a-sarreguemines-renaissance-sportive-a-l-as-nancy-lorraine\" target=\"_blank\" rel=\"noopener\">du jeune Math\u00e9o Guendez<\/a> , lui aussi auteur d\u2019une entr\u00e9e prometteuse face aux Tomblainois il y a deux semaines.<\/p>\n<p><strong>Le groupe nanc\u00e9ien<\/strong> : Lembet, Basilio &#8211; Julloux, Fernandez, Nahounou, Tacafred, Camara, Exp\u00e9rience, Bamba, Bouriaud, Suljic, G\u00e9lin, Dabasse, Guendez, Ztouti, Evans, Sidib\u00e9, Ouotro.<\/p>\n<p>Absents : Sourzac, No\u00ebl, Saint-Ruf, El Hansar (bless\u00e9s), Mendy, Maouassa, Carlier, Bouabdeli, Fdaouch, Bokangu.<\/p>\n","protected":false},"excerpt":{"rendered":"Ce d\u00e9placement \u00e0 Sarreguemines, \u00e0 l\u2019occasion du 8e tour de la Coupe de France, pourrait \u00eatre synonyme de&hellip;\n","protected":false},"author":2,"featured_media":564346,"comment_status":"","ping_status":"","sticky":false,"template":"","format":"standard","meta":{"footnotes":""},"categories":[9635],"tags":[1111,11,3703,15922,1704,1777,674,1701,63,1011,27,775,1702,1703,12,25,517,1700],"class_list":{"0":"post-564345","1":"post","2":"type-post","3":"status-publish","4":"format-standard","5":"has-post-thumbnail","7":"category-nancy","8":"tag-actu","9":"tag-actualites","10":"tag-asnl","11":"tag-coupe-de-france-de-football","12":"tag-edition-nancy-et-agglomeration","13":"tag-eu","14":"tag-europe","15":"tag-fil-info-sport","16":"tag-football","17":"tag-fr","18":"tag-france","19":"tag-grand-est","20":"tag-nancy","21":"tag-nancy-ville-54b","22":"tag-news","23":"tag-republique-francaise","24":"tag-sport","25":"tag-sport-lorrain"},"share_on_mastodon":{"url":"https:\/\/pubeurope.com\/@fr\/115627080043573648","error":""},"_links":{"self":[{"href":"https:\/\/www.europesays.com\/fr\/wp-json\/wp\/v2\/posts\/564345","targetHints":{"allow":["GET"]}}],"collection":[{"href":"https:\/\/www.europesays.com\/fr\/wp-json\/wp\/v2\/posts"}],"about":[{"href":"https:\/\/www.europesays.com\/fr\/wp-json\/wp\/v2\/types\/post"}],"author":[{"embeddable":true,"href":"https:\/\/www.europesays.com\/fr\/wp-json\/wp\/v2\/users\/2"}],"replies":[{"embeddable":true,"href":"https:\/\/www.europesays.com\/fr\/wp-json\/wp\/v2\/comments?post=564345"}],"version-history":[{"count":0,"href":"https:\/\/www.europesays.com\/fr\/wp-json\/wp\/v2\/posts\/564345\/revisions"}],"wp:featuredmedia":[{"embeddable":true,"href":"https:\/\/www.europesays.com\/fr\/wp-json\/wp\/v2\/media\/564346"}],"wp:attachment":[{"href":"https:\/\/www.europesays.com\/fr\/wp-json\/wp\/v2\/media?parent=564345"}],"wp:term":[{"taxonomy":"category","embeddable":true,"href":"https:\/\/www.europesays.com\/fr\/wp-json\/wp\/v2\/categories?post=564345"},{"taxonomy":"post_tag","embeddable":true,"href":"https:\/\/www.europesays.com\/fr\/wp-json\/wp\/v2\/tags?post=564345"}],"curies":[{"name":"wp","href":"https:\/\/api.w.org\/{rel}","templated":true}]}}