{"id":564349,"date":"2025-11-28T11:27:14","date_gmt":"2025-11-28T11:27:14","guid":{"rendered":"https:\/\/www.europesays.com\/fr\/564349\/"},"modified":"2025-11-28T11:27:14","modified_gmt":"2025-11-28T11:27:14","slug":"toulon-le-fournisseur-delectricite-varois-la-bellenergie-distingue-pour-sa-qualite-de-service","status":"publish","type":"post","link":"https:\/\/www.europesays.com\/fr\/564349\/","title":{"rendered":"TOULON : Le fournisseur d&rsquo;\u00e9lectricit\u00e9 varois \u00ab\u00a0la bellenergie\u00a0\u00bb distingu\u00e9 pour sa qualit\u00e9 de service"},"content":{"rendered":"<p><b>Le fournisseur d\u2019\u00e9lectricit\u00e9 varois \u00ab\u00a0la bellenergie\u00a0\u00bb, seul fournisseur alternatif du Sud, a \u00e9t\u00e9 distingu\u00e9 pour la deuxi\u00e8me ann\u00e9e cons\u00e9cutive pour sa qualit\u00e9 de service.<\/b><\/p>\n<p class=\"m_-5975506543259507866Default\">Le M\u00e9diateur national de l\u2019Energie, Autorit\u00e9 publique ind\u00e9pendante, dont la mission est d\u2019informer les consommateurs d\u2019\u00e9nergie sur leurs droits, vient de publier une mise \u00e0 jour de son indicateur annuel de qualit\u00e9 de service client des fournisseurs d\u2019\u00e9nergie.<\/p>\n<p class=\"m_-5975506543259507866Default\">\u00a0La PME \u00ab\u00a0la bellenergie\u00a0\u00bb, pour la deuxi\u00e8me ann\u00e9e cons\u00e9cutive, d\u00e9croche la note maximale de 4 \u00e9toiles, et se classe parmi les meilleurs fournisseurs du march\u00e9, 4\u00e8me ex-aequo avec EDF.<\/p>\n<p class=\"m_-5975506543259507866Default\">\u00a0L\u2019entreprise r\u00e9duit m\u00eame de 10% le nombre de saisines, crit\u00e8re cl\u00e9 qui d\u00e9termine le classement entre les diff\u00e9rents acteurs. Cette distinction refl\u00e8te avant tout l\u2019engagement des \u00e9quipes \u2013 et particuli\u00e8rement du service client \u2013 \u00e0 placer la transparence, l\u2019\u00e9coute et la qualit\u00e9 de service au c\u0153ur de notre mission.<\/p>\n<p class=\"m_-5975506543259507866Default\">La PME \u00ab\u00a0la bellenergie\u00a0\u00bb fournit d\u00e9j\u00e0 plus de 100 000 clients dans toute la France, particuliers et professionnels. Install\u00e9 \u00e0 Toulon depuis 2021, l\u2019entreprise poursuit le d\u00e9veloppement de son portefeuille.<\/p>\n<p class=\"m_-5975506543259507866Default\"><b>Photo DR.<\/b><\/p>\n","protected":false},"excerpt":{"rendered":"Le fournisseur d\u2019\u00e9lectricit\u00e9 varois \u00ab\u00a0la bellenergie\u00a0\u00bb, seul fournisseur alternatif du Sud, a \u00e9t\u00e9 distingu\u00e9 pour la deuxi\u00e8me ann\u00e9e&hellip;\n","protected":false},"author":2,"featured_media":564350,"comment_status":"","ping_status":"","sticky":false,"template":"","format":"standard","meta":{"footnotes":""},"categories":[9619],"tags":[1111,11,1777,674,1011,27,12,882,25,2310],"class_list":{"0":"post-564349","1":"post","2":"type-post","3":"status-publish","4":"format-standard","5":"has-post-thumbnail","7":"category-toulon","8":"tag-actu","9":"tag-actualites","10":"tag-eu","11":"tag-europe","12":"tag-fr","13":"tag-france","14":"tag-news","15":"tag-provence-alpes-cote-dazur","16":"tag-republique-francaise","17":"tag-toulon"},"share_on_mastodon":{"url":"https:\/\/pubeurope.com\/@fr\/115627087935374152","error":""},"_links":{"self":[{"href":"https:\/\/www.europesays.com\/fr\/wp-json\/wp\/v2\/posts\/564349","targetHints":{"allow":["GET"]}}],"collection":[{"href":"https:\/\/www.europesays.com\/fr\/wp-json\/wp\/v2\/posts"}],"about":[{"href":"https:\/\/www.europesays.com\/fr\/wp-json\/wp\/v2\/types\/post"}],"author":[{"embeddable":true,"href":"https:\/\/www.europesays.com\/fr\/wp-json\/wp\/v2\/users\/2"}],"replies":[{"embeddable":true,"href":"https:\/\/www.europesays.com\/fr\/wp-json\/wp\/v2\/comments?post=564349"}],"version-history":[{"count":0,"href":"https:\/\/www.europesays.com\/fr\/wp-json\/wp\/v2\/posts\/564349\/revisions"}],"wp:featuredmedia":[{"embeddable":true,"href":"https:\/\/www.europesays.com\/fr\/wp-json\/wp\/v2\/media\/564350"}],"wp:attachment":[{"href":"https:\/\/www.europesays.com\/fr\/wp-json\/wp\/v2\/media?parent=564349"}],"wp:term":[{"taxonomy":"category","embeddable":true,"href":"https:\/\/www.europesays.com\/fr\/wp-json\/wp\/v2\/categories?post=564349"},{"taxonomy":"post_tag","embeddable":true,"href":"https:\/\/www.europesays.com\/fr\/wp-json\/wp\/v2\/tags?post=564349"}],"curies":[{"name":"wp","href":"https:\/\/api.w.org\/{rel}","templated":true}]}}