{"id":564357,"date":"2025-11-28T11:31:16","date_gmt":"2025-11-28T11:31:16","guid":{"rendered":"https:\/\/www.europesays.com\/fr\/564357\/"},"modified":"2025-11-28T11:31:16","modified_gmt":"2025-11-28T11:31:16","slug":"shopping-de-noel-expos-on-fait-quoi-ce-weekend-a-rouen","status":"publish","type":"post","link":"https:\/\/www.europesays.com\/fr\/564357\/","title":{"rendered":"Shopping de No\u00ebl, expos&#8230; On fait quoi ce weekend \u00e0 Rouen\u00a0?"},"content":{"rendered":"<p>                    Par<br \/>\n        <strong><br \/>\n            <a href=\"https:\/\/actu.fr\/auteur\/julien-bouteiller\" title=\"Consulter tous les articles de Julien Bouteiller\" target=\"_blank\" rel=\"noopener\">Julien Bouteiller<\/a><br \/>\n                    <\/strong><\/p>\n<p>        Publi\u00e9 le<\/p>\n<p>            28 nov. 2025 \u00e0 11h22        <\/p>\n<p>Et voil\u00e0, le mois de novembre\u00a02025 touche \u00e0 sa fin en m\u00eame temps que cette semaine. Le weekend arrive et c\u2019est l\u2019occasion de sortir un peu. Et comme chaque semaine, <a href=\"https:\/\/actu.fr\/76actu\/\" target=\"_blank\" rel=\"noopener\">76actu<\/a> vous dresse <strong>une liste d\u2019id\u00e9es pour vous occuper \u00e0 Rouen<\/strong> ces samedi\u00a029 et dimanche 30\u00a0novembre.<\/p>\n<p>Un tour au march\u00e9 de No\u00ebl<\/p>\n<p class=\" wall-content\">D\u00e9cembre n\u2019a pas encore commenc\u00e9, <a href=\"https:\/\/actu.fr\/normandie\/rouen_76540\/patinoire-ephemere-grande-parade-illuminations-le-programme-des-animations-de-noel-a-rouen_63473134.html\" target=\"_blank\" rel=\"noopener\">mais le march\u00e9 de No\u00ebl oui<\/a>. Sur le parvis de la cath\u00e9drale, vous pouvez donc fl\u00e2ner au milieu des chalets pour trouver peut-\u00eatre un petit cadeau \u00e0 mettre sous le sapin, vous offrir un chocolat o\u00f9 un vin chaud ou simplement vous promener en vous \u00e9merveillant des d\u00e9corations.<\/p>\n<p>Faire votre shopping de No\u00ebl<\/p>\n<p class=\" wall-content\">Et puisqu\u2019on est dans l\u2019ambiance des f\u00eates, autant vous dire qu\u2019il n\u2019est pas trop t\u00f4t pour faire votre shopping de No\u00ebl. Il y a plein de nouvelles boutiques qui peuvent vous permettre de d\u00e9nicher le cadeau id\u00e9al\u2009: <a href=\"https:\/\/actu.fr\/normandie\/rouen_76540\/nouveau-a-rouen-une-boutique-de-haute-parfumerie-de-niche-ouvre-pres-de-la-place-du-vieux-marche_63362278.html\" target=\"_blank\" rel=\"noopener\">les parfums haut de gamme de Roel<\/a>, des v\u00eatements pour hommes <a href=\"https:\/\/actu.fr\/normandie\/rouen_76540\/nouveau-a-rouen-majo-boutique-de-vetements-pour-hommes-tous-styles-et-toutes-gammes_63334885.html\" target=\"_blank\" rel=\"noopener\">chez Majo<\/a>, des cr\u00e9ations d\u2019artisans locaux <a href=\"https:\/\/actu.fr\/normandie\/rouen_76540\/a-rouen-cette-boutique-de-createurs-locaux-veut-vous-donner-le-sourire_63456137.html\" target=\"_blank\" rel=\"noopener\">chez Smile<\/a>, de l\u2019\u00e9picerie fine <a href=\"https:\/\/actu.fr\/normandie\/isneauville_76377\/le-bouquet-normand-conserverie-epicerie-fine-et-produits-regionaux_63297979.html\" target=\"_blank\" rel=\"noopener\">au Bouquet Normand<\/a>, de la d\u00e9co chez <a href=\"https:\/\/actu.fr\/normandie\/isneauville_76377\/maison-marcelle-specialiste-de-la-decoration-interieure_63232068.html\" target=\"_blank\" rel=\"noopener\">Maison Marcelle<\/a> et bien d\u2019autres\u2009!<\/p>\n<p>Devenez artiste pendant une heure<\/p>\n<p class=\" wall-content\">Et si vous laissiez parler votre \u00e2me d\u2019artiste ce weekend\u2009? Depuis septembre, <a href=\"https:\/\/actu.fr\/normandie\/rouen_76540\/nouveau-concept-a-rouen-en-couple-entre-amis-ou-en-famille-devenez-artiste-le-temps-d-une-heure_63228762.html\" target=\"_blank\" rel=\"noopener\">Kiss My Art<\/a> propose de vous fournir une salle et tout le mat\u00e9riel pour laisser aller votre cr\u00e9ativit\u00e9. Et sur une toile d\u20191m50 sur 1m, il y a de quoi faire\u2009!<\/p>\n<p>Une expo d\u00e9di\u00e9e \u00e0 un ma\u00eetre rouennais<\/p>\n<p class=\" wall-content\">Si vous avez plut\u00f4t envie d\u2019admirer le travail des autres plut\u00f4t que de peindre vous-m\u00eame, rendez-vous \u00e0 la Galerie Bertran. Elle consacre actuellement <a href=\"https:\/\/actu.fr\/normandie\/rouen_76540\/peintre-mousquetaire-qui-etait-charles-frechon-mis-a-l-honneur-dans-une-expo-inedite-a-rouen_63377559.html\" target=\"_blank\" rel=\"noopener\">une expo \u00e0 Charles Frechon<\/a>. En 20 travaux, elle retrace le parcours de ce peintre discret, avant-gardiste et qui a brill\u00e9 dans le pr\u00e9-impressionnisme et le pointillisme.<\/p>\n<p>Quand la peinture devient immersive<\/p>\n<p class=\" wall-content\">Autre expo, cette fois \u00e0 l\u2019espace Marc-Sangnier \u00e0 Mont-Saint-Aignan. <a href=\"https:\/\/www.normandie-tourisme.fr\/agenda\/akira-inumaru-exposition-de-peinture\/\" target=\"_blank\" rel=\"noopener\">L\u2019artiste Akira Inumaru<\/a> propose Les Lumi\u00e8res \u00e9veill\u00e9es, une expo qui m\u00eale la peinture aux projections mapping. Le tout pour une immersion totale dans son univers m\u00ealant lumi\u00e8re et nature.<\/p>\n<p>Vid\u00e9os : en ce moment sur ActuSuivez l\u2019actualit\u00e9 de Rouen <a href=\"https:\/\/www.whatsapp.com\/channel\/0029VaKfnf99hXF2ddApFB1D\" target=\"_blank\" rel=\"noopener\">sur notre cha\u00eene WhatsApp<\/a> et <a href=\"https:\/\/www.tiktok.com\/@76actu.fr?lang=fr\" target=\"_blank\" rel=\"noopener\">sur notre compte TikTok<\/a>Vous souhaitez annoncer un \u00e9v\u00e9nement festif ou associatif, une initiative locale\u2009? Rendez-vous sur notre plateforme <a href=\"https:\/\/www.infolocale.fr\/decouvrir\/actu\/\" target=\"_blank\" rel=\"noopener\">Infolocale<\/a>.<\/p>\n<p class=\" wall-content\">Personnalisez votre actualit\u00e9 en ajoutant vos villes et m\u00e9dias en favori avec <a href=\"https:\/\/moncompte.actu.fr\" title=\"D\u00e9couvez Mon Actu\" rel=\"nofollow noopener\" data-trk=\"{&quot;cta&quot;:{&quot;action&quot;:&quot;https:\\\/\\\/moncompte.actu.fr&quot;,&quot;category&quot;:&quot;mon compte&quot;,&quot;from&quot;:&quot;article footer&quot;,&quot;name&quot;:&quot;Mon actu&quot;,&quot;type&quot;:&quot;cta&quot;}}\" target=\"_blank\">Mon Actu<\/a>.<\/p>\n<p>                    <script async src=\"\/\/www.tiktok.com\/embed.js\"><\/script><\/p>\n","protected":false},"excerpt":{"rendered":"Par Julien Bouteiller Publi\u00e9 le 28 nov. 2025 \u00e0 11h22 Et voil\u00e0, le mois de novembre\u00a02025 touche \u00e0&hellip;\n","protected":false},"author":2,"featured_media":527018,"comment_status":"","ping_status":"","sticky":false,"template":"","format":"standard","meta":{"footnotes":""},"categories":[9587],"tags":[1111,11,9086,1777,674,1011,27,1652,12,15830,5161,25,9590],"class_list":{"0":"post-564357","1":"post","2":"type-post","3":"status-publish","4":"format-standard","5":"has-post-thumbnail","7":"category-rouen","8":"tag-actu","9":"tag-actualites","10":"tag-bon-plan-a-rouen","11":"tag-eu","12":"tag-europe","13":"tag-fr","14":"tag-france","15":"tag-loisirs-culture","16":"tag-news","17":"tag-noel","18":"tag-normandie","19":"tag-republique-francaise","20":"tag-rouen"},"share_on_mastodon":{"url":"https:\/\/pubeurope.com\/@fr\/115627103693515591","error":""},"_links":{"self":[{"href":"https:\/\/www.europesays.com\/fr\/wp-json\/wp\/v2\/posts\/564357","targetHints":{"allow":["GET"]}}],"collection":[{"href":"https:\/\/www.europesays.com\/fr\/wp-json\/wp\/v2\/posts"}],"about":[{"href":"https:\/\/www.europesays.com\/fr\/wp-json\/wp\/v2\/types\/post"}],"author":[{"embeddable":true,"href":"https:\/\/www.europesays.com\/fr\/wp-json\/wp\/v2\/users\/2"}],"replies":[{"embeddable":true,"href":"https:\/\/www.europesays.com\/fr\/wp-json\/wp\/v2\/comments?post=564357"}],"version-history":[{"count":0,"href":"https:\/\/www.europesays.com\/fr\/wp-json\/wp\/v2\/posts\/564357\/revisions"}],"wp:featuredmedia":[{"embeddable":true,"href":"https:\/\/www.europesays.com\/fr\/wp-json\/wp\/v2\/media\/527018"}],"wp:attachment":[{"href":"https:\/\/www.europesays.com\/fr\/wp-json\/wp\/v2\/media?parent=564357"}],"wp:term":[{"taxonomy":"category","embeddable":true,"href":"https:\/\/www.europesays.com\/fr\/wp-json\/wp\/v2\/categories?post=564357"},{"taxonomy":"post_tag","embeddable":true,"href":"https:\/\/www.europesays.com\/fr\/wp-json\/wp\/v2\/tags?post=564357"}],"curies":[{"name":"wp","href":"https:\/\/api.w.org\/{rel}","templated":true}]}}