{"id":564362,"date":"2025-11-28T11:34:13","date_gmt":"2025-11-28T11:34:13","guid":{"rendered":"https:\/\/www.europesays.com\/fr\/564362\/"},"modified":"2025-11-28T11:34:13","modified_gmt":"2025-11-28T11:34:13","slug":"avec-1-000-decors-lumineux-voici-a-quelle-heure-debutent-les-illuminations-de-noel-a-rennes","status":"publish","type":"post","link":"https:\/\/www.europesays.com\/fr\/564362\/","title":{"rendered":"Avec 1\u00a0000 d\u00e9cors lumineux, voici \u00e0 quelle heure d\u00e9butent les illuminations de No\u00ebl \u00e0 Rennes"},"content":{"rendered":"<p>L\u2019heure est venue pour la ville de Rennes de se parer de lumi\u00e8res. D\u00e9j\u00e0 install\u00e9es depuis plusieurs semaines, les illuminations dans le centre-ville de Rennes vont enfin se mettre \u00e0 scintiller. <a href=\"https:\/\/www.letelegramme.fr\/ille-et-vilaine\/rennes-35000\/un-nouveau-village-de-noel-va-sinstaller-sur-cette-place-de-rennes-6905999.php\" target=\"_blank\" rel=\"noopener\">Les festivit\u00e9s d\u00e9marreront ce samedi 29 novembre \u00e0 17 h<\/a> avec une d\u00e9ambulation musicale qui partira de la place Sainte-Anne. Un parcours qui se termina place du Parlement pour le traditionnel lancement des illuminations \u00e0 18 h.<\/p>\n<p>10 km de guirlande<\/p>\n<p>Les illuminations de No\u00ebl brilleront chaque soir jusqu\u2019au 4 janvier 2026, avec une extinction \u00e0 23 h, sauf les nuits des 24 et 31 d\u00e9cembre, o\u00f9 la magie restera allum\u00e9e jusqu\u2019au bout de la nuit. Au total, la ville a install\u00e9 1 000 d\u00e9cors lumineux et 10 km de guirlande. Les agents municipaux ont, comme chaque ann\u00e9e, fabriqu\u00e9 une grande partie des d\u00e9cors : chalets, tra\u00eeneaux, et installations lumineuses, r\u00e9alis\u00e9s \u00e0 partir de bois recycl\u00e9 issu du patrimoine arbor\u00e9 rennais.<\/p>\n<p>Apr\u00e8s l\u2019ouverture du march\u00e9 de No\u00ebl Mail Fran\u00e7ois-Mitterrand le week-end dernier, celui de la place du Parlement, baptis\u00e9 Village de No\u00ebl, ouvrira \u00e0 son tour ce samedi 29 novembre, de 12 h \u00e0 21, jusqu\u2019au 4 janvier. N\u00e9anmoins, il faudra encore patienter quelques jours pour profiter du conte de No\u00ebl projet\u00e9 sur l\u2019H\u00f4tel de Ville. Intitul\u00e9 \u00ab R\u00eave de lumi\u00e8re \u00bb, ce spectacle, diffus\u00e9 toutes les 20 minutes entre 18 h et 21 h 40, d\u00e9butera le 19 d\u00e9cembre.<\/p>\n","protected":false},"excerpt":{"rendered":"L\u2019heure est venue pour la ville de Rennes de se parer de lumi\u00e8res. D\u00e9j\u00e0 install\u00e9es depuis plusieurs semaines,&hellip;\n","protected":false},"author":2,"featured_media":564363,"comment_status":"","ping_status":"","sticky":false,"template":"","format":"standard","meta":{"footnotes":""},"categories":[2821],"tags":[1111,11,829,1777,674,1011,27,848,12,68029,584,25],"class_list":{"0":"post-564362","1":"post","2":"type-post","3":"status-publish","4":"format-standard","5":"has-post-thumbnail","7":"category-rennes","8":"tag-actu","9":"tag-actualites","10":"tag-bretagne","11":"tag-eu","12":"tag-europe","13":"tag-fr","14":"tag-france","15":"tag-ille-et-vilaine","16":"tag-news","17":"tag-noel-en-bretagne","18":"tag-rennes","19":"tag-republique-francaise"},"share_on_mastodon":{"url":"https:\/\/pubeurope.com\/@fr\/115627115587917924","error":""},"_links":{"self":[{"href":"https:\/\/www.europesays.com\/fr\/wp-json\/wp\/v2\/posts\/564362","targetHints":{"allow":["GET"]}}],"collection":[{"href":"https:\/\/www.europesays.com\/fr\/wp-json\/wp\/v2\/posts"}],"about":[{"href":"https:\/\/www.europesays.com\/fr\/wp-json\/wp\/v2\/types\/post"}],"author":[{"embeddable":true,"href":"https:\/\/www.europesays.com\/fr\/wp-json\/wp\/v2\/users\/2"}],"replies":[{"embeddable":true,"href":"https:\/\/www.europesays.com\/fr\/wp-json\/wp\/v2\/comments?post=564362"}],"version-history":[{"count":0,"href":"https:\/\/www.europesays.com\/fr\/wp-json\/wp\/v2\/posts\/564362\/revisions"}],"wp:featuredmedia":[{"embeddable":true,"href":"https:\/\/www.europesays.com\/fr\/wp-json\/wp\/v2\/media\/564363"}],"wp:attachment":[{"href":"https:\/\/www.europesays.com\/fr\/wp-json\/wp\/v2\/media?parent=564362"}],"wp:term":[{"taxonomy":"category","embeddable":true,"href":"https:\/\/www.europesays.com\/fr\/wp-json\/wp\/v2\/categories?post=564362"},{"taxonomy":"post_tag","embeddable":true,"href":"https:\/\/www.europesays.com\/fr\/wp-json\/wp\/v2\/tags?post=564362"}],"curies":[{"name":"wp","href":"https:\/\/api.w.org\/{rel}","templated":true}]}}