{"id":564364,"date":"2025-11-28T11:35:28","date_gmt":"2025-11-28T11:35:28","guid":{"rendered":"https:\/\/www.europesays.com\/fr\/564364\/"},"modified":"2025-11-28T11:35:28","modified_gmt":"2025-11-28T11:35:28","slug":"metz-rennes-les-infos-pratiques-football-club-de-metz-infos-fc-metz-entrainements-fc-metz","status":"publish","type":"post","link":"https:\/\/www.europesays.com\/fr\/564364\/","title":{"rendered":"Metz &#8211; Rennes, les infos pratiques | Football Club de Metz &#8211; Infos FC Metz &#8211; Entra\u00eenements FC Metz"},"content":{"rendered":"<p>BILLETTERIE<br \/>\nPensez \u00e0 t\u00e9l\u00e9charger vos e-billets\u00a0!\u00a0<\/p>\n<p style=\"text-align: justify;\">Afin de gagner du temps aux entr\u00e9es du stade, pensez \u00e0 charger votre t\u00e9l\u00e9phone, \u00e0 t\u00e9l\u00e9charger votre e-billet d\u00e8s \u00e0 pr\u00e9sent et \u00e0 r\u00e9gler la luminosit\u00e9 de votre \u00e9cran au maximum au moment du contr\u00f4le\u00a0!\u00a0<\/p>\n<p>E-ticket nominatif\u00a0<\/p>\n<p style=\"text-align: justify;\">Depuis le mois de janvier 2024, votre e-billet devra \u00eatre nominatif. En cons\u00e9quence, chaque supporter devra modifier le nom et le pr\u00e9nom des b\u00e9n\u00e9ficiaires de chacun de ses e-billets avant de pouvoir les t\u00e9l\u00e9charger.\u00a0<\/p>\n<p>NUMERO D&rsquo;URGENCE<\/p>\n<p style=\"text-align: justify;\">Le FC Metz a \u00e9labor\u00e9, en \u00e9troite collaboration avec des repr\u00e9sentants d\u2019associations, un protocole qui a pour objectif de prendre en charge rapidement les victimes, avec bienveillance, et de favoriser une meilleure coordination avec les parties prenantes pour engager des poursuites si elles le souhaitent.<\/p>\n<p style=\"text-align: justify;\">Toute personne victime ou t\u00e9moin de violences sexistes et sexuelles dans l\u2019enceinte messine pourra d\u00e9sormais contacter le\u00a006 45 03 13 06, un num\u00e9ro d\u00e9di\u00e9, accessible les jours de match ainsi que du lundi au vendredi, de 9h00 \u00e0 18h00. Il sera \u00e9galement possible de signaler un incident par e-mail \u00e0 l\u2019adresse suivante :\u00a0<a href=\"https:\/\/www.fcmetz.com\/2025-2026\/actualites\/equipe-pro\/mailto:signalement-vss@fcmetz.com\" target=\"_blank\" rel=\"noopener\">signalement-vss@fcmetz.com<\/a>. Tous les signalements seront trait\u00e9s par une \u00e9quipe form\u00e9e.<\/p>\n<p>ACCES<br \/>\nPlan de circulation modifi\u00e9 autour de Saint-Symphorien<\/p>\n<p style=\"text-align: justify;\">Pour la r\u00e9ception du Stade Rennais FC le plan de circulation sera modifi\u00e9 autour du Stade Saint-Symphorien, afin de faciliter la circulation aux abords de l\u2019enceinte des Grenats avant la rencontre.<\/p>\n<p style=\"text-align: justify;\">Ainsi, \u00e0 partir de deux heures avant le coup d\u2019envoi du\u00a0match,\u00a0c\u2019est-\u00e0-dire \u00e0 partir de 18h45\u00a0ce vendredi 28\u00a0novembre\u00a0;<\/p>\n<ul>\n<li style=\"text-align: justify;\">L\u2019acc\u00e8s \u00e0 l\u2019\u00eele Saint-Symphorien sera interdit depuis Metz au niveau du rond-point Kennedy\u00a0: en effet, au rond-point Kennedy, la voie d\u2019acc\u00e8s au pont et au Boulevard Saint-Symphorien sera ferm\u00e9e.<\/li>\n<li style=\"text-align: justify;\">La circulation sur le Boulevard Saint-Symphorien sera en sens unique de Longeville-L\u00e8s-Metz vers Metz, entre l\u2019intersection avec la Rue des Villas et jusqu\u2019au rond-point Kennedy.<\/li>\n<\/ul>\n<p>Parkings<\/p>\n<p style=\"text-align: justify;\">Si vous venez en voiture, nous vous conseillons de garer votre v\u00e9hicule au Parking R\u00e9publique ou au Parking Maud&rsquo;Huy.<\/p>\n<p>Transport en commun : Le r\u00e9seau Le Met&rsquo; vous conduit au Stade<\/p>\n<p style=\"text-align: justify;\">Ce vendredi 28\u00a0novembre,\u00a0\u00e0 l&rsquo;occasion de la r\u00e9ception du Stade Rennais FC au Stade Saint-Symphorien, l&rsquo;Eurom\u00e9tropole de Metz et LE MET&rsquo; mettent en place un dispositif sp\u00e9cifique \u00ab\u00a0jour de match\u00a0\u00bb.\u00a0<\/p>\n<p style=\"text-align: justify;\">Ainsi, le billet pour la rencontre FC Metz &#8211; Stade Rennais FC ou une preuve d&rsquo;abonnement au FC Metz version 2025-2026\u00a0= le titre de transport LE MET&rsquo;.<\/p>\n<p>Accueil SSH<\/p>\n<p style=\"text-align: justify;\">Si vous \u00eates un Supporter en Situation de Handicap, retrouvez toutes les informations pour faciliter votre venue au Stade Saint-Symphorien en consultant le carnet de bord d\u00e9di\u00e9 ci-dessous ! <a href=\"https:\/\/www.fcmetz.com\/sites\/default\/files\/images\/carnet_de_bord_ssh-1.pdf\" target=\"_blank\" rel=\"noopener\"><strong>Cliquez ici pour le consulter.<\/strong><\/a><\/p>\n<p>ANIMATIONS\u00a0<br \/>\nOuverture des portes<\/p>\n<p style=\"text-align: justify;\">Les portes du Stade Saint-Symphorien ouvriront \u00e0 19h15.\u00a0<\/p>\n<p style=\"text-align: justify;\">Nous vous conseillons d\u2019anticiper un maximum votre venue pour ne rien manquer de la rencontre.\u00a0<\/p>\n<p style=\"text-align: justify;\">Le coup d\u2019envoi de la rencontre FC Metz \u2013 Stade Rennais FC sera donn\u00e9 \u00e0 20h45.\u00a0<\/p>\n<p>Rendez-vous en Fan zone \u00a0!\u00a0<\/p>\n<p style=\"text-align: justify;\">Ce vendredi 28\u00a0novembre,\u00a0rendez-vous est une nouvelle fois donn\u00e9\u00a0en Fan Zone en avant-match\u00a0! Ouvert\u00a0\u00e0 tout d\u00e9tenteur d&rsquo;un billet de match, cet espace, situ\u00e9 derri\u00e8re la Tribune Ouest du Stade Saint-Symphorien\u00a0vous accueillera\u00a0\u00e0 partir de 19h15\u00a0et vous proposera diverses animations gratuites pour passer un avant-match festif.<\/p>\n<p style=\"text-align: justify;\">Avant le coup d&rsquo;envoi de FC Metz &#8211; Stade Rennais FC,\u00a0profitez ainsi de nombreuses activit\u00e9s\u00a0pour tous les \u00e2ges en Fan Zone.<\/p>\n<p>Une visite en Boutique ?\u00a0<\/p>\n<p style=\"text-align: justify;\">Que ce soit en amont de la rencontre, ou apr\u00e8s le coup de sifflet final, la Boutique Officielle du FC Metz est heureuse de vous accueillir pour vous faire d\u00e9couvrir un large choix de produits ?\u00a0<\/p>\n<p style=\"text-align: justify;\">Ce vendredi, laissez-vous tenter par les nouveau maillots de la saison 2025-2026, la gamme Training ou encore les tenues de sortie !\u00a0<\/p>\n<p style=\"text-align: justify;\"><strong>Ce vendredi, la Boutique vous accueille de 10h00 \u00e0 12h00, 13h30 \u00e0 20h45\u00a0et de 22h30\u00a0\u00e0 23h30\u00a0!<\/strong><\/p>\n<p>La Gazette de Saint-Symph&rsquo; nouvelle version !<\/p>\n<p style=\"text-align: justify;\">Pour la r\u00e9ception du Stade Rennais FC,\u00a0<strong><a href=\"http:\/\/qrco.de\/beHXHU\" target=\"_blank\" rel=\"noopener\">la Gazette se fera uniquement sous format num\u00e9rique.<\/a><\/strong><\/p>\n<p>BUVETTES<br \/>\nPoints de restauration : Profitez des buvettes du Stade<\/p>\n<p style=\"text-align: justify;\">Envie d&rsquo;une pause boisson ou de vous restaurer ? Les buvettes du Stade Saint-Symphorien vous accueillent ce dimanche !<\/p>\n<p style=\"text-align: justify;\">Profitez d&rsquo;une offre de restauration vari\u00e9e pour la saison 2025-2026\u00a0! Outre les traditionnels buvettes \u00ab Kebab \u00bb, \u00ab Grill \u00bb, \u00ab Hot-Dog \u00bb, ou la r\u00e9gionale \u00ab Lorraine \u00bb, retrouvez d\u00e9sormais les buvettes \u00ab Italienne \u00bb. Pr\u00e9sents en Tribunes Sud Haute, Nord Haute ainsi qu\u2019en Tribune Sud M\u00e9diane (Club Prestige) avec une offre partielle, ces points de vente proposeront des p\u00e2tes, de g\u00e9n\u00e9reuses parts de pizzas et de la bi\u00e8re italienne Moretti.<\/p>\n<p>Fin des consignes<\/p>\n<p style=\"text-align: justify;\">Afin d\u2019\u00e9viter la surproduction d\u2019\u00e9cocups, fini les verres consign\u00e9s\u00a0!\u00a0Dans le cadre d\u2019une d\u00e9marche \u00e9co-responsable,\u00a0d\u00e8s la reprise du championnat, vos verres ne pourront plus \u00eatre rembours\u00e9s et leur prix, 1\u20ac, sera int\u00e9gr\u00e9 au tarif global de votre boisson.<\/p>\n<p style=\"text-align: justify;\">Afin de favoriser le r\u00e9emploi des \u00e9cocups\u00a0et de poursuivre la d\u00e9marche de d\u00e9veloppement durable\u00a0dans l\u2019enceinte du Stade Saint-Symphorien, une dizaine de bacs seront \u00e9galement install\u00e9s aux diff\u00e9rentes sorties du stade o\u00f9 vous pourrez les d\u00e9poser en fin de match.<\/p>\n","protected":false},"excerpt":{"rendered":"BILLETTERIE Pensez \u00e0 t\u00e9l\u00e9charger vos e-billets\u00a0!\u00a0 Afin de gagner du temps aux entr\u00e9es du stade, pensez \u00e0 charger&hellip;\n","protected":false},"author":2,"featured_media":564365,"comment_status":"","ping_status":"","sticky":false,"template":"","format":"standard","meta":{"footnotes":""},"categories":[2821],"tags":[1111,11,829,19298,1777,674,1011,27,19297,12,584,25,19299],"class_list":{"0":"post-564364","1":"post","2":"type-post","3":"status-publish","4":"format-standard","5":"has-post-thumbnail","7":"category-rennes","8":"tag-actu","9":"tag-actualites","10":"tag-bretagne","11":"tag-entrainements-fc-metz","12":"tag-eu","13":"tag-europe","14":"tag-fr","15":"tag-france","16":"tag-infos-fc-metz","17":"tag-news","18":"tag-rennes","19":"tag-republique-francaise","20":"tag-videos-fc-metz"},"share_on_mastodon":{"url":"https:\/\/pubeurope.com\/@fr\/115627119525742566","error":""},"_links":{"self":[{"href":"https:\/\/www.europesays.com\/fr\/wp-json\/wp\/v2\/posts\/564364","targetHints":{"allow":["GET"]}}],"collection":[{"href":"https:\/\/www.europesays.com\/fr\/wp-json\/wp\/v2\/posts"}],"about":[{"href":"https:\/\/www.europesays.com\/fr\/wp-json\/wp\/v2\/types\/post"}],"author":[{"embeddable":true,"href":"https:\/\/www.europesays.com\/fr\/wp-json\/wp\/v2\/users\/2"}],"replies":[{"embeddable":true,"href":"https:\/\/www.europesays.com\/fr\/wp-json\/wp\/v2\/comments?post=564364"}],"version-history":[{"count":0,"href":"https:\/\/www.europesays.com\/fr\/wp-json\/wp\/v2\/posts\/564364\/revisions"}],"wp:featuredmedia":[{"embeddable":true,"href":"https:\/\/www.europesays.com\/fr\/wp-json\/wp\/v2\/media\/564365"}],"wp:attachment":[{"href":"https:\/\/www.europesays.com\/fr\/wp-json\/wp\/v2\/media?parent=564364"}],"wp:term":[{"taxonomy":"category","embeddable":true,"href":"https:\/\/www.europesays.com\/fr\/wp-json\/wp\/v2\/categories?post=564364"},{"taxonomy":"post_tag","embeddable":true,"href":"https:\/\/www.europesays.com\/fr\/wp-json\/wp\/v2\/tags?post=564364"}],"curies":[{"name":"wp","href":"https:\/\/api.w.org\/{rel}","templated":true}]}}