{"id":564368,"date":"2025-11-28T11:37:15","date_gmt":"2025-11-28T11:37:15","guid":{"rendered":"https:\/\/www.europesays.com\/fr\/564368\/"},"modified":"2025-11-28T11:37:15","modified_gmt":"2025-11-28T11:37:15","slug":"rc-strasbourg-total-des-primes-deja-gagnees-en-ligue-conference","status":"publish","type":"post","link":"https:\/\/www.europesays.com\/fr\/564368\/","title":{"rendered":"RC Strasbourg. Total des primes d\u00e9j\u00e0 gagn\u00e9es en Ligue Conf\u00e9rence"},"content":{"rendered":"<p><img fetchpriority=\"high\" decoding=\"async\" width=\"620\" height=\"413\" src=\"https:\/\/www.europesays.com\/fr\/wp-content\/uploads\/2025\/10\/Ligue-Europa-Conference-620x413.jpg\" alt=\"RC Strasbourg. Total des primes d\u00e9j\u00e0 gagn\u00e9es en Ligue Conf\u00e9rence\" class=\"wp-image-370477\"  \/>Le RC Strasbourg a fait coup double en dominant Crystal Palace en Ligue Conf\u00e9rence.<\/p>\n<p>Au-del\u00e0 de maintenir le <a href=\"https:\/\/sportune.20minutes.fr\/rc-strasbourg-rcsa\" target=\"_blank\" rel=\"noopener\">RC Strasbourg<\/a> dans le top 8 du classement de la Ligue Conf\u00e9rence, qui permet une accession directe aux huiti\u00e8mes de finale de la comp\u00e9tition, c\u2019est un succ\u00e8s de prestige que s\u2019est offert le club alsacien ce jeudi, face aux Anglais de <a href=\"https:\/\/sportune.20minutes.fr\/crystal-palace\" target=\"_blank\" rel=\"noopener\">Crystal Palace<\/a> domin\u00e9s 2-1. Ce fut une v\u00e9ritable explication entre deux ambitieux que les statistiques d\u00e9signent a minima comme des outsiders \u00e0 la victoire finale. Sinon mieux.<\/p>\n<p>Ainsi, le <a href=\"https:\/\/sportune.20minutes.fr\/rc-strasbourg-rcsa\" target=\"_blank\" rel=\"noopener\">RCSA<\/a> demeure invaincu avec trois succ\u00e8s et un nul depuis l\u2019entame de son tournoi. Ces seules performances sportives rapportent 1,333 million d\u2019euros aux Alsaciens, \u00e0 raison de 400 000 euros par victoire et 133 000 euros le match nul. <a href=\"https:\/\/sportune.20minutes.fr\/les-primes-de-la-ligue-europa-conference-saison-2025-2026-370450\" target=\"_blank\" rel=\"noopener\">Dans le d\u00e9tail de sa formule de primes au b\u00e9n\u00e9fice des clubs<\/a>, l\u2019UEFA pr\u00e9voit aussi une part commune aux trente-six \u00e9quipes engag\u00e9es dans le format ; elle est de 3,17 millions d\u2019euros.<\/p>\n<p>Une deuxi\u00e8me place qui vaudrait cher<\/p>\n<p>Avec le pilier dit de \u00ab\u00a0valeur\u00a0\u00bb, soit l\u2019addition du classement au coefficient et des droits TV des diffuseurs des nations engag\u00e9es, que l\u2019on estime \u00e0 Sportune proche de 2,5 millions d\u2019euros, le <a href=\"https:\/\/sportune.20minutes.fr\/rc-strasbourg-rcsa\" target=\"_blank\" rel=\"noopener\">RC Strasbourg<\/a> cumule ce vendredi matin au lendemain de la quatri\u00e8me journ\u00e9e, pr\u00e8s de sept millions d\u2019euros de primes dans la comp\u00e9tition.<\/p>\n<p>Et les perspectives sont excellentes. Car s\u2019il garde jusqu\u2019au bout la deuxi\u00e8me place sportive qui est la sienne, le <a href=\"https:\/\/sportune.20minutes.fr\/rc-strasbourg-rcsa\" target=\"_blank\" rel=\"noopener\">RCSA<\/a> gagnera 980 000 euros, plus 400 000 euros de bonus aux huit premiers du classement final. Et comme la position est qualificative directement pour les huiti\u00e8mes de finale, cela vaudrait 800 000 euros. C\u2019est-\u00e0-dire 2,18 millions d\u2019euros en plus. Mais on n\u2019en est pas l\u00e0\u2026<\/p>\n","protected":false},"excerpt":{"rendered":"Le RC Strasbourg a fait coup double en dominant Crystal Palace en Ligue Conf\u00e9rence. Au-del\u00e0 de maintenir le&hellip;\n","protected":false},"author":2,"featured_media":438387,"comment_status":"","ping_status":"","sticky":false,"template":"","format":"standard","meta":{"footnotes":""},"categories":[2820],"tags":[1111,11,1777,674,1011,27,775,20708,12,8323,4448,25,640],"class_list":{"0":"post-564368","1":"post","2":"type-post","3":"status-publish","4":"format-standard","5":"has-post-thumbnail","7":"category-strasbourg","8":"tag-actu","9":"tag-actualites","10":"tag-eu","11":"tag-europe","12":"tag-fr","13":"tag-france","14":"tag-grand-est","15":"tag-ligue-europa-conference","16":"tag-news","17":"tag-primes","18":"tag-rc-strasbourg","19":"tag-republique-francaise","20":"tag-strasbourg"},"share_on_mastodon":{"url":"https:\/\/pubeurope.com\/@fr\/115627128003935565","error":""},"_links":{"self":[{"href":"https:\/\/www.europesays.com\/fr\/wp-json\/wp\/v2\/posts\/564368","targetHints":{"allow":["GET"]}}],"collection":[{"href":"https:\/\/www.europesays.com\/fr\/wp-json\/wp\/v2\/posts"}],"about":[{"href":"https:\/\/www.europesays.com\/fr\/wp-json\/wp\/v2\/types\/post"}],"author":[{"embeddable":true,"href":"https:\/\/www.europesays.com\/fr\/wp-json\/wp\/v2\/users\/2"}],"replies":[{"embeddable":true,"href":"https:\/\/www.europesays.com\/fr\/wp-json\/wp\/v2\/comments?post=564368"}],"version-history":[{"count":0,"href":"https:\/\/www.europesays.com\/fr\/wp-json\/wp\/v2\/posts\/564368\/revisions"}],"wp:featuredmedia":[{"embeddable":true,"href":"https:\/\/www.europesays.com\/fr\/wp-json\/wp\/v2\/media\/438387"}],"wp:attachment":[{"href":"https:\/\/www.europesays.com\/fr\/wp-json\/wp\/v2\/media?parent=564368"}],"wp:term":[{"taxonomy":"category","embeddable":true,"href":"https:\/\/www.europesays.com\/fr\/wp-json\/wp\/v2\/categories?post=564368"},{"taxonomy":"post_tag","embeddable":true,"href":"https:\/\/www.europesays.com\/fr\/wp-json\/wp\/v2\/tags?post=564368"}],"curies":[{"name":"wp","href":"https:\/\/api.w.org\/{rel}","templated":true}]}}