{"id":564371,"date":"2025-11-28T11:39:20","date_gmt":"2025-11-28T11:39:20","guid":{"rendered":"https:\/\/www.europesays.com\/fr\/564371\/"},"modified":"2025-11-28T11:39:20","modified_gmt":"2025-11-28T11:39:20","slug":"la-prison-de-nice-subit-de-nombreuses-projections-de-colis-par-dessus-les-filets-de-protection","status":"publish","type":"post","link":"https:\/\/www.europesays.com\/fr\/564371\/","title":{"rendered":"La prison de Nice subit de nombreuses projections de \u00ab\u00a0colis\u00a0\u00bb par-dessus les filets de protection"},"content":{"rendered":"<p>La prison de Nice subit de nombreuses projections de \u00ab\u00a0colis\u00a0\u00bb par-dessus les filets de protectionSur le m\u00eame sujet<a href=\"https:\/\/www.bfmtv.com\/police-justice\/video-essonne-un-animateur-periscolaire-avoue-des-agressions-sexuelles-sur-mineurs_VN-202511280599.html\" title=\"Essonne: un animateur p\u00e9riscolaire avoue des agressions sexuelles sur mineurs\" target=\"_blank\" rel=\"noopener\"><img width=\"16\" height=\"9\" class=\"lozad\"  alt=\"Essonne: un animateur p\u00e9riscolaire avoue des agressions sexuelles sur mineurs\"\/>1:30Essonne: un animateur p\u00e9riscolaire avoue des agressions sexuelles sur mineurs<\/a><a href=\"https:\/\/www.bfmtv.com\/police-justice\/video-il-a-demande-un-cafe-au-lait-le-patron-du-bar-ou-a-ete-interpelle-un-des-deux-evades-de-la-prison-de-dijon-temoigne-sur-bfmtv_VN-202511280594.html\" title=\" &quot;Il a demand\u00e9 un caf\u00e9 au lait&quot;: le patron du bar o\u00f9 a \u00e9t\u00e9 interpell\u00e9 un des deux \u00e9vad\u00e9s de la prison de Dijon t\u00e9moigne sur BFMTV\" target=\"_blank\" rel=\"noopener\"><img width=\"16\" height=\"9\" class=\"lozad\"  alt=\" &quot;Il a demand\u00e9 un caf\u00e9 au lait&quot;: le patron du bar o\u00f9 a \u00e9t\u00e9 interpell\u00e9 un des deux \u00e9vad\u00e9s de la prison de Dijon t\u00e9moigne sur BFMTV\"\/>2:26&Prime;Il a demand\u00e9 un caf\u00e9 au lait\u00a0\u00bb: le patron du bar o\u00f9 a \u00e9t\u00e9 interpell\u00e9 un des deux \u00e9vad\u00e9s de la prison de Dijon t\u00e9moigne sur BFMTV<\/a><a href=\"https:\/\/www.bfmtv.com\/police-justice\/video-la-prison-de-nice-subit-de-nombreuses-projections-de-colis-par-dessus-les-filets-de-protection_VN-202511280561.html\" title=\" La prison de Nice subit de nombreuses projections de &quot;colis&quot; par-dessus les filets de protection \" target=\"_blank\" rel=\"noopener\"><img width=\"16\" height=\"9\" class=\"lozad\"  alt=\" La prison de Nice subit de nombreuses projections de &quot;colis&quot; par-dessus les filets de protection \"\/>en lectureLa prison de Nice subit de nombreuses projections de \u00ab\u00a0colis\u00a0\u00bb par-dessus les filets de protection<\/a><a href=\"https:\/\/www.bfmtv.com\/police-justice\/video-les-services-sont-terrorises-sebastien-crozier-cfe-cgc-reagit-a-la-fermeture-temporaire-du-site-d-orange-a-marseille-en-raison-des-tensions-dans-le-quartier_VN-202511280491.html\" title=\"&quot;Les services sont terroris\u00e9s&quot;:  S\u00e9bastien Crozier (CFE-CGC) r\u00e9agit \u00e0 la fermeture temporaire du site d&#039;Orange \u00e0 Marseille en raison des &quot;tensions&quot; dans le quartier \" target=\"_blank\" rel=\"noopener\"><img width=\"16\" height=\"9\" class=\"lozad\"  alt=\"&quot;Les services sont terroris\u00e9s&quot;:  S\u00e9bastien Crozier (CFE-CGC) r\u00e9agit \u00e0 la fermeture temporaire du site d'Orange \u00e0 Marseille en raison des &quot;tensions&quot; dans le quartier \"\/>3:25&Prime;Les services sont terroris\u00e9s\u00a0\u00bb: S\u00e9bastien Crozier (CFE-CGC) r\u00e9agit \u00e0 la fermeture temporaire du site d&rsquo;Orange \u00e0 Marseille en raison des \u00ab\u00a0tensions\u00a0\u00bb dans le quartier<\/a><a href=\"https:\/\/www.bfmtv.com\/police-justice\/video-l-un-des-detenus-evades-de-la-prison-de-dijon-a-ete-interpelle-en-saone-et-loire-dans-un-bar_VN-202511280460.html\" title=\"L&#039;un des d\u00e9tenus \u00e9vad\u00e9s de la prison de Dijon a \u00e9t\u00e9 interpell\u00e9 en Sa\u00f4ne-et-Loire dans un bar\" target=\"_blank\" rel=\"noopener\"><img width=\"16\" height=\"9\" class=\"lozad\"  alt=\"L'un des d\u00e9tenus \u00e9vad\u00e9s de la prison de Dijon a \u00e9t\u00e9 interpell\u00e9 en Sa\u00f4ne-et-Loire dans un bar\"\/>1:28L&rsquo;un des d\u00e9tenus \u00e9vad\u00e9s de la prison de Dijon a \u00e9t\u00e9 interpell\u00e9 en Sa\u00f4ne-et-Loire dans un bar<\/a><a href=\"https:\/\/www.bfmtv.com\/police-justice\/video-evasions-de-prison-l-interview-de-flavie-rault-ancienne-directrice-de-la-prison-de-la-sante-en-integralite_VN-202511280455.html\" title=\"\u00c9vasions de prison: l&#039;interview de Flavie Rault, ancienne directrice de la prison de la Sant\u00e9, en int\u00e9gralit\u00e9\" target=\"_blank\" rel=\"noopener\"><img width=\"16\" height=\"9\" class=\"lozad\"  alt=\"\u00c9vasions de prison: l'interview de Flavie Rault, ancienne directrice de la prison de la Sant\u00e9, en int\u00e9gralit\u00e9\"\/>19:22\u00c9vasions de prison: l&rsquo;interview de Flavie Rault, ancienne directrice de la prison de la Sant\u00e9, en int\u00e9gralit\u00e9<\/a><a href=\"https:\/\/www.bfmtv.com\/police-justice\/video-l-un-des-detenus-evades-de-la-prison-de-dijon-a-ete-interpelle-en-saone-et-loire_VN-202511280422.html\" title=\"L&#039;un des d\u00e9tenus \u00e9vad\u00e9s de la prison de Dijon a \u00e9t\u00e9 interpell\u00e9 en Sa\u00f4ne-et-Loire\" target=\"_blank\" rel=\"noopener\"><img width=\"16\" height=\"9\" class=\"lozad\"  alt=\"L'un des d\u00e9tenus \u00e9vad\u00e9s de la prison de Dijon a \u00e9t\u00e9 interpell\u00e9 en Sa\u00f4ne-et-Loire\"\/>0:33L&rsquo;un des d\u00e9tenus \u00e9vad\u00e9s de la prison de Dijon a \u00e9t\u00e9 interpell\u00e9 en Sa\u00f4ne-et-Loire<\/a><a href=\"https:\/\/www.bfmtv.com\/police-justice\/video-prisons-de-haute-securite-si-nous-avions-eu-plus-de-temps-nous-aurions-plus-reflechir-plus-sereinement-a-l-ensemble-des-choses-mises-sur-la-table-affirme-flavie-rault-sndp_VN-202511280392.html\" title=\"Prisons de haute s\u00e9curit\u00e9: &quot;Si nous avions eu plus de temps, nous aurions plus r\u00e9fl\u00e9chir plus sereinement \u00e0 l&#039;ensemble des choses mises sur la table&quot;, affirme Flavie Rault (SNDP)\" target=\"_blank\" rel=\"noopener\"><img width=\"16\" height=\"9\" class=\"lozad\"  alt=\"Prisons de haute s\u00e9curit\u00e9: &quot;Si nous avions eu plus de temps, nous aurions plus r\u00e9fl\u00e9chir plus sereinement \u00e0 l'ensemble des choses mises sur la table&quot;, affirme Flavie Rault (SNDP)\"\/>2:33Prisons de haute s\u00e9curit\u00e9: \u00ab\u00a0Si nous avions eu plus de temps, nous aurions plus r\u00e9fl\u00e9chir plus sereinement \u00e0 l&rsquo;ensemble des choses mises sur la table\u00a0\u00bb, affirme Flavie Rault (SNDP)<\/a><a href=\"https:\/\/www.bfmtv.com\/police-justice\/video-dysfonctionnements-dans-les-prisons-nous-en-avons-marre-de-ne-pas-etre-consideres-dans-nos-remarques-declare-flavie-rault-secretaire-generale-du-syndicat-national-des-directeurs-penitentiaires_VN-202511280378.html\" title=\"Dysfonctionnements dans les prisons: &quot;Nous en avons marre de ne pas \u00eatre consid\u00e9r\u00e9s dans nos remarques&quot;, d\u00e9clare Flavie Rault, secr\u00e9taire g\u00e9n\u00e9rale du Syndicat national des directeurs p\u00e9nitentiaires\" target=\"_blank\" rel=\"noopener\"><img width=\"16\" height=\"9\" class=\"lozad\"  alt=\"Dysfonctionnements dans les prisons: &quot;Nous en avons marre de ne pas \u00eatre consid\u00e9r\u00e9s dans nos remarques&quot;, d\u00e9clare Flavie Rault, secr\u00e9taire g\u00e9n\u00e9rale du Syndicat national des directeurs p\u00e9nitentiaires\"\/>2:45Dysfonctionnements dans les prisons: \u00ab\u00a0Nous en avons marre de ne pas \u00eatre consid\u00e9r\u00e9s dans nos remarques\u00a0\u00bb, d\u00e9clare Flavie Rault, secr\u00e9taire g\u00e9n\u00e9rale du Syndicat national des directeurs p\u00e9nitentiaires<\/a><a href=\"https:\/\/www.bfmtv.com\/police-justice\/video-fouilles-xxl-des-prisons-un-coup-d-epee-dans-l-eau-estime-flavie-rault-secretaire-generale-du-syndicat-national-des-directeurs-penitentiaires_VN-202511280373.html\" title=\"Fouilles XXL des prisons: &quot;Un coup d&#039;\u00e9p\u00e9e dans l&#039;eau&quot;, estime Flavie Rault, secr\u00e9taire g\u00e9n\u00e9rale du syndicat national des directeurs p\u00e9nitentiaires\" target=\"_blank\" rel=\"noopener\"><img width=\"16\" height=\"9\" class=\"lozad\"  alt=\"Fouilles XXL des prisons: &quot;Un coup d'\u00e9p\u00e9e dans l'eau&quot;, estime Flavie Rault, secr\u00e9taire g\u00e9n\u00e9rale du syndicat national des directeurs p\u00e9nitentiaires\"\/>1:22Fouilles XXL des prisons: \u00ab\u00a0Un coup d&rsquo;\u00e9p\u00e9e dans l&rsquo;eau\u00a0\u00bb, estime Flavie Rault, secr\u00e9taire g\u00e9n\u00e9rale du syndicat national des directeurs p\u00e9nitentiaires<\/a><a href=\"https:\/\/www.bfmtv.com\/police-justice\/video-prisons-les-brouilleurs-de-telephones-ne-brouillent-pas-les-telephones-detaille-flavie-rault_VN-202511280366.html\" title=\"Prisons: &quot;Les brouilleurs de t\u00e9l\u00e9phones ne brouillent pas les t\u00e9l\u00e9phones&quot;, d\u00e9taille Flavie Rault\" target=\"_blank\" rel=\"noopener\"><img width=\"16\" height=\"9\" class=\"lozad\"  alt=\"Prisons: &quot;Les brouilleurs de t\u00e9l\u00e9phones ne brouillent pas les t\u00e9l\u00e9phones&quot;, d\u00e9taille Flavie Rault\"\/>1:27Prisons: \u00ab\u00a0Les brouilleurs de t\u00e9l\u00e9phones ne brouillent pas les t\u00e9l\u00e9phones\u00a0\u00bb, d\u00e9taille Flavie Rault<\/a><a href=\"https:\/\/www.bfmtv.com\/police-justice\/video-prisons-nous-ne-sommes-absolument-pas-surpris-de-ce-qu-il-se-passe-declare-flavie-rault-secretaire-generale-du-syndicat-national-des-directeurs-penitentiaires_VN-202511280358.html\" title=\"\u00c9vasions de prison: &quot;Nous ne sommes absolument pas surpris de ce qu&#039;il se passe&quot;, d\u00e9clare Flavie Rault, secr\u00e9taire g\u00e9n\u00e9rale du syndicat national des directeurs p\u00e9nitentiaires\" target=\"_blank\" rel=\"noopener\"><img width=\"16\" height=\"9\" class=\"lozad\"  alt=\"\u00c9vasions de prison: &quot;Nous ne sommes absolument pas surpris de ce qu'il se passe&quot;, d\u00e9clare Flavie Rault, secr\u00e9taire g\u00e9n\u00e9rale du syndicat national des directeurs p\u00e9nitentiaires\"\/>1:01\u00c9vasions de prison: \u00ab\u00a0Nous ne sommes absolument pas surpris de ce qu&rsquo;il se passe\u00a0\u00bb, d\u00e9clare Flavie Rault, secr\u00e9taire g\u00e9n\u00e9rale du syndicat national des directeurs p\u00e9nitentiaires<\/a><a href=\"https:\/\/www.bfmtv.com\/police-justice\/video-cold-case-le-meurtre-de-marie-therese-bonfanti-une-affaire-qui-pourrait-changer-l-avenir-des-jugements-de-cold-case_VN-202511280252.html\" title=\"Cold case: le meurtre de Marie-Th\u00e9r\u00e8se Bonfanti, une affaire qui pourrait changer l&#039;avenir des jugements de cold case\" target=\"_blank\" rel=\"noopener\"><img width=\"16\" height=\"9\" class=\"lozad\"  alt=\"Cold case: le meurtre de Marie-Th\u00e9r\u00e8se Bonfanti, une affaire qui pourrait changer l'avenir des jugements de cold case\"\/>1:12Cold case: le meurtre de Marie-Th\u00e9r\u00e8se Bonfanti, une affaire qui pourrait changer l&rsquo;avenir des jugements de cold case<\/a><a href=\"https:\/\/www.bfmtv.com\/police-justice\/video-orange-ferme-temporairement-son-site-a-marseille-en-raison-des-tensions-dans-le-quartier_VN-202511280181.html\" title=\"Orange ferme temporairement son site \u00e0 Marseille en raison des tensions dans le quartier\" target=\"_blank\" rel=\"noopener\"><img width=\"16\" height=\"9\" class=\"lozad\"  alt=\"Orange ferme temporairement son site \u00e0 Marseille en raison des tensions dans le quartier\"\/>1:02Orange ferme temporairement son site \u00e0 Marseille en raison des tensions dans le quartier<\/a><a class=\"jumpToVideo\" target=\"_blank\"><img class=\"thumbnailPreview\"\/><\/a><\/p>\n","protected":false},"excerpt":{"rendered":"La prison de Nice subit de nombreuses projections de \u00ab\u00a0colis\u00a0\u00bb par-dessus les filets de protectionSur le m\u00eame sujet1:30Essonne:&hellip;\n","protected":false},"author":2,"featured_media":564372,"comment_status":"","ping_status":"","sticky":false,"template":"","format":"standard","meta":{"footnotes":""},"categories":[2819],"tags":[1111,11,1777,674,1011,27,12,2401,882,25],"class_list":{"0":"post-564371","1":"post","2":"type-post","3":"status-publish","4":"format-standard","5":"has-post-thumbnail","7":"category-nice","8":"tag-actu","9":"tag-actualites","10":"tag-eu","11":"tag-europe","12":"tag-fr","13":"tag-france","14":"tag-news","15":"tag-nice","16":"tag-provence-alpes-cote-dazur","17":"tag-republique-francaise"},"share_on_mastodon":{"url":"https:\/\/pubeurope.com\/@fr\/115627135184292168","error":""},"_links":{"self":[{"href":"https:\/\/www.europesays.com\/fr\/wp-json\/wp\/v2\/posts\/564371","targetHints":{"allow":["GET"]}}],"collection":[{"href":"https:\/\/www.europesays.com\/fr\/wp-json\/wp\/v2\/posts"}],"about":[{"href":"https:\/\/www.europesays.com\/fr\/wp-json\/wp\/v2\/types\/post"}],"author":[{"embeddable":true,"href":"https:\/\/www.europesays.com\/fr\/wp-json\/wp\/v2\/users\/2"}],"replies":[{"embeddable":true,"href":"https:\/\/www.europesays.com\/fr\/wp-json\/wp\/v2\/comments?post=564371"}],"version-history":[{"count":0,"href":"https:\/\/www.europesays.com\/fr\/wp-json\/wp\/v2\/posts\/564371\/revisions"}],"wp:featuredmedia":[{"embeddable":true,"href":"https:\/\/www.europesays.com\/fr\/wp-json\/wp\/v2\/media\/564372"}],"wp:attachment":[{"href":"https:\/\/www.europesays.com\/fr\/wp-json\/wp\/v2\/media?parent=564371"}],"wp:term":[{"taxonomy":"category","embeddable":true,"href":"https:\/\/www.europesays.com\/fr\/wp-json\/wp\/v2\/categories?post=564371"},{"taxonomy":"post_tag","embeddable":true,"href":"https:\/\/www.europesays.com\/fr\/wp-json\/wp\/v2\/tags?post=564371"}],"curies":[{"name":"wp","href":"https:\/\/api.w.org\/{rel}","templated":true}]}}