{"id":564379,"date":"2025-11-28T11:43:17","date_gmt":"2025-11-28T11:43:17","guid":{"rendered":"https:\/\/www.europesays.com\/fr\/564379\/"},"modified":"2025-11-28T11:43:17","modified_gmt":"2025-11-28T11:43:17","slug":"si-on-veut-tuer-nos-territoires-ruraux-on-na-qua-continuer-a-creer-des-inegalites-deplore-marie-francoise-fournier-maire-se-de-gueret","status":"publish","type":"post","link":"https:\/\/www.europesays.com\/fr\/564379\/","title":{"rendered":"\u00ab\u00a0Si on veut tuer nos territoires ruraux, on n&rsquo;a qu&rsquo;\u00e0 continuer \u00e0 cr\u00e9er des in\u00e9galit\u00e9s\u00a0\u00bb, d\u00e9plore Marie-Fran\u00e7oise Fournier, maire (SE) de Gu\u00e9ret"},"content":{"rendered":"<p>TGV Bordeaux-Lyon: \u00ab\u00a0Si on veut tuer nos territoires ruraux, on n&rsquo;a qu&rsquo;\u00e0 continuer \u00e0 cr\u00e9er des in\u00e9galit\u00e9s\u00a0\u00bb, d\u00e9plore Marie-Fran\u00e7oise Fournier, maire (SE) de Gu\u00e9retSur le m\u00eame sujet<a href=\"https:\/\/www.bfmtv.com\/politique\/video-cyberharcelement-et-fake-news-on-est-est-trop-lents-emmanuel-macron-veut-durcir-notre-loi_VN-202511280609.html\" title=\"&quot;J&#039;y suis confront\u00e9&quot;: Emmanuel Macron veut &quot;durcir la loi&quot; contre les fausses informations sur les r\u00e9seaux sociaux\" target=\"_blank\" rel=\"noopener\"><img width=\"16\" height=\"9\" class=\"lozad\"  alt=\"&quot;J'y suis confront\u00e9&quot;: Emmanuel Macron veut &quot;durcir la loi&quot; contre les fausses informations sur les r\u00e9seaux sociaux\"\/>1:52&Prime;J&rsquo;y suis confront\u00e9\u00a0\u00bb: Emmanuel Macron veut \u00ab\u00a0durcir la loi\u00a0\u00bb contre les fausses informations sur les r\u00e9seaux sociaux<\/a><a href=\"https:\/\/www.bfmtv.com\/politique\/la-france-insoumise\/video-impots-il-n-est-pas-normal-qu-un-milliardaire-paye-en-proportion-deux-fois-moins-que-n-importe-quel-francais-affirme-aurelien-le-coq-depute-lfi-du-nord_VN-202511280597.html\" title=\"Imp\u00f4ts: &quot;Il n&#039;est pas normal qu&#039;un milliardaire paye en proportion deux fois moins que n&#039;importe quel Fran\u00e7ais&quot;, affirme Aur\u00e9lien Le Coq, d\u00e9put\u00e9 LFI du Nord\" target=\"_blank\" rel=\"noopener\"><img width=\"16\" height=\"9\" class=\"lozad\"  alt=\"Imp\u00f4ts: &quot;Il n'est pas normal qu'un milliardaire paye en proportion deux fois moins que n'importe quel Fran\u00e7ais&quot;, affirme Aur\u00e9lien Le Coq, d\u00e9put\u00e9 LFI du Nord\"\/>2:05Imp\u00f4ts: \u00ab\u00a0Il n&rsquo;est pas normal qu&rsquo;un milliardaire paye en proportion deux fois moins que n&rsquo;importe quel Fran\u00e7ais\u00a0\u00bb, affirme Aur\u00e9lien Le Coq, d\u00e9put\u00e9 LFI du Nord<\/a><a href=\"https:\/\/www.bfmtv.com\/politique\/video-faux-comptes-sur-les-reseaux-sociaux-emmanuel-macron-estime-que-c-est-un-combat-a-mener-au-niveau-europeen-affirme_VN-202511280576.html\" title=\"Faux comptes sur les r\u00e9seaux sociaux:  Emmanuel Macron estime que c&#039;est un &quot;combat \u00e0 mener au niveau europ\u00e9en&quot;, affirme\" target=\"_blank\" rel=\"noopener\"><img width=\"16\" height=\"9\" class=\"lozad\"  alt=\"Faux comptes sur les r\u00e9seaux sociaux:  Emmanuel Macron estime que c'est un &quot;combat \u00e0 mener au niveau europ\u00e9en&quot;, affirme\"\/>1:55Faux comptes sur les r\u00e9seaux sociaux: Emmanuel Macron estime que c&rsquo;est un \u00ab\u00a0combat \u00e0 mener au niveau europ\u00e9en\u00a0\u00bb, affirme<\/a><a href=\"https:\/\/www.bfmtv.com\/politique\/video-reseaux-sociaux-quelque-chose-est-en-train-de-se-passer-dans-le-fonctionnement-de-nos-democraties-qui-part-de-travers-declare-emmanuel-macron_VN-202511280568.html\" title=\"R\u00e9seaux sociaux: &quot;Quelque chose est en train de se passer dans le fonctionnement de nos d\u00e9mocraties, qui part de travers&quot;, d\u00e9clare Emmanuel Macron\" target=\"_blank\" rel=\"noopener\"><img width=\"16\" height=\"9\" class=\"lozad\"  alt=\"R\u00e9seaux sociaux: &quot;Quelque chose est en train de se passer dans le fonctionnement de nos d\u00e9mocraties, qui part de travers&quot;, d\u00e9clare Emmanuel Macron\"\/>0:51R\u00e9seaux sociaux: \u00ab\u00a0Quelque chose est en train de se passer dans le fonctionnement de nos d\u00e9mocraties, qui part de travers\u00a0\u00bb, d\u00e9clare Emmanuel Macron<\/a><a href=\"https:\/\/www.bfmtv.com\/politique\/video-edito-pour-79-des-francais-s-acquitter-des-impots-et-des-cotisations-sociales-est-un-acte-citoyen_VN-202511280557.html\" title=\"\u00c9DITO - Pour 79% des Fran\u00e7ais s&#039;acquitter des imp\u00f4ts et des cotisations sociales est &quot;un acte citoyen&quot;\" target=\"_blank\" rel=\"noopener\"><img width=\"16\" height=\"9\" class=\"lozad\"  alt=\"\u00c9DITO - Pour 79% des Fran\u00e7ais s'acquitter des imp\u00f4ts et des cotisations sociales est &quot;un acte citoyen&quot;\"\/>2:53\u00c9DITO &#8211; Pour 79% des Fran\u00e7ais s&rsquo;acquitter des imp\u00f4ts et des cotisations sociales est \u00ab\u00a0un acte citoyen\u00a0\u00bb<\/a><a href=\"https:\/\/www.bfmtv.com\/politique\/video-tgv-bordeaux-lyon-si-on-veut-tuer-nos-territoires-ruraux-on-n-a-qu-a-continuer-a-creer-des-inegalites-deplore-marie-francoise-fournier-maire-se-de-gueret_VN-202511280549.html\" title=\"TGV Bordeaux-Lyon: &quot;Si on veut tuer nos territoires ruraux, on n&#039;a qu&#039;\u00e0 continuer \u00e0 cr\u00e9er des in\u00e9galit\u00e9s&quot;, d\u00e9plore Marie-Fran\u00e7oise Fournier, maire (SE) de Gu\u00e9ret\" target=\"_blank\" rel=\"noopener\"><img width=\"16\" height=\"9\" class=\"lozad\"  alt=\"TGV Bordeaux-Lyon: &quot;Si on veut tuer nos territoires ruraux, on n'a qu'\u00e0 continuer \u00e0 cr\u00e9er des in\u00e9galit\u00e9s&quot;, d\u00e9plore Marie-Fran\u00e7oise Fournier, maire (SE) de Gu\u00e9ret\"\/>en lectureTGV Bordeaux-Lyon: \u00ab\u00a0Si on veut tuer nos territoires ruraux, on n&rsquo;a qu&rsquo;\u00e0 continuer \u00e0 cr\u00e9er des in\u00e9galit\u00e9s\u00a0\u00bb, d\u00e9plore Marie-Fran\u00e7oise Fournier, maire (SE) de Gu\u00e9ret<\/a><a href=\"https:\/\/www.bfmtv.com\/societe\/video-on-est-clairement-dans-l-attaque-des-pratiques-religieuses-najat-benali-rectrice-de-la-mosquee-javel-sur-les-propositions-des-senateurs-lr-pour-lutter-contre-l-islamisme_VN-202511280467.html\" title=\"&quot;On est clairement dans l&#039;attaque des pratiques religieuses&quot;: Najat Benali, rectrice de la mosqu\u00e9e Javel, sur les propositions des s\u00e9nateurs LR pour lutter contre l&#039;islamisme\" target=\"_blank\" rel=\"noopener\"><img width=\"16\" height=\"9\" class=\"lozad\"  alt=\"&quot;On est clairement dans l'attaque des pratiques religieuses&quot;: Najat Benali, rectrice de la mosqu\u00e9e Javel, sur les propositions des s\u00e9nateurs LR pour lutter contre l'islamisme\"\/>2:39&Prime;On est clairement dans l&rsquo;attaque des pratiques religieuses\u00a0\u00bb: Najat Benali, rectrice de la mosqu\u00e9e Javel, sur les propositions des s\u00e9nateurs LR pour lutter contre l&rsquo;islamisme<\/a><a href=\"https:\/\/www.bfmtv.com\/politique\/video-signe-bfm-dysfonctionnements-dans-les-prisons-le-discours-fort-ca-ne-suffit-pas-il-faut-aussi-des-actes-forts-et-ca-le-garde-des-sceaux-n-en-a-tout-simplement-pas-les-moyens_VN-202511280336.html\" title=\"SIGN\u00c9 BFM - Dysfonctionnements dans les prisons: &quot;Le discours fort \u00e7a ne suffit pas, il faut aussi des actes forts, et \u00e7a le garde des Sceaux n&#039;en a tout simplement pas les moyens&quot;\" target=\"_blank\" rel=\"noopener\"><img width=\"16\" height=\"9\" class=\"lozad\"  alt=\"SIGN\u00c9 BFM - Dysfonctionnements dans les prisons: &quot;Le discours fort \u00e7a ne suffit pas, il faut aussi des actes forts, et \u00e7a le garde des Sceaux n'en a tout simplement pas les moyens&quot;\"\/>2:28SIGN\u00c9 BFM &#8211; Dysfonctionnements dans les prisons: \u00ab\u00a0Le discours fort \u00e7a ne suffit pas, il faut aussi des actes forts, et \u00e7a le garde des Sceaux n&rsquo;en a tout simplement pas les moyens\u00a0\u00bb<\/a><a href=\"https:\/\/www.bfmtv.com\/economie\/video-la-proposition-de-loi-deposee-par-lfi-pour-nationaliser-arcelor-mittal-a-ete-adoptee_VN-202511280281.html\" title=\"\u00c9DITO - Faut-il croire \u00e0 la nationalisation d&#039;ArcelorMittal?\" target=\"_blank\" rel=\"noopener\"><img width=\"16\" height=\"9\" class=\"lozad\"  alt=\"\u00c9DITO - Faut-il croire \u00e0 la nationalisation d'ArcelorMittal?\"\/>3:14\u00c9DITO &#8211; Faut-il croire \u00e0 la nationalisation d&rsquo;ArcelorMittal?<\/a><a href=\"https:\/\/www.bfmtv.com\/economie\/patrimoine\/impots-fiscalite\/video-signe-bfm-78-des-francais-jugent-trop-eleve-le-niveau-des-impots_VN-202511280241.html\" title=\"SIGN\u00c9 BFM - 78% des Fran\u00e7ais jugent trop \u00e9lev\u00e9 le niveau des imp\u00f4ts\" target=\"_blank\" rel=\"noopener\"><img width=\"16\" height=\"9\" class=\"lozad\"  alt=\"SIGN\u00c9 BFM - 78% des Fran\u00e7ais jugent trop \u00e9lev\u00e9 le niveau des imp\u00f4ts\"\/>2:54SIGN\u00c9 BFM &#8211; 78% des Fran\u00e7ais jugent trop \u00e9lev\u00e9 le niveau des imp\u00f4ts<\/a><a href=\"https:\/\/www.bfmtv.com\/politique\/la-france-insoumise\/video-lfi-fait-voter-la-nationalisation-d-arcelor-mittal-a-l-assemblee-nationale-avant-de-passer-par-un-vote-au-senat_VN-202511280187.html\" title=\"LFI fait voter la nationalisation d&#039;ArcelorMittal \u00e0 l&#039;Assembl\u00e9e nationale avant de passer par un vote au S\u00e9nat\" target=\"_blank\" rel=\"noopener\"><img width=\"16\" height=\"9\" class=\"lozad\"  alt=\"LFI fait voter la nationalisation d'ArcelorMittal \u00e0 l'Assembl\u00e9e nationale avant de passer par un vote au S\u00e9nat\"\/>1:08LFI fait voter la nationalisation d&rsquo;ArcelorMittal \u00e0 l&rsquo;Assembl\u00e9e nationale avant de passer par un vote au S\u00e9nat<\/a><a href=\"https:\/\/www.bfmtv.com\/replay-emissions\/les-emissions-speciales\/video-edition-speciale-bfmtv-20-ans-d-infos-2-2-27-11_VN-202511280149.html\" title=\"Edition Sp\u00e9ciale - BFMTV : 20 ans d\u2019infos (2\/2) - 27\/11\" target=\"_blank\" rel=\"noopener\"><img width=\"16\" height=\"9\" class=\"lozad\"  alt=\"Edition Sp\u00e9ciale - BFMTV : 20 ans d\u2019infos (2\/2) - 27\/11\"\/>2:19:02Edition Sp\u00e9ciale &#8211; BFMTV : 20 ans d\u2019infos (2\/2) &#8211; 27\/11<\/a><a href=\"https:\/\/www.bfmtv.com\/lyon\/replay-emissions\/lyon-politiques\/video-metropole-de-lyon-on-m-a-propose-de-rejoindre-une-liste-annonce-francois-noel-buffet_VN-202511271057.html\" title=\"M\u00e9tropole de Lyon: &quot;on m&#039;a propos\u00e9 de rejoindre une liste&quot;, annonce Fran\u00e7ois-No\u00ebl Buffet\" target=\"_blank\" rel=\"noopener\"><img width=\"16\" height=\"9\" class=\"lozad\"  alt=\"M\u00e9tropole de Lyon: &quot;on m'a propos\u00e9 de rejoindre une liste&quot;, annonce Fran\u00e7ois-No\u00ebl Buffet\"\/>3:25M\u00e9tropole de Lyon: \u00ab\u00a0on m&rsquo;a propos\u00e9 de rejoindre une liste\u00a0\u00bb, annonce Fran\u00e7ois-No\u00ebl Buffet<\/a><a href=\"https:\/\/www.bfmtv.com\/grand-lille\/replay-emissions\/lille-politiques\/video-invite-mehdi-chalah-potentiel-candidat-ps-a-la-mairie-de-roubaix-pour-les-prochaines-municipales_VN-202511271069.html\" title=\"Invit\u00e9 : Mehdi Chalah, potentiel candidat (PS) \u00e0 la mairie de Roubaix pour les prochaines municipales\" target=\"_blank\" rel=\"noopener\"><img width=\"16\" height=\"9\" class=\"lozad\"  alt=\"Invit\u00e9 : Mehdi Chalah, potentiel candidat (PS) \u00e0 la mairie de Roubaix pour les prochaines municipales\"\/>22:33Invit\u00e9 : Mehdi Chalah, potentiel candidat (PS) \u00e0 la mairie de Roubaix pour les prochaines municipales<\/a><a class=\"jumpToVideo\" target=\"_blank\"><img class=\"thumbnailPreview\"\/><\/a><\/p>\n","protected":false},"excerpt":{"rendered":"TGV Bordeaux-Lyon: \u00ab\u00a0Si on veut tuer nos territoires ruraux, on n&rsquo;a qu&rsquo;\u00e0 continuer \u00e0 cr\u00e9er des in\u00e9galit\u00e9s\u00a0\u00bb, d\u00e9plore&hellip;\n","protected":false},"author":2,"featured_media":564380,"comment_status":"","ping_status":"","sticky":false,"template":"","format":"standard","meta":{"footnotes":""},"categories":[2817],"tags":[1111,11,1997,1777,674,1011,27,12,2219,25],"class_list":{"0":"post-564379","1":"post","2":"type-post","3":"status-publish","4":"format-standard","5":"has-post-thumbnail","7":"category-bordeaux","8":"tag-actu","9":"tag-actualites","10":"tag-bordeaux","11":"tag-eu","12":"tag-europe","13":"tag-fr","14":"tag-france","15":"tag-news","16":"tag-nouvelle-aquitaine","17":"tag-republique-francaise"},"share_on_mastodon":{"url":"https:\/\/pubeurope.com\/@fr\/115627150972948232","error":""},"_links":{"self":[{"href":"https:\/\/www.europesays.com\/fr\/wp-json\/wp\/v2\/posts\/564379","targetHints":{"allow":["GET"]}}],"collection":[{"href":"https:\/\/www.europesays.com\/fr\/wp-json\/wp\/v2\/posts"}],"about":[{"href":"https:\/\/www.europesays.com\/fr\/wp-json\/wp\/v2\/types\/post"}],"author":[{"embeddable":true,"href":"https:\/\/www.europesays.com\/fr\/wp-json\/wp\/v2\/users\/2"}],"replies":[{"embeddable":true,"href":"https:\/\/www.europesays.com\/fr\/wp-json\/wp\/v2\/comments?post=564379"}],"version-history":[{"count":0,"href":"https:\/\/www.europesays.com\/fr\/wp-json\/wp\/v2\/posts\/564379\/revisions"}],"wp:featuredmedia":[{"embeddable":true,"href":"https:\/\/www.europesays.com\/fr\/wp-json\/wp\/v2\/media\/564380"}],"wp:attachment":[{"href":"https:\/\/www.europesays.com\/fr\/wp-json\/wp\/v2\/media?parent=564379"}],"wp:term":[{"taxonomy":"category","embeddable":true,"href":"https:\/\/www.europesays.com\/fr\/wp-json\/wp\/v2\/categories?post=564379"},{"taxonomy":"post_tag","embeddable":true,"href":"https:\/\/www.europesays.com\/fr\/wp-json\/wp\/v2\/tags?post=564379"}],"curies":[{"name":"wp","href":"https:\/\/api.w.org\/{rel}","templated":true}]}}