{"id":564381,"date":"2025-11-28T11:44:16","date_gmt":"2025-11-28T11:44:16","guid":{"rendered":"https:\/\/www.europesays.com\/fr\/564381\/"},"modified":"2025-11-28T11:44:16","modified_gmt":"2025-11-28T11:44:16","slug":"pres-de-toulouse-un-projet-de-supermarche-controverse-recoit-un-avis-defavorable-voici-pourquoi","status":"publish","type":"post","link":"https:\/\/www.europesays.com\/fr\/564381\/","title":{"rendered":"Pr\u00e8s de Toulouse. Un projet de supermarch\u00e9 controvers\u00e9 re\u00e7oit un avis d\u00e9favorable : voici pourquoi"},"content":{"rendered":"<p>                    Par<br \/>\n        <strong><br \/>\n            <a href=\"https:\/\/actu.fr\/auteur\/david-saint-sernin\" title=\"Consulter tous les articles de David Saint-Sernin\" target=\"_blank\" rel=\"noopener\">David Saint-Sernin<\/a><br \/>\n                    <\/strong><\/p>\n<p>        Publi\u00e9 le<\/p>\n<p>            28 nov. 2025 \u00e0 12h28        <\/p>\n<p>C\u2019est une implantation de supermarch\u00e9 qui crispe la commune <a href=\"https:\/\/actu.fr\/occitanie\/seysses_31547\" target=\"_blank\" rel=\"noopener\">de Seysses (Haute-Garonne),<\/a> sud-ouest de Toulouse. Comme Actu Toulouse <a href=\"https:\/\/actu.fr\/occitanie\/seysses_31547\/pres-de-toulouse-la-construction-d-un-nouveau-supermarche-ne-fait-pas-l-unanimite-le-debat-va-etre-tranche_63451181.html\" target=\"_blank\" rel=\"noopener\">en a fait \u00e9cho ces derniers jours,<\/a> rarement l\u2019implantation d\u2019un <strong>supermarch\u00e9 Aldi<\/strong> aura suscit\u00e9 autant de d\u00e9bats dans une commune de l\u2019agglo de Toulouse. Et son promoteur n\u2019imaginait sans doute pas un tel sc\u00e9nario pour ce projet assez modeste \u00e0 l\u2019\u00e9chelle des gros centres commerciaux qui sont <a href=\"https:\/\/actu.fr\/occitanie\/toulouse_31555\/toulouse-comment-l-un-des-centres-commerciaux-les-plus-deserts-de-france-compte-se-relancer_62218245.html\" target=\"_blank\" rel=\"noopener\">sortis de terre ces derni\u00e8res ann\u00e9es dans l\u2019agglom\u00e9ration<\/a>. Et pourtant, en 2025, les contretemps se sont accumul\u00e9s. \u00c0 quelques mois des municipales, le dossier se trouve d\u00e9sormais au centre d\u2019une lutte entre la mairie actuelle et son opposition. Ce mardi 25\u00a0novembre, le projet d\u2019implantation de ce supermarch\u00e9 a finalement \u00e9t\u00e9 discut\u00e9 au sein de la Commission D\u00e9partementale d\u2019Am\u00e9nagement Commercial (CDAC). Et une d\u00e9cision a \u00e9t\u00e9 prise.<\/p>\n<p>Un avis d\u00e9favorable<\/p>\n<p class=\" wall-content\">La CDAC, saisie par la mairie de Seysses, apr\u00e8s le d\u00e9p\u00f4t du permis de construire par la soci\u00e9t\u00e9 tarnaise 3CI Investissements, a donn\u00e9 un <strong>avis d\u00e9favorable<\/strong> \u00e0 ce projet. Un avis d\u00e9favorable qui a \u00e9t\u00e9 donn\u00e9 \u00e0 l\u2019unanimit\u00e9 par les 9 personnes r\u00e9unies au sein de la commission.<\/p>\n<p class=\" wall-content\">Parmi ces personnes figuraient notamment le maire de la commune de Seysses,<strong> J\u00e9r\u00f4me Bouteloup<\/strong>, mais aussi des \u00e9lus du Muretain, et du D\u00e9partement.<\/p>\n<p>Pas un projet opportun selon la CDAC<\/p>\n<p class=\" wall-content\">La CDAC, sur la base du rapport d\u2019instruction pr\u00e9sent\u00e9 par la direction d\u00e9partementale des territoires, a estim\u00e9 que le projet \u00ab\u2009intervient dans un secteur o\u00f9 la croissance des grandes et moyennes surfaces doit \u00eatre restreinte\u2009\u00bb, qu\u2019il \u00ab\u2009vient augmenter et aggraver le trafic aux conditions de circulation d\u00e9j\u00e0 difficiles sur le secteur\u2009\u00bb, qu\u2019il \u00ab\u2009ne contribue ni \u00e0 la pr\u00e9servation, ni \u00e0 la revitalisation du tissu commercial du centre-ville, qu\u2019il pourrait \u00e0 terme venir menacer\u2009\u00bb.<\/p>\n<p class=\" wall-content\">La CDAC a \u00e9galement estim\u00e9 que ce projet \u00ab\u2009aurait plus de sens \u00e0 venir s\u2019installer sur un autre site propos\u00e9 par la commune\u2009\u00bb et \u00ab\u2009m\u00e9riterait d\u2019\u00eatre retravaill\u00e9 en \u00e9troite concertation avec la commune de Seysses et le Muretain\u2009\u00bb.<\/p>\n<p>Le porteur du projet peut faire appel<\/p>\n<p class=\" wall-content\">Suite \u00e0 cet avis d\u00e9favorable, le permis de construire ne peut plus \u00eatre d\u00e9livr\u00e9.\u00a0D\u00e8s lors, le porteur du projet de supermarch\u00e9 peut saisir la commission nationale d\u2019am\u00e9nagement commercial (CNAC) dans un d\u00e9lai d\u2019un mois.<\/p>\n<p class=\" wall-content\">Le supermarch\u00e9 Aldi qu\u2019il portait \u00e0 Seysses est assez classique\u2009: il s\u2019agit de construire un b\u00e2timent de 1\u2009613\u00a0m2, dont 985\u00a0m2 de surface de vente, avec un parking de 65 places. Le supermarch\u00e9 doit prendre place dans une zone commerciale o\u00f9 l\u2019on trouve d\u00e9j\u00e0 un Intermarch\u00e9 Express, non loin de la prison de Seysses. Le projet n\u00e9cessite de d\u00e9molir, en bordure de la route d\u2019Ox, un magasin Biocoop et une maison situ\u00e9e juste \u00e0 c\u00f4t\u00e9.<\/p>\n<p>Votre r\u00e9gion, votre actu !<\/p>\n<p>Recevez chaque jour les infos qui comptent pour vous.<\/p>\n<p>\t<a href=\"https:\/\/actu.fr\/newsletter\" class=\"ac-btn ac-btn--corner ac-btn--medium ac-btn--blue800\" target=\"_blank\" rel=\"noopener\">S&rsquo;incrire<\/a><br \/>\nLa mairie \u00e9tait sceptique<\/p>\n<p class=\" wall-content\">Ces derniers mois, le maire de Seysses s\u2019\u00e9tait montr\u00e9 sceptique quant \u00e0 l\u2019apport de ce projet. En juillet et en novembre, il a fait voter son conseil municipal pour saisir la CDAC sur deux permis diff\u00e9rents. La mairie consid\u00e9rait notamment \u00ab\u2009que cet \u00e9quipement ne contribuerait ni \u00e0 la pr\u00e9servation, ni \u00e0 la revitalisation du tissu commercial du centre-ville, et pourrait menacer cette dynamique, et que le projet ne d\u00e9montre pas la valorisation de fili\u00e8res de production locales\u2009\u00bb.<\/p>\n<p class=\" wall-content\">Le 13\u00a0novembre dernier, lors de la seconde saisine de la CDAC, la mairie assurait\u2009:<\/p>\n<p class=\" wall-content\">\u00ab\u2009Cette d\u00e9cision n\u2019est pas un refus du projet, mais une demande d\u2019avis d\u2019une commission comp\u00e9tente, afin de s\u2019assurer de son opportunit\u00e9 ou non pour la commune. Comme pour d\u2019autres projets similaires qui lui sont soumis, la commune ne se positionne pas pour ou contre une marque d\u2019enseigne, mais sur le contenu du dossier\u2009\u00bb. La mairie fait ce jour-l\u00e0 \u00e9tat de ses m\u00eames doutes par rapport \u00e0 \u00ab\u2009un projet plus que tripl\u00e9e par rapport \u00e0 l\u2019enseigne actuelle (le Biocoop, NDLR), par rapport \u00e9galement au \u00ab\u2009besoin d\u2019une telle superficie suppl\u00e9mentaire, d\u2019une moyenne surface alimentaire sur la commune\u2009\u00bb et enfin,<br \/>son \u00ab\u2009interrogation de l\u2019impact du projet sur la circulation\u2009\u00bb.<\/p>\n<p class=\" wall-content\">Lors du vote au sein de la CDAC, le maire de Seysses a donn\u00e9 un avis d\u00e9favorable.<\/p>\n<p>Les arguments du promoteur<\/p>\n<p class=\" wall-content\">Le promoteur estime de son c\u00f4t\u00e9 que le projet \u00ab\u2009vient renforcer et diversifier l\u2019offre de la zone d\u2019activit\u00e9\u2009\u00bb, qu\u2019il permet \u00ab\u2009de r\u00e9utiliser des b\u00e2timents anciens (1979-1980) par des b\u00e2timents qui respectent tous les crit\u00e8res environnementaux\u2009\u00bb et \u00ab\u2009permet la cr\u00e9ation d\u2019emplois et renforce le dynamisme et l\u2019attractivit\u00e9 de la zone\u2009\u00bb. Pour lui, \u00ab\u2009la circulation routi\u00e8re ne sera pas perturb\u00e9e\u2009\u00bb.<\/p>\n<p class=\" wall-content\">Il a d\u00e9sormais moins d\u2019un mois pour faire appel de cette d\u00e9cision.<\/p>\n<p class=\" wall-content\">Personnalisez votre actualit\u00e9 en ajoutant vos villes et m\u00e9dias en favori avec <a href=\"https:\/\/moncompte.actu.fr\" title=\"D\u00e9couvez Mon Actu\" rel=\"nofollow noopener\" data-trk=\"{&quot;cta&quot;:{&quot;action&quot;:&quot;https:\\\/\\\/moncompte.actu.fr&quot;,&quot;category&quot;:&quot;mon compte&quot;,&quot;from&quot;:&quot;article footer&quot;,&quot;name&quot;:&quot;Mon actu&quot;,&quot;type&quot;:&quot;cta&quot;}}\" target=\"_blank\">Mon Actu<\/a>.<\/p>\n","protected":false},"excerpt":{"rendered":"Par David Saint-Sernin Publi\u00e9 le 28 nov. 2025 \u00e0 12h28 C\u2019est une implantation de supermarch\u00e9 qui crispe la&hellip;\n","protected":false},"author":2,"featured_media":564382,"comment_status":"","ping_status":"","sticky":false,"template":"","format":"standard","meta":{"footnotes":""},"categories":[2816],"tags":[1111,11,33,1777,674,1011,27,12,3147,2849,2680,25,2312],"class_list":{"0":"post-564381","1":"post","2":"type-post","3":"status-publish","4":"format-standard","5":"has-post-thumbnail","7":"category-toulouse","8":"tag-actu","9":"tag-actualites","10":"tag-economie","11":"tag-eu","12":"tag-europe","13":"tag-fr","14":"tag-france","15":"tag-news","16":"tag-nouveaux-commerces","17":"tag-nouveaux-commerces-a-toulouse","18":"tag-occitanie","19":"tag-republique-francaise","20":"tag-toulouse"},"share_on_mastodon":{"url":"https:\/\/pubeurope.com\/@fr\/115627154868965944","error":""},"_links":{"self":[{"href":"https:\/\/www.europesays.com\/fr\/wp-json\/wp\/v2\/posts\/564381","targetHints":{"allow":["GET"]}}],"collection":[{"href":"https:\/\/www.europesays.com\/fr\/wp-json\/wp\/v2\/posts"}],"about":[{"href":"https:\/\/www.europesays.com\/fr\/wp-json\/wp\/v2\/types\/post"}],"author":[{"embeddable":true,"href":"https:\/\/www.europesays.com\/fr\/wp-json\/wp\/v2\/users\/2"}],"replies":[{"embeddable":true,"href":"https:\/\/www.europesays.com\/fr\/wp-json\/wp\/v2\/comments?post=564381"}],"version-history":[{"count":0,"href":"https:\/\/www.europesays.com\/fr\/wp-json\/wp\/v2\/posts\/564381\/revisions"}],"wp:featuredmedia":[{"embeddable":true,"href":"https:\/\/www.europesays.com\/fr\/wp-json\/wp\/v2\/media\/564382"}],"wp:attachment":[{"href":"https:\/\/www.europesays.com\/fr\/wp-json\/wp\/v2\/media?parent=564381"}],"wp:term":[{"taxonomy":"category","embeddable":true,"href":"https:\/\/www.europesays.com\/fr\/wp-json\/wp\/v2\/categories?post=564381"},{"taxonomy":"post_tag","embeddable":true,"href":"https:\/\/www.europesays.com\/fr\/wp-json\/wp\/v2\/tags?post=564381"}],"curies":[{"name":"wp","href":"https:\/\/api.w.org\/{rel}","templated":true}]}}