{"id":564387,"date":"2025-11-28T11:49:28","date_gmt":"2025-11-28T11:49:28","guid":{"rendered":"https:\/\/www.europesays.com\/fr\/564387\/"},"modified":"2025-11-28T11:49:28","modified_gmt":"2025-11-28T11:49:28","slug":"un-grand-show-gratuit-lance-noel-a-lille-ce-vendredi-soir","status":"publish","type":"post","link":"https:\/\/www.europesays.com\/fr\/564387\/","title":{"rendered":"Un grand show gratuit lance No\u00ebl \u00e0 Lille ce vendredi soir"},"content":{"rendered":"<p><b>Fives allume la magie de No\u00ebl d\u00e8s l\u2019apr\u00e8s-midi<\/b>&#13;<\/p>\n<p>Si vous attendiez le moment o\u00f9 Lille passe en mode \u201c<a href=\"https:\/\/www.lebonbon.fr\/lille\/good-news\/ville-nord-se-metamorphose-conte-d-hiver-noel\/\" target=\"_blank\" rel=\"noopener\">hiver enchant\u00e9<\/a>\u201d, il arrive ce vendredi \u00e0 Fives. Le quartier ouvre les festivit\u00e9s avec un programme qui sent bon la chaleur des f\u00eates, m\u00eame quand il fait 3\u00b0C.\u00a0<\/p>\n<p>&#13;<\/p>\n<p>D\u00e8s <b>16h45<\/b>, rendez-vous au <b>square Lardemer<\/b>\u00a0: maquillage pour les enfants, confection d\u2019allumoirs, cracheurs de feu qui bravent le froid comme si c\u2019\u00e9tait juillet, et animations musicales pour donner le ton.<\/p>\n<p>&#13;<\/p>\n<p>\u00c0 <b>17h30<\/b>, la f\u00eate continue <b>place Degeyter<\/b>\u00a0: man\u00e8ges, chants de No\u00ebl, <a href=\"https:\/\/www.lebonbon.fr\/lille\/les-tops-food-et-drink\/meilleur-chocolat-chaud-lille\/\" target=\"_blank\" rel=\"noopener\">chocolat chaud <\/a>et distribution de cadeaux. L\u2019ambiance cosy qui fait du bien, tout simplement.<\/p>\n<p>&#13;<\/p>\n<p><img loading=\"lazy\" decoding=\"async\" src=\"https:\/\/www.europesays.com\/fr\/wp-content\/uploads\/2025\/11\/noel-fives.jpg\" width=\"875\" height=\"1241\" alt=\"\"\/><img decoding=\"async\" src=\"https:\/\/uploads.lebonbon.fr\/source\/2025\/Lille\/novembre\/580825706_1155120253408695_6404707221314418571_n.jpg\" alt=\"\"\/><\/p>\n<p>&#13;<br \/>\n<b>Parade, descente de Saint-Nicolas et feu d\u2019artifice<\/b>&#13;<\/p>\n<p>\u00c0 <b>18h<\/b>, le quartier s\u2019anime en cort\u00e8ge\u00a0: un d\u00e9fil\u00e9 familial et lumineux entre les rues Lafontaine, Gaiet\u00e9, Marengo et Bouvines, histoire de mettre tout Fives dans le m\u00eame mood. Puis \u00e0 <b>19h<\/b>, place au moment le plus attendu\u00a0: <b>la descente de Saint-Nicolas<\/b>, suivie d\u2019un <b>feu d\u2019artifice<\/b> qui viendra \u00e9clairer le ciel du quartier. Une petite parenth\u00e8se f\u00e9erique, gratuite, populaire, et typiquement lilloise, celle qu\u2019on adore chaque ann\u00e9e.<\/p>\n<p>&#13;<\/p>\n<p><b>Vendredi 28 novembre 2025<\/b><br \/><b>\u00c0 partir de 16h45<\/b><\/p>\n","protected":false},"excerpt":{"rendered":"Fives allume la magie de No\u00ebl d\u00e8s l\u2019apr\u00e8s-midi&#13; Si vous attendiez le moment o\u00f9 Lille passe en mode&hellip;\n","protected":false},"author":2,"featured_media":564388,"comment_status":"","ping_status":"","sticky":false,"template":"","format":"standard","meta":{"footnotes":""},"categories":[2815],"tags":[1111,11,1777,674,1011,27,811,1307,12,25],"class_list":{"0":"post-564387","1":"post","2":"type-post","3":"status-publish","4":"format-standard","5":"has-post-thumbnail","7":"category-lille","8":"tag-actu","9":"tag-actualites","10":"tag-eu","11":"tag-europe","12":"tag-fr","13":"tag-france","14":"tag-hauts-de-france","15":"tag-lille","16":"tag-news","17":"tag-republique-francaise"},"share_on_mastodon":{"url":"https:\/\/pubeurope.com\/@fr\/115627175970511878","error":""},"_links":{"self":[{"href":"https:\/\/www.europesays.com\/fr\/wp-json\/wp\/v2\/posts\/564387","targetHints":{"allow":["GET"]}}],"collection":[{"href":"https:\/\/www.europesays.com\/fr\/wp-json\/wp\/v2\/posts"}],"about":[{"href":"https:\/\/www.europesays.com\/fr\/wp-json\/wp\/v2\/types\/post"}],"author":[{"embeddable":true,"href":"https:\/\/www.europesays.com\/fr\/wp-json\/wp\/v2\/users\/2"}],"replies":[{"embeddable":true,"href":"https:\/\/www.europesays.com\/fr\/wp-json\/wp\/v2\/comments?post=564387"}],"version-history":[{"count":0,"href":"https:\/\/www.europesays.com\/fr\/wp-json\/wp\/v2\/posts\/564387\/revisions"}],"wp:featuredmedia":[{"embeddable":true,"href":"https:\/\/www.europesays.com\/fr\/wp-json\/wp\/v2\/media\/564388"}],"wp:attachment":[{"href":"https:\/\/www.europesays.com\/fr\/wp-json\/wp\/v2\/media?parent=564387"}],"wp:term":[{"taxonomy":"category","embeddable":true,"href":"https:\/\/www.europesays.com\/fr\/wp-json\/wp\/v2\/categories?post=564387"},{"taxonomy":"post_tag","embeddable":true,"href":"https:\/\/www.europesays.com\/fr\/wp-json\/wp\/v2\/tags?post=564387"}],"curies":[{"name":"wp","href":"https:\/\/api.w.org\/{rel}","templated":true}]}}