{"id":564389,"date":"2025-11-28T11:51:15","date_gmt":"2025-11-28T11:51:15","guid":{"rendered":"https:\/\/www.europesays.com\/fr\/564389\/"},"modified":"2025-11-28T11:51:15","modified_gmt":"2025-11-28T11:51:15","slug":"une-exposition-inedite-sur-un-siecle-et-demi-dechanges-entre-deux-ports-du-monde","status":"publish","type":"post","link":"https:\/\/www.europesays.com\/fr\/564389\/","title":{"rendered":"une exposition in\u00e9dite sur un si\u00e8cle et demi d\u2019\u00e9changes entre deux ports du monde"},"content":{"rendered":"<p>Eclairer l\u2019Histoire, les contextes et les enjeux contemporains qui en d\u00e9coulent. Les mus\u00e9es de Marseille approfondissent depuis plusieurs ann\u00e9es l\u2019analyse de leurs collections par le biais de pr\u00e8s de 120 000 \u0153uvres, et la nouvelle exposition Aden-Marseille ne d\u00e9roge pas \u00e0 la r\u00e8gle. A travers une trentaine de pi\u00e8ces originaires du Y\u00e9men et arriv\u00e9es \u00e0 Marseille au tournant du XXe si\u00e8cle, les int\u00e9ress\u00e9s sont invit\u00e9s \u00e0 retracer l\u2019histoire qui a uni ces deux villes portuaires. Pr\u00e9sent\u00e9e au Centre de la Vieille Charit\u00e9 du 21 novembre 2025 au 29 mars 2026, elle valorise de mani\u00e8re exceptionnelle les collections arch\u00e9ologiques conserv\u00e9es \u00e0 Marseille et au Louvre.<\/p>\n<p>Offertes par la Compagnie des Messageries maritimes et la famille Ri\u00e8s, n\u00e9gociants sp\u00e9cialis\u00e9s dans le commerce du caf\u00e9, leur pr\u00e9sence dans les collections marseillaises soul\u00e8ve aujourd\u2019hui des questions essentielles sur les conditions historiques de leur acquisition, sur les dynamiques \u00e9conomiques de l\u2019\u00e9poque et sur la constitution d\u2019un patrimoine devenu collectif. Echanges commerciaux, circulations humaines, coop\u00e9rations scientifiques, mais aussi rivalit\u00e9s europ\u00e9ennes dans la r\u00e9gion&#8230; autant d\u2019approches explor\u00e9es, mettant en lumi\u00e8re la richesse de la culture y\u00e9m\u00e9nite et la profondeur historique de ce territoire situ\u00e9 au carrefour de grandes civilisations.<\/p>\n<p>Marseille, carrefour de cultures aux XIXe et XXe si\u00e8cles<\/p>\n<p>En pla\u00e7ant Marseille au c\u0153ur du r\u00e9cit, l\u2019exposition rappelle le r\u00f4le majeur du port m\u00e9diterran\u00e9en dans les \u00e9changes commerciaux, diplomatiques et scientifiques de la fin du XIXe et du d\u00e9but du XXe si\u00e8cle. Pour inscrire cette histoire dans le pr\u00e9sent, des t\u00e9moignages et \u0153uvres d\u2019artistes y\u00e9m\u00e9nites vivant aujourd\u2019hui \u00e0 Marseille viennent enrichir le propos. Ils r\u00e9v\u00e8lent la vitalit\u00e9 de liens toujours vivants entre les deux rives, tout en mettant \u00e0 l\u2019honneur la richesse artistique du Y\u00e9men.<\/p>\n<p>Avec cette exposition ambitieuse, le Centre de la Vieille Charit\u00e9 confirme son r\u00f4le de haut lieu de recherche, de conservation et de m\u00e9diation autour des patrimoines mondiaux, tandis que Marseille et Aden r\u00e9affirment la force des liens qui les unissent depuis pr\u00e8s de cent cinquante ans.<\/p>\n<p><a href=\"https:\/\/vieille-charite-marseille.com\/archives\/aden-marseille-parcours-d-hommes-parcours-d-objets\" rel=\"noopener noreferrer\" target=\"_blank\">Plus d&rsquo;informations<\/a><\/p>\n","protected":false},"excerpt":{"rendered":"Eclairer l\u2019Histoire, les contextes et les enjeux contemporains qui en d\u00e9coulent. Les mus\u00e9es de Marseille approfondissent depuis plusieurs&hellip;\n","protected":false},"author":2,"featured_media":564390,"comment_status":"","ping_status":"","sticky":false,"template":"","format":"standard","meta":{"footnotes":""},"categories":[2814],"tags":[17,1111,11,68030,251,9422,1777,674,3293,1011,27,14982,884,12,882,25,13063,3356,96],"class_list":{"0":"post-564389","1":"post","2":"type-post","3":"status-publish","4":"format-standard","5":"has-post-thumbnail","7":"category-marseille","8":"tag-17","9":"tag-actu","10":"tag-actualites","11":"tag-aden-marseille","12":"tag-culture","13":"tag-demi","14":"tag-eu","15":"tag-europe","16":"tag-exposition","17":"tag-fr","18":"tag-france","19":"tag-inedite","20":"tag-marseille","21":"tag-news","22":"tag-provence-alpes-cote-dazur","23":"tag-republique-francaise","24":"tag-siecle","25":"tag-sur","26":"tag-une"},"share_on_mastodon":{"url":"https:\/\/pubeurope.com\/@fr\/115627182295999643","error":""},"_links":{"self":[{"href":"https:\/\/www.europesays.com\/fr\/wp-json\/wp\/v2\/posts\/564389","targetHints":{"allow":["GET"]}}],"collection":[{"href":"https:\/\/www.europesays.com\/fr\/wp-json\/wp\/v2\/posts"}],"about":[{"href":"https:\/\/www.europesays.com\/fr\/wp-json\/wp\/v2\/types\/post"}],"author":[{"embeddable":true,"href":"https:\/\/www.europesays.com\/fr\/wp-json\/wp\/v2\/users\/2"}],"replies":[{"embeddable":true,"href":"https:\/\/www.europesays.com\/fr\/wp-json\/wp\/v2\/comments?post=564389"}],"version-history":[{"count":0,"href":"https:\/\/www.europesays.com\/fr\/wp-json\/wp\/v2\/posts\/564389\/revisions"}],"wp:featuredmedia":[{"embeddable":true,"href":"https:\/\/www.europesays.com\/fr\/wp-json\/wp\/v2\/media\/564390"}],"wp:attachment":[{"href":"https:\/\/www.europesays.com\/fr\/wp-json\/wp\/v2\/media?parent=564389"}],"wp:term":[{"taxonomy":"category","embeddable":true,"href":"https:\/\/www.europesays.com\/fr\/wp-json\/wp\/v2\/categories?post=564389"},{"taxonomy":"post_tag","embeddable":true,"href":"https:\/\/www.europesays.com\/fr\/wp-json\/wp\/v2\/tags?post=564389"}],"curies":[{"name":"wp","href":"https:\/\/api.w.org\/{rel}","templated":true}]}}