{"id":564391,"date":"2025-11-28T11:52:13","date_gmt":"2025-11-28T11:52:13","guid":{"rendered":"https:\/\/www.europesays.com\/fr\/564391\/"},"modified":"2025-11-28T11:52:13","modified_gmt":"2025-11-28T11:52:13","slug":"orange-va-fermer-son-site-dans-le-quartier-sensible-de-saint-mauront-apres-des-tensions","status":"publish","type":"post","link":"https:\/\/www.europesays.com\/fr\/564391\/","title":{"rendered":"Orange va fermer son site dans le quartier sensible de Saint-Mauront apr\u00e8s des \u00abtensions\u00bb"},"content":{"rendered":"<p class=\"intro \">L&rsquo;op\u00e9rateur Orange va fermer ce vendredi son site de Marseille, situ\u00e9 dans le quartier sensible de Saint-Mauront, apr\u00e8s une \u00ab\u00a0mont\u00e9e des tensions\u00a0\u00bb, indique la direction r\u00e9gionale du groupe. Environ 1.000 personnes travaillent dans ces locaux de la cit\u00e9 phoc\u00e9enne. L&rsquo;entreprise attend \u00ab\u00a0un retour \u00e0 une situation apais\u00e9e dans le quartier\u00a0\u00bb.<\/p>\n<p>Orange va fermer ce vendredi son site de <a href=\"https:\/\/www.europe1.fr\/dossiers\/marseille\" target=\"_blank\" rel=\"noopener\">Marseille<\/a>, situ\u00e9 dans le quartier sensible de Saint-Mauront, jusqu&rsquo;\u00e0 la mi-d\u00e9cembre en raison d&rsquo;une \u00ab\u00a0mont\u00e9e des tensions\u00a0\u00bb dans les alentours, indique la direction r\u00e9gionale du groupe \u00e0 l&rsquo;AFP. Environ 1.000 personnes travaillent dans ces locaux de la cit\u00e9 phoc\u00e9enne.<\/p>\n<p>    La suite apr\u00e8s cette publicit\u00e9<\/p>\n<p>    La suite apr\u00e8s cette publicit\u00e9<\/p>\n<p>L&rsquo;op\u00e9rateur d\u00e9crit des \u00ab\u00a0\u00e9v\u00e9nements r\u00e9p\u00e9t\u00e9s sur la voie publique proches de la sortie de m\u00e9tro National\u00a0\u00bb depuis le d\u00e9but de la semaine, et dit attendre \u00ab\u00a0un retour \u00e0 une situation apais\u00e9e dans le quartier\u00a0\u00bb.<\/p>\n<p>\u00ab\u00a0Le narcotrafic met les salari\u00e9s en \u00e9tat de si\u00e8ge\u00a0\u00bb<\/p>\n<p>Les salari\u00e9s ont d\u00fb \u00eatre confin\u00e9s mardi \u00e0 cause d&rsquo;une \u00ab\u00a0bagarre entre dealers\u00a0\u00bb dans la rue, selon la CFDT du groupe de t\u00e9l\u00e9coms. Dans un communiqu\u00e9, elle \u00e9voque \u00e9galement des pr\u00e9c\u00e9dents dans ce quartier, notamment une fusillade le 23 octobre dernier. \u00ab\u00a0Le narcotrafic met les salari\u00e9s en \u00e9tat de si\u00e8ge\u00a0\u00bb, s&rsquo;est-elle inqui\u00e9t\u00e9e.<\/p>\n<p>    La suite apr\u00e8s cette publicit\u00e9<\/p>\n<p>    La suite apr\u00e8s cette publicit\u00e9<\/p>\n<p>La pr\u00e9f\u00e8te de police d\u00e9l\u00e9gu\u00e9e des Bouches-du-Rh\u00f4ne, Corinne Simon, a temp\u00e9r\u00e9 aupr\u00e8s de l&rsquo;AFP en rejetant l&rsquo;hypoth\u00e8se de \u00ab\u00a0bandes rivales\u00a0\u00bb. \u00ab\u00a0Ce n&rsquo;est absolument pas \u00e7a\u00a0\u00bb, a-t-elle assur\u00e9, tout en reconnaissant que le quartier est \u00ab\u00a0compliqu\u00e9\u00a0\u00bb et en disant comprendre l&rsquo;\u00e9motion des salari\u00e9s. Le 17 a \u00e9t\u00e9 appel\u00e9 une seule fois, a-t-elle pr\u00e9cis\u00e9, et la police s&rsquo;est rendue sur les lieux, sans trouver quelque indice que ce soit.<\/p>\n<p>La CGT demande \u00e0 la direction de \u00ab\u00a0s\u00e9curiser durablement\u00a0\u00bb le site<\/p>\n<p>Orange pr\u00e9cise que les salari\u00e9s\u00a0pourront t\u00e9l\u00e9travailler ou se rendre dans d&rsquo;autres locaux du groupe pendant la fermeture du site de Saint-Mauront. La CGT a demand\u00e9 \u00e0 la direction de \u00ab\u00a0s\u00e9curiser durablement\u00a0\u00bb ce site \u00ab\u00a0embl\u00e9matique\u00a0\u00bb de l&rsquo;op\u00e9rateur. \u00ab\u00a0Y renoncer, plut\u00f4t que le s\u00e9curiser, serait un mauvais signal envoy\u00e9 aux salari\u00e9s et aux habitants des quartiers populaires\u00a0\u00bb, conclut la CGT.<\/p>\n<p>    La suite apr\u00e8s cette publicit\u00e9<\/p>\n<p>    La suite apr\u00e8s cette publicit\u00e9<\/p>\n<p>Cette fermeture de l&rsquo;entreprise sur fond de \u00ab\u00a0tensions\u00a0\u00bb intervient moins d&rsquo;une semaine apr\u00e8s <a href=\"https:\/\/www.europe1.fr\/societe\/en-direct-assassinat-de-mehdi-kessaci-suivez-la-marche-blanche-qui-selance-depuis-marseille-872310\" target=\"_blank\" rel=\"noopener\">une marche blanche en hommage \u00e0 Mehdi Kessaci<\/a>, fr\u00e8re d&rsquo;un militant anti-narcotrafic et assassin\u00e9 le 13 novembre, qui a rassembl\u00e9 plus de 6.000 personnes \u00e0 Marseille.<\/p>\n","protected":false},"excerpt":{"rendered":"L&rsquo;op\u00e9rateur Orange va fermer ce vendredi son site de Marseille, situ\u00e9 dans le quartier sensible de Saint-Mauront, apr\u00e8s&hellip;\n","protected":false},"author":2,"featured_media":564392,"comment_status":"","ping_status":"","sticky":false,"template":"","format":"standard","meta":{"footnotes":""},"categories":[2814],"tags":[1111,11,1777,674,1011,27,884,12,882,25],"class_list":{"0":"post-564391","1":"post","2":"type-post","3":"status-publish","4":"format-standard","5":"has-post-thumbnail","7":"category-marseille","8":"tag-actu","9":"tag-actualites","10":"tag-eu","11":"tag-europe","12":"tag-fr","13":"tag-france","14":"tag-marseille","15":"tag-news","16":"tag-provence-alpes-cote-dazur","17":"tag-republique-francaise"},"share_on_mastodon":{"url":"https:\/\/pubeurope.com\/@fr\/115627186268841664","error":""},"_links":{"self":[{"href":"https:\/\/www.europesays.com\/fr\/wp-json\/wp\/v2\/posts\/564391","targetHints":{"allow":["GET"]}}],"collection":[{"href":"https:\/\/www.europesays.com\/fr\/wp-json\/wp\/v2\/posts"}],"about":[{"href":"https:\/\/www.europesays.com\/fr\/wp-json\/wp\/v2\/types\/post"}],"author":[{"embeddable":true,"href":"https:\/\/www.europesays.com\/fr\/wp-json\/wp\/v2\/users\/2"}],"replies":[{"embeddable":true,"href":"https:\/\/www.europesays.com\/fr\/wp-json\/wp\/v2\/comments?post=564391"}],"version-history":[{"count":0,"href":"https:\/\/www.europesays.com\/fr\/wp-json\/wp\/v2\/posts\/564391\/revisions"}],"wp:featuredmedia":[{"embeddable":true,"href":"https:\/\/www.europesays.com\/fr\/wp-json\/wp\/v2\/media\/564392"}],"wp:attachment":[{"href":"https:\/\/www.europesays.com\/fr\/wp-json\/wp\/v2\/media?parent=564391"}],"wp:term":[{"taxonomy":"category","embeddable":true,"href":"https:\/\/www.europesays.com\/fr\/wp-json\/wp\/v2\/categories?post=564391"},{"taxonomy":"post_tag","embeddable":true,"href":"https:\/\/www.europesays.com\/fr\/wp-json\/wp\/v2\/tags?post=564391"}],"curies":[{"name":"wp","href":"https:\/\/api.w.org\/{rel}","templated":true}]}}