{"id":564393,"date":"2025-11-28T11:53:10","date_gmt":"2025-11-28T11:53:10","guid":{"rendered":"https:\/\/www.europesays.com\/fr\/564393\/"},"modified":"2025-11-28T11:53:10","modified_gmt":"2025-11-28T11:53:10","slug":"un-lyonnais-condamne-pour-avoir-tue-un-automobiliste-qui-lui-avait-fait-un-doigt-dhonneur-au-peage","status":"publish","type":"post","link":"https:\/\/www.europesays.com\/fr\/564393\/","title":{"rendered":"Un Lyonnais condamn\u00e9 pour avoir tu\u00e9 un automobiliste qui lui avait fait un doigt d&rsquo;honneur au p\u00e9age"},"content":{"rendered":"<p itemprop=\"description\"><strong>C&rsquo;est un conflit routier ayant totalement d\u00e9g\u00e9n\u00e9r\u00e9 qui a \u00e9t\u00e9 jug\u00e9 par la cour d&rsquo;assises de l&rsquo;Eure il y a quelques jours.<\/strong><\/p>\n<p>Dans la nuit du 13 au 14 septembre 2021, sur l&rsquo;autoroute A13, la rencontre entre deux hommes impulsifs et sans filtre a vir\u00e9 au drame.<\/p>\n<p>Au p\u00e9age de Bourg-Achard dans l&rsquo;Eure, un routier lyonnais avait klaxonn\u00e9 un automobiliste qui s&rsquo;engageait sur la file r\u00e9serv\u00e9e aux poids-lourds. Ce dernier r\u00e9pondait par un doigt d&rsquo;honneur.<\/p>\n<p>Une altercation comme il en existe des dizaines chaque jour sur les routes de France. Sauf que le Lyonnais voyait rouge et se saisissait d&rsquo;une arme de poing qu&rsquo;il conservait \u00e0 proximit\u00e9, puis ouvrait le feu sur la voiture devant lui.<\/p>\n<p>Plut\u00f4t que d&rsquo;appeler la police ou de prendre le large, l&rsquo;automobiliste d\u00e9cidait \u00e0 son tour de poursuivre le camion jusqu&rsquo;\u00e0 un entrep\u00f4t o\u00f9 il allait faire une livraison. Arm\u00e9 d&rsquo;un marteau, il allait demander des comptes au routier, mais l\u00e0 encore, ce dernier d\u00e9gainait son pistolet et tirait dans la bouche de son opposant.<\/p>\n<p>Paralys\u00e9e \u00e0 vie, la victime d\u00e9c\u00e9dait d&rsquo;un AVC deux ans plus tard. Une mort que les experts attribuaient aux blessures inflig\u00e9es par le tir du routier.<\/p>\n<p>D&rsquo;o\u00f9 le passage de Daniel M. devant le jury d&rsquo;une cour d&rsquo;assises pour le meurtre de Khalid El Khalaoui. Quatorze ans de r\u00e9clusion ont \u00e9t\u00e9 requis par l&rsquo;avocat g\u00e9n\u00e9ral. Une peine convertie en 14 ans de prison ferme, en sachant que l&rsquo;accus\u00e9 en a d\u00e9j\u00e0 effectu\u00e9 4.<\/p>\n","protected":false},"excerpt":{"rendered":"C&rsquo;est un conflit routier ayant totalement d\u00e9g\u00e9n\u00e9r\u00e9 qui a \u00e9t\u00e9 jug\u00e9 par la cour d&rsquo;assises de l&rsquo;Eure il&hellip;\n","protected":false},"author":2,"featured_media":564394,"comment_status":"","ping_status":"","sticky":false,"template":"","format":"standard","meta":{"footnotes":""},"categories":[1889],"tags":[1111,11,2813,2190,2430,1109,251,1112,2811,1777,674,118,1011,27,1922,1110,1114,2428,2810,12,241,316,25,2812,517,800],"class_list":{"0":"post-564393","1":"post","2":"type-post","3":"status-publish","4":"format-standard","5":"has-post-thumbnail","7":"category-lyon","8":"tag-actu","9":"tag-actualites","10":"tag-article","11":"tag-asvel","12":"tag-auvergne-rhone-alpes","13":"tag-breves","14":"tag-culture","15":"tag-depeches","16":"tag-economique","17":"tag-eu","18":"tag-europe","19":"tag-faits-divers","20":"tag-fr","21":"tag-france","22":"tag-info","23":"tag-informations","24":"tag-infos","25":"tag-lyon","26":"tag-lyonmag","27":"tag-news","28":"tag-ol","29":"tag-politique","30":"tag-republique-francaise","31":"tag-sociale","32":"tag-sport","33":"tag-transports"},"share_on_mastodon":{"url":"https:\/\/pubeurope.com\/@fr\/115627190824010371","error":""},"_links":{"self":[{"href":"https:\/\/www.europesays.com\/fr\/wp-json\/wp\/v2\/posts\/564393","targetHints":{"allow":["GET"]}}],"collection":[{"href":"https:\/\/www.europesays.com\/fr\/wp-json\/wp\/v2\/posts"}],"about":[{"href":"https:\/\/www.europesays.com\/fr\/wp-json\/wp\/v2\/types\/post"}],"author":[{"embeddable":true,"href":"https:\/\/www.europesays.com\/fr\/wp-json\/wp\/v2\/users\/2"}],"replies":[{"embeddable":true,"href":"https:\/\/www.europesays.com\/fr\/wp-json\/wp\/v2\/comments?post=564393"}],"version-history":[{"count":0,"href":"https:\/\/www.europesays.com\/fr\/wp-json\/wp\/v2\/posts\/564393\/revisions"}],"wp:featuredmedia":[{"embeddable":true,"href":"https:\/\/www.europesays.com\/fr\/wp-json\/wp\/v2\/media\/564394"}],"wp:attachment":[{"href":"https:\/\/www.europesays.com\/fr\/wp-json\/wp\/v2\/media?parent=564393"}],"wp:term":[{"taxonomy":"category","embeddable":true,"href":"https:\/\/www.europesays.com\/fr\/wp-json\/wp\/v2\/categories?post=564393"},{"taxonomy":"post_tag","embeddable":true,"href":"https:\/\/www.europesays.com\/fr\/wp-json\/wp\/v2\/tags?post=564393"}],"curies":[{"name":"wp","href":"https:\/\/api.w.org\/{rel}","templated":true}]}}