{"id":564399,"date":"2025-11-28T11:57:12","date_gmt":"2025-11-28T11:57:12","guid":{"rendered":"https:\/\/www.europesays.com\/fr\/564399\/"},"modified":"2025-11-28T11:57:12","modified_gmt":"2025-11-28T11:57:12","slug":"duralex-recolte-5-millions-deuros-lors-dune-levee-de-fonds-en-moins-de-24-heures","status":"publish","type":"post","link":"https:\/\/www.europesays.com\/fr\/564399\/","title":{"rendered":"Duralex r\u00e9colte 5\u00a0millions d\u2019euros lors d\u2019une lev\u00e9e de fonds en moins de 24\u00a0heures"},"content":{"rendered":"<p class=\"paragraph text_align_left lp-f-body-02\">Les investisseurs \u00e9taient au rendez-vous. Ce jeudi, la c\u00e9l\u00e8bre verrerie de La Chapelle-Saint-Mesmin (Loiret) Duralex a r\u00e9colt\u00e9 5 millions d\u2019euros <a href=\"https:\/\/www.leparisien.fr\/economie\/on-a-besoin-des-francais-duralex-lance-une-levee-de-fonds-de-5-millions-deuros-tout-ce-quil-faut-savoir-03-11-2025-BS2KUYYGU5EV7NPKN7ROYLB4VE.php\" target=\"_self\" rel=\"noopener\">apr\u00e8s l\u2019appel au financement participatif<\/a> de l\u2019entreprise via la <a href=\"https:\/\/fr.lita.co\/fr\/opportunities\/1099-duralex?utm_source=duralex&amp;utm_medium=entrepreneurship&amp;utm_campaign=duralex-2025q3_entrepreneurship\" target=\"_self\" rel=\"noopener\">plate-forme Lita<\/a>, a annonc\u00e9 le directeur g\u00e9n\u00e9ral de la marque \u00e0 nos confr\u00e8res de <a href=\"https:\/\/www.challenges.fr\/entreprise\/19-millions-en-24-heures-cest-plus-quincroyable-apres-lengouement-populaire-duralex-entame-sa-renaissance_632054\" target=\"_self\" rel=\"noopener\">Challenges<\/a>.<\/p>\n<p class=\"paragraph text_align_left lp-f-body-02\">Au d\u00e9but du mois, une phase d\u2019annonce d\u2019investissement avait \u00e9t\u00e9 ouverte. L\u2019engouement populaire pour sauver l\u2019embl\u00e9matique verrerie &#8211; reprise en ao\u00fbt 2024 par ses propres<a href=\"https:\/\/www.leparisien.fr\/economie\/business\/nous-invitons-tous-les-francais-a-acheter-du-duralex-les-salaries-sauvent-leur-entreprise-de-verrerie-26-07-2024-5M4OWRSW5NA4BESMS5JZXT3P3Q.php\" rel=\"noopener\" target=\"_blank\"> salari\u00e9s qui ont form\u00e9 une soci\u00e9t\u00e9 coop\u00e9rative<\/a> (Scop) &#8211; avait d\u00e9pass\u00e9 toutes les attentes, les Fran\u00e7ais \u00e9tant pr\u00eats \u00e0 investir massivement dans le capital de l\u2019entreprise.<\/p>\n<p class=\"paragraph text_align_left lp-f-body-02\">Ce jeudi, <a href=\"https:\/\/www.leparisien.fr\/loiret-45\/les-francais-veulent-relancer-lindustrie-levee-de-fonds-record-pour-duralex-pres-de-15-millions-promis-en-une-journee-04-11-2025-YG26PIEZPFFT3H6BZA6IVHCINM.php\" target=\"_self\" rel=\"noopener\">marquait donc la phase de collecte<\/a>. \u00ab On esp\u00e9rait avoir trois millions en quatre ou cinq semaines et en poussant jusqu\u2019\u00e0 cinq millions sans trop y croire. En fin de compte, on a re\u00e7u cinq millions en 5h40 et en 24 heures on \u00e9tait arriv\u00e9s \u00e0 19 millions d\u2019euros de promesse. C\u2019est plus qu\u2019incroyable ! \u00bb, s\u2019est r\u00e9joui Fran\u00e7ois Marciano, le directeur g\u00e9n\u00e9ral de la Scop, aupr\u00e8s de nos confr\u00e8res. Les particuliers pouvaient investir d\u00e8s 100 euros, en souscrivant \u00e0 des titres participatifs.<\/p>\n<p>Moderniser son usine<\/p>\n<p class=\"paragraph text_align_left lp-f-body-02\">La plate-forme Lita a d\u00fb interrompu les promesses d\u2019investissement \u00e0 cinq millions d\u2019euros, la limite fix\u00e9e par l\u2019Autorit\u00e9 des March\u00e9s Financiers (AMF). Alors pour les personnes qui souhaitent quand m\u00eame aider ce sp\u00e9cialiste du verre tremp\u00e9, qui emploie 242 salari\u00e9s, Duralex va lancer prochainement une cagnotte.<\/p>\n<p class=\"paragraph text_align_left lp-f-body-02\">L\u2019objectif de cet appel \u00e9tait de renforcer les fonds de la coop\u00e9rative, mais aussi de lui permettre d\u2019investir pour moderniser son usine ou se diversifier. \u00ab Il y a d\u2019\u00e9normes investissements \u00e0 faire sur cette entreprise \u00bb, explique Fran\u00e7ois Marciano \u00e0 Challenges.<\/p>\n<p class=\"paragraph text_align_left lp-f-body-02\">\u00ab Quand nous avons repris l\u2019entreprise, nous avions tabl\u00e9 sur un apport de 15 millions d\u2019euros de la part des collectivit\u00e9s locales et de l\u2019\u00c9tat. Nous n\u2019avons eu que dix millions d\u2019euros. Comme les banques ne nous suivront pas tant que nous n\u2019aurons pas \u00e9mis notre premier bilan, nous allons donc chercher autrement les cinq millions manquants \u00bb, rappelait le dirigeant le mois dernier.<\/p>\n","protected":false},"excerpt":{"rendered":"Les investisseurs \u00e9taient au rendez-vous. Ce jeudi, la c\u00e9l\u00e8bre verrerie de La Chapelle-Saint-Mesmin (Loiret) Duralex a r\u00e9colt\u00e9 5&hellip;\n","protected":false},"author":2,"featured_media":564400,"comment_status":"","ping_status":"","sticky":false,"template":"","format":"standard","meta":{"footnotes":""},"categories":[1888],"tags":[1111,1928,11,1927,459,33,1777,674,1011,27,12,1926,626,1925,25],"class_list":{"0":"post-564399","1":"post","2":"type-post","3":"status-publish","4":"format-standard","5":"has-post-thumbnail","7":"category-paris","8":"tag-actu","9":"tag-actu-paris","10":"tag-actualites","11":"tag-actualites-paris","12":"tag-departements-horsidfo","13":"tag-economie","14":"tag-eu","15":"tag-europe","16":"tag-fr","17":"tag-france","18":"tag-news","19":"tag-news-paris","20":"tag-paris","21":"tag-paris-news","22":"tag-republique-francaise"},"share_on_mastodon":{"url":"https:\/\/pubeurope.com\/@fr\/115627205909847258","error":""},"_links":{"self":[{"href":"https:\/\/www.europesays.com\/fr\/wp-json\/wp\/v2\/posts\/564399","targetHints":{"allow":["GET"]}}],"collection":[{"href":"https:\/\/www.europesays.com\/fr\/wp-json\/wp\/v2\/posts"}],"about":[{"href":"https:\/\/www.europesays.com\/fr\/wp-json\/wp\/v2\/types\/post"}],"author":[{"embeddable":true,"href":"https:\/\/www.europesays.com\/fr\/wp-json\/wp\/v2\/users\/2"}],"replies":[{"embeddable":true,"href":"https:\/\/www.europesays.com\/fr\/wp-json\/wp\/v2\/comments?post=564399"}],"version-history":[{"count":0,"href":"https:\/\/www.europesays.com\/fr\/wp-json\/wp\/v2\/posts\/564399\/revisions"}],"wp:featuredmedia":[{"embeddable":true,"href":"https:\/\/www.europesays.com\/fr\/wp-json\/wp\/v2\/media\/564400"}],"wp:attachment":[{"href":"https:\/\/www.europesays.com\/fr\/wp-json\/wp\/v2\/media?parent=564399"}],"wp:term":[{"taxonomy":"category","embeddable":true,"href":"https:\/\/www.europesays.com\/fr\/wp-json\/wp\/v2\/categories?post=564399"},{"taxonomy":"post_tag","embeddable":true,"href":"https:\/\/www.europesays.com\/fr\/wp-json\/wp\/v2\/tags?post=564399"}],"curies":[{"name":"wp","href":"https:\/\/api.w.org\/{rel}","templated":true}]}}