{"id":564401,"date":"2025-11-28T11:58:11","date_gmt":"2025-11-28T11:58:11","guid":{"rendered":"https:\/\/www.europesays.com\/fr\/564401\/"},"modified":"2025-11-28T11:58:11","modified_gmt":"2025-11-28T11:58:11","slug":"paris-previsions-meteo-du-vendredi-28-novembre-2025","status":"publish","type":"post","link":"https:\/\/www.europesays.com\/fr\/564401\/","title":{"rendered":"Paris : pr\u00e9visions m\u00e9t\u00e9o du vendredi 28 novembre 2025"},"content":{"rendered":"<p>\u00c0 Paris, la matin\u00e9e d\u00e9bute sous une bruine persistante et une humidit\u00e9 \u00e9lev\u00e9e, avant que le ciel ne se d\u00e9gage partiellement dans l\u2019apr\u00e8s-midi. La soir\u00e9e s\u2019annonce claire et fra\u00eeche, avec un temps plus humide attendu pour le lendemain.<\/p>\n<p>    Matin : bruine et humidit\u00e9 \u00e9lev\u00e9e<\/p>\n<p>Ce vendredi 28 novembre 2025, le soleil appara\u00eet \u00e0 08 h 18, mais demeure dissimul\u00e9 derri\u00e8re un ciel charg\u00e9. D\u00e8s 09 h, Paris se retrouve sous une fine bruine, caract\u00e9ristique d\u2019une atmosph\u00e8re automnale particuli\u00e8rement humide.<\/p>\n<ul>\n<li><b>Temp\u00e9rature<\/b> : 8 \u00b0C, ressenti 6 \u00b0C.<\/li>\n<li><b>Humidit\u00e9<\/b> : 98 %, pression 1 019 hPa.<\/li>\n<li><b>Vent<\/b> : 13 km\/h de sud-sud-ouest, constant.<\/li>\n<li>Probabilit\u00e9 de pluie : 100 %.<\/li>\n<\/ul>\n<p>Bien que discr\u00e8tes, les gouttelettes justifient l\u2019usage d\u2019un parapluie pour les d\u00e9placements matinaux. Les rues, rendues glissantes, invitent \u00e0 la vigilance, en particulier pour les usagers de deux-roues.<\/p>\n<p>Les temp\u00e9ratures du matin s\u2019inscrivent dans la moyenne de saison. Si aucune vigilance particuli\u00e8re n\u2019est en vigueur, il reste important de rester attentif \u00e0 l\u2019\u00e9tat des chauss\u00e9es humides et \u00e0 la visibilit\u00e9 parfois r\u00e9duite pour les automobilistes.<\/p>\n<p>Apr\u00e8s-midi : \u00e9claircies temporaires<\/p>\n<p>\u00c0 partir de 15 h, le ciel s\u2019\u00e9claircit nettement. De larges ouvertures laissent filtrer la lumi\u00e8re, offrant une pause appr\u00e9ci\u00e9e apr\u00e8s la grisaille matinale.<\/p>\n<ul>\n<li><b>Temp\u00e9rature<\/b> : 11 \u00b0C, ressenti identique.<\/li>\n<li><b>Humidit\u00e9<\/b> : 87 %.<\/li>\n<li><b>Vent<\/b> : 7 km\/h de sud-ouest, faible.<\/li>\n<li>Risque de pluie : nul durant l\u2019apr\u00e8s-midi.<\/li>\n<\/ul>\n<p>Ces \u00e9claircies invitent \u00e0 profiter des activit\u00e9s en ext\u00e9rieur : balade sur les quais, visite du march\u00e9 de No\u00ebl ou simple pause d\u00e9jeuner en terrasse chauff\u00e9e. L\u2019indice UV demeure tr\u00e8s bas ; les lunettes restent donc facultatives.<\/p>\n<p>Malgr\u00e9 ce r\u00e9pit ensoleill\u00e9, l\u2019humidit\u00e9 persiste dans l\u2019air ambiant. Les sols, encore humides, accentuent la sensation de fra\u00eecheur, surtout \u00e0 l\u2019ombre.<\/p>\n<p>Soir : ciel d\u00e9gag\u00e9 et nuit fra\u00eeche<\/p>\n<p>Le soleil se couche \u00e0 16 h 58 derri\u00e8re un horizon d\u00e9gag\u00e9. La soir\u00e9e s\u2019annonce paisible, avant l\u2019arriv\u00e9e d\u2019une nouvelle perturbation attendue au petit matin.<\/p>\n<ul>\n<li><b>Temp\u00e9rature<\/b> : 7 \u00b0C, ressenti 7 \u00b0C vers 21 h.<\/li>\n<li><b>Humidit\u00e9<\/b> : 89 %.<\/li>\n<li><b>Vent<\/b> : 5 km\/h de sud-sud-ouest, \u00e0 peine perceptible.<\/li>\n<\/ul>\n<p>Un ciel d\u00e9gag\u00e9 favorise un l\u00e9ger refroidissement nocturne : cours d\u2019eau et chauss\u00e9es pourraient se rafra\u00eechir rapidement, sans risque de gel. Pr\u00e9voyez une couche isolante si vous d\u00eenez en terrasse.<\/p>\n<p>Les conditions stables limiteront les rafales ; aucun ph\u00e9nom\u00e8ne violent n\u2019est attendu durant la nuit.<\/p>\n<p>Tendance pour demain : pluie mod\u00e9r\u00e9e et vent soutenu<\/p>\n<p>La journ\u00e9e du samedi 29 novembre s\u2019annonce nettement plus humide. Les principaux mod\u00e8les m\u00e9t\u00e9orologiques pr\u00e9voient l\u2019arriv\u00e9e d\u2019une perturbation oc\u00e9anique organis\u00e9e.<\/p>\n<ul>\n<li><b>Pluie<\/b> : cumul pr\u00e9vu 12,2 mm, probabilit\u00e9 80 %.<\/li>\n<li><b>Temp\u00e9ratures<\/b> : 6 \u00b0C \u00e0 l\u2019aube, 10 \u00b0C l\u2019apr\u00e8s-midi.<\/li>\n<li><b>Vent moyen<\/b> : 19 km\/h de sud-ouest, potentiellement renforc\u00e9 sur les quais.<\/li>\n<\/ul>\n<p>Les averses continues pourraient perturber le trafic routier et ralentir les dessertes en surface. Un afflux vers les espaces couverts, tels que les centres commerciaux ou mus\u00e9es, est \u00e9galement \u00e0 pr\u00e9voir.<\/p>\n<p>Cette succession de r\u00e9gimes perturb\u00e9s illustre la variabilit\u00e9 automnale, accentu\u00e9e par un climat plus chaud : un air plus doux contient davantage de vapeur d\u2019eau, favorisant des \u00e9pisodes pluvieux plus intenses, comme le rappellent Copernicus et M\u00e9t\u00e9o-France.<\/p>\n<p>Pour suivre l\u2019\u00e9volution heure par heure et planifier vos sorties, consultez <a href=\"https:\/\/www.meteocity.com\/france\/paris-v2988507\" target=\"_blank\" rel=\"noopener\">notre bulletin d\u00e9taill\u00e9<\/a>.<\/p>\n","protected":false},"excerpt":{"rendered":"\u00c0 Paris, la matin\u00e9e d\u00e9bute sous une bruine persistante et une humidit\u00e9 \u00e9lev\u00e9e, avant que le ciel ne&hellip;\n","protected":false},"author":2,"featured_media":564402,"comment_status":"","ping_status":"","sticky":false,"template":"","format":"standard","meta":{"footnotes":""},"categories":[1888],"tags":[1111,1928,11,1927,1777,674,1011,27,12,1926,626,1925,25],"class_list":{"0":"post-564401","1":"post","2":"type-post","3":"status-publish","4":"format-standard","5":"has-post-thumbnail","7":"category-paris","8":"tag-actu","9":"tag-actu-paris","10":"tag-actualites","11":"tag-actualites-paris","12":"tag-eu","13":"tag-europe","14":"tag-fr","15":"tag-france","16":"tag-news","17":"tag-news-paris","18":"tag-paris","19":"tag-paris-news","20":"tag-republique-francaise"},"share_on_mastodon":{"url":"https:\/\/pubeurope.com\/@fr\/115627209847510917","error":""},"_links":{"self":[{"href":"https:\/\/www.europesays.com\/fr\/wp-json\/wp\/v2\/posts\/564401","targetHints":{"allow":["GET"]}}],"collection":[{"href":"https:\/\/www.europesays.com\/fr\/wp-json\/wp\/v2\/posts"}],"about":[{"href":"https:\/\/www.europesays.com\/fr\/wp-json\/wp\/v2\/types\/post"}],"author":[{"embeddable":true,"href":"https:\/\/www.europesays.com\/fr\/wp-json\/wp\/v2\/users\/2"}],"replies":[{"embeddable":true,"href":"https:\/\/www.europesays.com\/fr\/wp-json\/wp\/v2\/comments?post=564401"}],"version-history":[{"count":0,"href":"https:\/\/www.europesays.com\/fr\/wp-json\/wp\/v2\/posts\/564401\/revisions"}],"wp:featuredmedia":[{"embeddable":true,"href":"https:\/\/www.europesays.com\/fr\/wp-json\/wp\/v2\/media\/564402"}],"wp:attachment":[{"href":"https:\/\/www.europesays.com\/fr\/wp-json\/wp\/v2\/media?parent=564401"}],"wp:term":[{"taxonomy":"category","embeddable":true,"href":"https:\/\/www.europesays.com\/fr\/wp-json\/wp\/v2\/categories?post=564401"},{"taxonomy":"post_tag","embeddable":true,"href":"https:\/\/www.europesays.com\/fr\/wp-json\/wp\/v2\/tags?post=564401"}],"curies":[{"name":"wp","href":"https:\/\/api.w.org\/{rel}","templated":true}]}}