{"id":564403,"date":"2025-11-28T11:59:12","date_gmt":"2025-11-28T11:59:12","guid":{"rendered":"https:\/\/www.europesays.com\/fr\/564403\/"},"modified":"2025-11-28T11:59:12","modified_gmt":"2025-11-28T11:59:12","slug":"direct-casse-du-louvre-les-enqueteurs-pensent-que-les-bijoux-sont-toujours-en-france","status":"publish","type":"post","link":"https:\/\/www.europesays.com\/fr\/564403\/","title":{"rendered":"DIRECT. Casse du Louvre : \u00ab Les enqu\u00eateurs pensent que les bijoux sont toujours en France \u00bb"},"content":{"rendered":"<p class=\"col subheadline margin_bottom_subheadline\">Les suspects du spectaculaire vol au Louvre sont d\u00e9sormais en prison. O\u00f9 en est l\u2019enqu\u00eate pour retrouver les joyaux ? Jean-Michel D\u00e9cugis, grand reporter au service police-justice, r\u00e9pondra \u00e0 toutes vos questions sur le casse du si\u00e8cle ce vendredi 28 novembre \u00e0 partir de 10 h 30.<\/p>\n<p>Par <a href=\"https:\/\/www.leparisien.fr\/auteur\/jean-michel-decugis\/\" class=\"author_link\" target=\"_blank\" rel=\"noopener\">Jean-Michel D\u00e9cugis<\/a>\u00a0<\/p>\n<p>Le 28 novembre 2025 \u00e0 09h03, modifi\u00e9 le 28 novembre 2025 \u00e0 12h46<\/p>\n","protected":false},"excerpt":{"rendered":"Les suspects du spectaculaire vol au Louvre sont d\u00e9sormais en prison. O\u00f9 en est l\u2019enqu\u00eate pour retrouver les&hellip;\n","protected":false},"author":2,"featured_media":564404,"comment_status":"","ping_status":"","sticky":false,"template":"","format":"standard","meta":{"footnotes":""},"categories":[1888],"tags":[11,1777,674,1011,27,12,626,25,30484],"class_list":{"0":"post-564403","1":"post","2":"type-post","3":"status-publish","4":"format-standard","5":"has-post-thumbnail","7":"category-paris","8":"tag-actualites","9":"tag-eu","10":"tag-europe","11":"tag-fr","12":"tag-france","13":"tag-news","14":"tag-paris","15":"tag-republique-francaise","16":"tag-tchat"},"share_on_mastodon":{"url":"https:\/\/pubeurope.com\/@fr\/115627213831887989","error":""},"_links":{"self":[{"href":"https:\/\/www.europesays.com\/fr\/wp-json\/wp\/v2\/posts\/564403","targetHints":{"allow":["GET"]}}],"collection":[{"href":"https:\/\/www.europesays.com\/fr\/wp-json\/wp\/v2\/posts"}],"about":[{"href":"https:\/\/www.europesays.com\/fr\/wp-json\/wp\/v2\/types\/post"}],"author":[{"embeddable":true,"href":"https:\/\/www.europesays.com\/fr\/wp-json\/wp\/v2\/users\/2"}],"replies":[{"embeddable":true,"href":"https:\/\/www.europesays.com\/fr\/wp-json\/wp\/v2\/comments?post=564403"}],"version-history":[{"count":0,"href":"https:\/\/www.europesays.com\/fr\/wp-json\/wp\/v2\/posts\/564403\/revisions"}],"wp:featuredmedia":[{"embeddable":true,"href":"https:\/\/www.europesays.com\/fr\/wp-json\/wp\/v2\/media\/564404"}],"wp:attachment":[{"href":"https:\/\/www.europesays.com\/fr\/wp-json\/wp\/v2\/media?parent=564403"}],"wp:term":[{"taxonomy":"category","embeddable":true,"href":"https:\/\/www.europesays.com\/fr\/wp-json\/wp\/v2\/categories?post=564403"},{"taxonomy":"post_tag","embeddable":true,"href":"https:\/\/www.europesays.com\/fr\/wp-json\/wp\/v2\/tags?post=564403"}],"curies":[{"name":"wp","href":"https:\/\/api.w.org\/{rel}","templated":true}]}}