{"id":564416,"date":"2025-11-28T12:06:17","date_gmt":"2025-11-28T12:06:17","guid":{"rendered":"https:\/\/www.europesays.com\/fr\/564416\/"},"modified":"2025-11-28T12:06:17","modified_gmt":"2025-11-28T12:06:17","slug":"rougeole-cas-en-hausse-de-47-en-europe-et-asie-centrale-lan-dernier-selon-loms","status":"publish","type":"post","link":"https:\/\/www.europesays.com\/fr\/564416\/","title":{"rendered":"Rougeole : cas en hausse de 47 % en Europe et Asie centrale l&rsquo;an dernier, selon l&rsquo;OMS"},"content":{"rendered":"<p class=\"mb-4 text-lg md:leading-8 break-words\">Les cas de rougeole ont augment\u00e9 de 47 % en Europe et en Asie centrale l\u2019an dernier, principalement en raison de la baisse des taux de vaccination, selon un nouveau rapport de l\u2019Organisation mondiale de la sant\u00e9 (OMS).<\/p>\n<p class=\"mb-4 text-lg md:leading-8 break-words\">Cet avertissement intervient alors que des signes pr\u00e9occupants indiquent une r\u00e9surgence mondiale de la rougeole, les progr\u00e8s r\u00e9alis\u00e9s au XXIe si\u00e8cle pour r\u00e9duire les infections et les d\u00e9c\u00e8s commen\u00e7ant \u00e0 s\u2019effriter.<\/p>\n<p class=\"mb-4 text-lg md:leading-8 break-words\">En 2024, on estime que 95 000 personnes sont mortes de la rougeole dans le monde, principalement des enfants de moins de cinq ans. C\u2019est moins que les 780 000 d\u00e9c\u00e8s de 2000, mais l\u2019OMS a d\u00e9clar\u00e9 : \u00ab Chaque d\u00e9c\u00e8s d\u00fb \u00e0 une maladie qui peut \u00eatre \u00e9vit\u00e9e gr\u00e2ce \u00e0 un vaccin tr\u00e8s efficace et peu co\u00fbteux est inacceptable. \u00bb<\/p>\n<p class=\"mb-4 text-lg md:leading-8 break-words\">\u00c0 l\u2019\u00e9chelle mondiale, les campagnes de vaccination contre la rougeole ont sauv\u00e9 pr\u00e8s de 59 millions de vies depuis le d\u00e9but du si\u00e8cle, selon l\u2019OMS.<\/p>\n<p class=\"mb-4 text-lg md:leading-8 break-words\">Pourtant, aujourd\u2019hui, les cas de rougeole repartent \u00e0 la hausse dans le monde. On a compt\u00e9 environ 11 millions d\u2019infections l\u2019an dernier, soit quelque 800 000 de plus qu\u2019avant la pand\u00e9mie.<\/p>\n<p class=\"mb-4 text-lg md:leading-8 break-words\">Plus t\u00f4t cette ann\u00e9e, l\u2019agence a indiqu\u00e9 qu\u2019il y avait <a href=\"https:\/\/www.euronews.com\/health\/2025\/03\/14\/measles-cases-in-europe-and-central-asia-at-highest-level-in-over-25-years\" rel=\"nofollow noopener\" target=\"_blank\" data-ylk=\"slk:plus de 120 000 cas de rougeole;elm:context_link;itc:0;sec:content-canvas\" class=\"link \"><strong>plus de 120 000 cas de rougeole<\/strong><\/a> en Europe et en Asie centrale en 2024, soit le niveau le plus \u00e9lev\u00e9 depuis plus de 25 ans.<\/p>\n<p class=\"mb-4 text-lg md:leading-8 break-words\"><b class=\"c-widget-related__title__text\">Related<\/b><\/p>\n<p class=\"mb-4 text-lg md:leading-8 break-words\">D\u2019importantes flamb\u00e9es de rougeole ont \u00e9t\u00e9 enregistr\u00e9es dans 59 pays l\u2019an dernier, soit presque trois fois plus qu\u2019en 2021, selon l\u2019OMS.<\/p>\n<p class=\"mb-4 text-lg md:leading-8 break-words\">\u00ab La rougeole est le virus le plus contagieux au monde, et ces donn\u00e9es montrent une fois de plus comment il exploitera la moindre faille de nos d\u00e9fenses collectives contre lui \u00bb, a d\u00e9clar\u00e9 le directeur g\u00e9n\u00e9ral de l\u2019OMS, le Dr Tedros Adhanom Ghebreyesus, dans un communiqu\u00e9.<\/p>\n<p class=\"mb-4 text-lg md:leading-8 break-words\">L\u2019agence a point\u00e9 du doigt le nombre croissant de personnes qui renoncent \u00e0 la vaccination, un facteur cl\u00e9 des flamb\u00e9es. La rougeole est tellement contagieuse que, selon les autorit\u00e9s sanitaires, au moins 95 % des personnes doivent \u00eatre immunis\u00e9es pour prot\u00e9ger la population contre le virus.<\/p>\n<p class=\"mb-4 text-lg md:leading-8 break-words\">\u00c0 l\u2019\u00e9chelle mondiale, on estime que 84 % des enfants ont re\u00e7u leur premi\u00e8re dose du vaccin contre la rougeole l\u2019an dernier, tandis que 76 % ont re\u00e7u la deuxi\u00e8me, selon les donn\u00e9es de l\u2019OMS. C\u2019est l\u00e9g\u00e8rement en hausse par rapport \u00e0 l\u2019ann\u00e9e pr\u00e9c\u00e9dente, avec deux millions d\u2019enfants suppl\u00e9mentaires vaccin\u00e9s.<\/p>\n<p class=\"mb-4 text-lg md:leading-8 break-words\">Cependant, cela a laiss\u00e9 plus de 30 millions d\u2019enfants \u00ab insuffisamment prot\u00e9g\u00e9s \u00bb contre la rougeole en 2024, principalement en Afrique et dans la r\u00e9gion de la M\u00e9diterran\u00e9e orientale.<\/p>\n<p class=\"mb-4 text-lg md:leading-8 break-words\"><b class=\"c-widget-related__title__text\">Related<\/b><\/p>\n<p class=\"mb-4 text-lg md:leading-8 break-words\">Des flamb\u00e9es peuvent survenir m\u00eame dans des pays o\u00f9 la couverture vaccinale globale est \u00e9lev\u00e9e s\u2019il subsiste des poches de personnes non vaccin\u00e9es.<\/p>\n<p class=\"mb-4 text-lg md:leading-8 break-words\">L\u2019OMS a averti que la rougeole est souvent la premi\u00e8re maladie \u00e0 r\u00e9appara\u00eetre lorsque les taux de vaccination diminuent, estimant que la recrudescence des flamb\u00e9es r\u00e9v\u00e8le des failles dans les syst\u00e8mes de sant\u00e9 et les programmes de vaccination \u00e0 travers le monde.<\/p>\n<p class=\"mb-4 text-lg md:leading-8 break-words\">Les enfants qui survivent \u00e0 la rougeole pr\u00e9sentent notamment un risque accru de complications graves telles que la pneumonie, la c\u00e9cit\u00e9 et l\u2019enc\u00e9phalite, susceptibles d\u2019entra\u00eener un gonflement et des l\u00e9sions du cerveau.<\/p>\n<p class=\"mb-4 text-lg md:leading-8 break-words\">L\u2019OMS a appel\u00e9 \u00e0 davantage de financements et \u00e0 des efforts renouvel\u00e9s pour \u00e9liminer la rougeole dans le monde.<\/p>\n<p class=\"mb-4 text-lg md:leading-8 break-words\">\u00ab La rougeole ne respecte pas les fronti\u00e8res, mais lorsque chaque enfant, dans chaque communaut\u00e9, est vaccin\u00e9, des flamb\u00e9es co\u00fbteuses peuvent \u00eatre \u00e9vit\u00e9es, des vies peuvent \u00eatre sauv\u00e9es et cette maladie peut \u00eatre \u00e9limin\u00e9e de pays entiers \u00bb, a d\u00e9clar\u00e9 Tedros.<\/p>\n<p class=\"mb-4 text-lg md:leading-8 break-words\">Ce texte a \u00e9t\u00e9 traduit avec l\u2019aide de l\u2019intelligence artificielle. Signaler un probl\u00e8me : [feedback-articles-fr@euronews.com].<\/p>\n","protected":false},"excerpt":{"rendered":"Les cas de rougeole ont augment\u00e9 de 47 % en Europe et en Asie centrale l\u2019an dernier, principalement&hellip;\n","protected":false},"author":2,"featured_media":564417,"comment_status":"","ping_status":"","sticky":false,"template":"","format":"standard","meta":{"footnotes":""},"categories":[1586],"tags":[11,2762,1777,674,1011,27,487,68031,7243,12,2570,25],"class_list":{"0":"post-564416","1":"post","2":"type-post","3":"status-publish","4":"format-standard","5":"has-post-thumbnail","7":"category-europe","8":"tag-actualites","9":"tag-asie-centrale","10":"tag-eu","11":"tag-europe","12":"tag-fr","13":"tag-france","14":"tag-lorganisation-mondiale-de-la-sante","15":"tag-la-rougeole","16":"tag-le-monde","17":"tag-news","18":"tag-oms","19":"tag-republique-francaise"},"share_on_mastodon":{"url":"https:\/\/pubeurope.com\/@fr\/115627241236780616","error":""},"_links":{"self":[{"href":"https:\/\/www.europesays.com\/fr\/wp-json\/wp\/v2\/posts\/564416","targetHints":{"allow":["GET"]}}],"collection":[{"href":"https:\/\/www.europesays.com\/fr\/wp-json\/wp\/v2\/posts"}],"about":[{"href":"https:\/\/www.europesays.com\/fr\/wp-json\/wp\/v2\/types\/post"}],"author":[{"embeddable":true,"href":"https:\/\/www.europesays.com\/fr\/wp-json\/wp\/v2\/users\/2"}],"replies":[{"embeddable":true,"href":"https:\/\/www.europesays.com\/fr\/wp-json\/wp\/v2\/comments?post=564416"}],"version-history":[{"count":0,"href":"https:\/\/www.europesays.com\/fr\/wp-json\/wp\/v2\/posts\/564416\/revisions"}],"wp:featuredmedia":[{"embeddable":true,"href":"https:\/\/www.europesays.com\/fr\/wp-json\/wp\/v2\/media\/564417"}],"wp:attachment":[{"href":"https:\/\/www.europesays.com\/fr\/wp-json\/wp\/v2\/media?parent=564416"}],"wp:term":[{"taxonomy":"category","embeddable":true,"href":"https:\/\/www.europesays.com\/fr\/wp-json\/wp\/v2\/categories?post=564416"},{"taxonomy":"post_tag","embeddable":true,"href":"https:\/\/www.europesays.com\/fr\/wp-json\/wp\/v2\/tags?post=564416"}],"curies":[{"name":"wp","href":"https:\/\/api.w.org\/{rel}","templated":true}]}}