{"id":564418,"date":"2025-11-28T12:07:14","date_gmt":"2025-11-28T12:07:14","guid":{"rendered":"https:\/\/www.europesays.com\/fr\/564418\/"},"modified":"2025-11-28T12:07:14","modified_gmt":"2025-11-28T12:07:14","slug":"en-labsence-des-etats-unis-comment-lunion-europeenne-sest-retrouvee-dans-le-role-du-bouc-emissaire","status":"publish","type":"post","link":"https:\/\/www.europesays.com\/fr\/564418\/","title":{"rendered":"en l\u2019absence des Etats-Unis, comment l\u2019Union europ\u00e9enne s\u2019est retrouv\u00e9e dans le r\u00f4le du bouc \u00e9missaire"},"content":{"rendered":"<p>                     <img loading=\"lazy\" decoding=\"async\" src=\"https:\/\/www.europesays.com\/fr\/wp-content\/uploads\/2025\/11\/067e95d_ftp-import-images-1-95ev0pl70ug1-2025-11-08t082509z-520519374-rc2p3ga9co35-rtrmadp-3-climate.jpeg\" alt=\"La pr\u00e9sidente de la Commission europ\u00e9enne, Ursula von der Leyen, \u00e0 la COP30, \u00e0 Belem (Br\u00e9sil), le 6\u00a0novembre\u00a02025. \"   width=\"664\" height=\"443\"\/>    La pr\u00e9sidente de la Commission europ\u00e9enne, Ursula von der Leyen, \u00e0 la COP30, \u00e0 Belem (Br\u00e9sil), le 6\u00a0novembre\u00a02025.  ADRIANO MACHADO \/ REUTERS                 <\/p>\n<p class=\"article__paragraph  \">Un supplice de plus de deux semaines. Durant la 30e\u00a0conf\u00e9rence des parties sur le climat (COP30) \u00e0 Belem, au Br\u00e9sil, l\u2019Union europ\u00e9enne (UE) a d\u00fb encaisser. D\u00e8s le premier jour du sommet des chefs d\u2019Etat, le 6\u00a0novembre, le pr\u00e9sident br\u00e9silien, Luiz Inacio Lula da Silva, est ostensiblement arriv\u00e9 \u00e0 bord d\u2019une voiture \u00e9lectrique chinoise. Quelques jours plus tard, le pr\u00e9sident de la COP, Andr\u00e9 Aranha Corr\u00eaa do Lago, a regrett\u00e9 le \u00ab\u00a0recul de l\u2019enthousiasme dans les pays du Nord\u00a0\u00bb et vant\u00e9 une \u00ab\u00a0Chine [qui] propose des solutions qui profitent \u00e0 tous, pas seulement \u00e0 elle\u00a0\u00bb.<\/p>\n<p class=\"article__paragraph  \">A quelques heures de la conclusion, les diplomates europ\u00e9ens ont vu les petits Etats insulaires, traditionnels alli\u00e9s, les l\u00e2cher. Se r\u00e9signant \u00e0 un accord creux sur l\u2019att\u00e9nuation des \u00e9missions de gaz \u00e0 effet de serre, apr\u00e8s avoir soutenu l\u2019id\u00e9e d\u2019une feuille de route pour sortir des \u00e9nergies fossiles, les ministres europ\u00e9ens ont m\u00eame \u00e9t\u00e9 montr\u00e9s du doigt pour avoir bloqu\u00e9 les avanc\u00e9es en \u00e9tant trop avares sur les aides financi\u00e8res \u00e0 destination des pays en d\u00e9veloppement.<\/p>\n<p class=\"article__paragraph  \">En l\u2019absence des Etats-Unis de Donald Trump, qui ont d\u00e9sert\u00e9 l\u2019ar\u00e8ne de la diplomatie climatique, les COP se transforment en pi\u00e8ge pour les Europ\u00e9ens. Parmi les blocs \u00e9conomiques les plus riches, l\u2019UE est la partie la plus ambitieuse sur le front de l\u2019att\u00e9nuation. Mais elle se retrouve isol\u00e9e face \u00e0 la strat\u00e9gie des pays \u00e9mergents et aux demandes l\u00e9gitimes des pays en d\u00e9veloppement. Ces derniers, victimes d\u2019un r\u00e9chauffement dont ils ne sont pas responsables, r\u00e9clament une augmentation des aides de la part des pays ayant \u00e9mis le plus de gaz \u00e0 effet de serre depuis la r\u00e9volution industrielle, au XIXe\u00a0si\u00e8cle.<\/p>\n<p class=\"reading-mode-only \"><strong>Il vous reste 70.41% de cet article \u00e0 lire. La suite est r\u00e9serv\u00e9e aux abonn\u00e9s.<\/strong><\/p>\n","protected":false},"excerpt":{"rendered":"La pr\u00e9sidente de la Commission europ\u00e9enne, Ursula von der Leyen, \u00e0 la COP30, \u00e0 Belem (Br\u00e9sil), le 6\u00a0novembre\u00a02025.&hellip;\n","protected":false},"author":2,"featured_media":564419,"comment_status":"","ping_status":"","sticky":false,"template":"","format":"standard","meta":{"footnotes":""},"categories":[1586],"tags":[11,1777,674,1779,1011,27,12,25,1778,364],"class_list":{"0":"post-564418","1":"post","2":"type-post","3":"status-publish","4":"format-standard","5":"has-post-thumbnail","7":"category-europe","8":"tag-actualites","9":"tag-eu","10":"tag-europe","11":"tag-european-union","12":"tag-fr","13":"tag-france","14":"tag-news","15":"tag-republique-francaise","16":"tag-ue","17":"tag-union-europeenne"},"share_on_mastodon":{"url":"https:\/\/pubeurope.com\/@fr\/115627246048848376","error":""},"_links":{"self":[{"href":"https:\/\/www.europesays.com\/fr\/wp-json\/wp\/v2\/posts\/564418","targetHints":{"allow":["GET"]}}],"collection":[{"href":"https:\/\/www.europesays.com\/fr\/wp-json\/wp\/v2\/posts"}],"about":[{"href":"https:\/\/www.europesays.com\/fr\/wp-json\/wp\/v2\/types\/post"}],"author":[{"embeddable":true,"href":"https:\/\/www.europesays.com\/fr\/wp-json\/wp\/v2\/users\/2"}],"replies":[{"embeddable":true,"href":"https:\/\/www.europesays.com\/fr\/wp-json\/wp\/v2\/comments?post=564418"}],"version-history":[{"count":0,"href":"https:\/\/www.europesays.com\/fr\/wp-json\/wp\/v2\/posts\/564418\/revisions"}],"wp:featuredmedia":[{"embeddable":true,"href":"https:\/\/www.europesays.com\/fr\/wp-json\/wp\/v2\/media\/564419"}],"wp:attachment":[{"href":"https:\/\/www.europesays.com\/fr\/wp-json\/wp\/v2\/media?parent=564418"}],"wp:term":[{"taxonomy":"category","embeddable":true,"href":"https:\/\/www.europesays.com\/fr\/wp-json\/wp\/v2\/categories?post=564418"},{"taxonomy":"post_tag","embeddable":true,"href":"https:\/\/www.europesays.com\/fr\/wp-json\/wp\/v2\/tags?post=564418"}],"curies":[{"name":"wp","href":"https:\/\/api.w.org\/{rel}","templated":true}]}}