{"id":56442,"date":"2025-04-27T09:00:07","date_gmt":"2025-04-27T09:00:07","guid":{"rendered":"https:\/\/www.europesays.com\/fr\/56442\/"},"modified":"2025-04-27T09:00:07","modified_gmt":"2025-04-27T09:00:07","slug":"le-quartier-bonneveine-a-marseille-en-quete-dun-renouveau","status":"publish","type":"post","link":"https:\/\/www.europesays.com\/fr\/56442\/","title":{"rendered":"Le quartier Bonneveine \u00e0 Marseille en qu\u00eate d&rsquo;un renouveau"},"content":{"rendered":"<p>En\u00a01972, une vaste op\u00e9ration d&rsquo;am\u00e9nagement, la zone d&rsquo;am\u00e9nagement concert\u00e9e (ZAC) de Bonneveine, voit le jour. En quelques ann\u00e9es, ce territoire des quartiers Sud, situ\u00e9 \u00e0 deux pas des plages et du parc Bor\u00e9ly, se couvre de plusieurs centaines de logements, bureaux et \u00e9quipements publics. En\u00a01984, la galerie commerciale, la seule \u00e0 ciel ouvert de Marseille, ouvre ses portes et accueille des dizaines d&rsquo;enseignes. \u00ab\u00a0La belle \u00e9poque\u00a0\u00bb, soufflent les habitants, nostalgiques. Deux g\u00e9n\u00e9rations plus tard, le quartier reste pris\u00e9 des amoureux de calme et de nature, mais les \u00e9quipements ont vieilli, le centre commercial se cherche un avenir et beaucoup ont le vague \u00e0 l&rsquo;\u00e2me.<\/p>\n","protected":false},"excerpt":{"rendered":"En\u00a01972, une vaste op\u00e9ration d&rsquo;am\u00e9nagement, la zone d&rsquo;am\u00e9nagement concert\u00e9e (ZAC) de Bonneveine, voit le jour. En quelques ann\u00e9es,&hellip;\n","protected":false},"author":2,"featured_media":56443,"comment_status":"","ping_status":"","sticky":false,"template":"","format":"standard","meta":{"footnotes":""},"categories":[2814],"tags":[17,1111,11,11796,15181,4304,1777,674,1011,27,15180,884,15179,12,15178,378,882,16,25],"class_list":{"0":"post-56442","1":"post","2":"type-post","3":"status-publish","4":"format-standard","5":"has-post-thumbnail","7":"category-marseille","8":"tag-17","9":"tag-actu","10":"tag-actualites","11":"tag-aujourdhui","12":"tag-bonneveine","13":"tag-carrefour","14":"tag-eu","15":"tag-europe","16":"tag-fr","17":"tag-france","18":"tag-grand-chose","19":"tag-marseille","20":"tag-ny","21":"tag-news","22":"tag-part","23":"tag-plus","24":"tag-provence-alpes-cote-dazur","25":"tag-region","26":"tag-republique-francaise"},"share_on_mastodon":{"url":"https:\/\/pubeurope.com\/@fr\/114409113149153937","error":""},"_links":{"self":[{"href":"https:\/\/www.europesays.com\/fr\/wp-json\/wp\/v2\/posts\/56442","targetHints":{"allow":["GET"]}}],"collection":[{"href":"https:\/\/www.europesays.com\/fr\/wp-json\/wp\/v2\/posts"}],"about":[{"href":"https:\/\/www.europesays.com\/fr\/wp-json\/wp\/v2\/types\/post"}],"author":[{"embeddable":true,"href":"https:\/\/www.europesays.com\/fr\/wp-json\/wp\/v2\/users\/2"}],"replies":[{"embeddable":true,"href":"https:\/\/www.europesays.com\/fr\/wp-json\/wp\/v2\/comments?post=56442"}],"version-history":[{"count":0,"href":"https:\/\/www.europesays.com\/fr\/wp-json\/wp\/v2\/posts\/56442\/revisions"}],"wp:featuredmedia":[{"embeddable":true,"href":"https:\/\/www.europesays.com\/fr\/wp-json\/wp\/v2\/media\/56443"}],"wp:attachment":[{"href":"https:\/\/www.europesays.com\/fr\/wp-json\/wp\/v2\/media?parent=56442"}],"wp:term":[{"taxonomy":"category","embeddable":true,"href":"https:\/\/www.europesays.com\/fr\/wp-json\/wp\/v2\/categories?post=56442"},{"taxonomy":"post_tag","embeddable":true,"href":"https:\/\/www.europesays.com\/fr\/wp-json\/wp\/v2\/tags?post=56442"}],"curies":[{"name":"wp","href":"https:\/\/api.w.org\/{rel}","templated":true}]}}