{"id":564422,"date":"2025-11-28T12:09:12","date_gmt":"2025-11-28T12:09:12","guid":{"rendered":"https:\/\/www.europesays.com\/fr\/564422\/"},"modified":"2025-11-28T12:09:12","modified_gmt":"2025-11-28T12:09:12","slug":"la-lettre-de-frederic-beigbeder-a-linfluenceuse-lena-situations","status":"publish","type":"post","link":"https:\/\/www.europesays.com\/fr\/564422\/","title":{"rendered":"la lettre de Fr\u00e9d\u00e9ric Beigbeder \u00e0 l\u2019influenceuse Lena Situations"},"content":{"rendered":"<p>\n    <strong>CHRONIQUE &#8211;<\/strong> Cinq ans apr\u00e8s, Lena Situations ne s\u2019est toujours pas remise de l\u2019article de Fr\u00e9d\u00e9ric Beigbeder sur son premier livre. Elle s\u2019en est encore \u00e9mue mercredi soir dans l\u2019\u00e9mission C \u00e0 vous. Notre chroniqueur lui a r\u00e9pondu.<\/p>\n<p class=\"fig-paragraph\">Ch\u00e8re Lena,<\/p>\n<p class=\"fig-paragraph\">Merci de me d\u00e9dier \u00ab Encore mieux\u00a0\u00bb, mais votre titre est mensonger. Apr\u00e8s lecture, votre nouveau machin devrait s\u2019intituler \u00ab Aussi nul\u00a0\u00bb. Vous en \u00eates non seulement l\u2019auteur mais aussi l\u2019auto\u00e9ditrice, pour presser le citron jusqu\u2019\u00e0 la derni\u00e8re goutte. On y lit vos conseils de vie, ce que vous appelez votre \u00ab m\u00e9thode\u00a0\u00bb. Par exemple, \u00ab pas seule dans la merde\u00a0\u00bb page 45, \u00ab trouve ton propre style\u00a0\u00bb page 66 et \u00ab merci \u00e0 toi d\u2019\u00eatre toi\u00a0\u00bb page 172. Il y a aussi quelques photos de vous, des pages blanches \u00e0 remplir soi-m\u00eame et des reproductions de vos cartons d\u2019invitation aux d\u00e9fil\u00e9s de Victoria Beckham. Rien \u00e0 colorier, bizarrement. En ouverture de votre chose, vous mentionnez ma critique de votre premier opus qui date de novembre 2020. Il va falloir essayer de vous en remettre. Je traduis dans votre langue\u00a0: maybe it\u2019s time to move on, baby. Vous n\u2019avez pas support\u00e9 que je dise que \u00ab Toujours plus\u00a0\u00bb \u00e9tait \u00ab 147 pages de vide\u00a0\u00bb. Vous m\u2019accusez de m\u00e9priser votre g\u00e9n\u00e9ration. C\u2019est faux\u00a0: je passe ma vie \u00e0 r\u00e9v\u00e9ler de jeunes talents, dont vous ne faites pas partie. La semaine derni\u00e8re, c\u2019\u00e9tait Yasmin Zaher. Je vais vous dire ce que je m\u00e9prise.<\/p>\n<p class=\"fig-premium-paywall__infos\">\n        Cet article est r\u00e9serv\u00e9 aux abonn\u00e9s.        Il vous reste 56% \u00e0 d\u00e9couvrir.\n    <\/p>\n<p>                <img  data- alt=\"Le Figaro\" class=\"fig-img--complete fig-img\"\/><\/p>\n<p class=\"fig-premium-paywall__title\">Derniers jours<\/p>\n<p class=\"fig-premium-paywall__subtitle\">-70% sur l&rsquo;abonnement num\u00e9rique<\/p>\n<p class=\"fig-premium-paywall__connect\">\n                D\u00e9j\u00e0 abonn\u00e9\u00a0?                <a class=\"fig-premium-paywall__connect-link\" href=\"https:\/\/connect.lefigaro.fr\/login?client=horizon_web&amp;type=main&amp;redirect_uri=https%3A%2F%2Fwww.lefigaro.fr%2Fvox%2Fculture%2Fje-vais-vous-dire-ce-que-je-meprise-la-lettre-de-frederic-beigbeder-a-l-influenceuse-lena-situations-20251127%3Fgaa_at%3Dla%26gaa_n%3DAWEtsqdqmgCxxx7K9EwpRt2FoQ5-6ml7rSqetdLvoI1sKO7FQGkz9TLAVCc9WYpYR_2mNwOfFBWpGQ9ZPzrB%26gaa_sig%3D63weaNmUrlInOWfQqQz3zkLb2NrIKkuR9qBk5_gURlqbnDJbhjKi-_w0sVLS-t_7K2tRh-jP71QeSlIUG5V7ew%253D%253D%26gaa_ts%3D692992ee\" data-js-gtm=\"{&quot;customCategorie&quot;: &quot;conversion&quot;, &quot;customAction&quot;: &quot;before_Landing_Connexion_paywall_manuel&quot;, &quot;customLabel&quot;: &quot;bGVmaWdhcm8uZnJfXzFmMGNiNzI3LWE2ODktNmYzNC1hZmFkLTU3MjUxNWU0NzdiYl9fQXJ0aWNsZQ==_\u00abJe vais vous dire ce que je m\u00e9prise\u00bb\u00a0: la lettre de Fr\u00e9d\u00e9ric Beigbeder \u00e0 l\u2019influenceuse Lena Situations_1275&quot;, &quot;customIDSPE&quot;: &quot;bGVmaWdhcm8uZnJfXzFmMGNiNzI3LWE2ODktNmYzNC1hZmFkLTU3MjUxNWU0NzdiYl9fQXJ0aWNsZQ==&quot;, &quot;event&quot;: &quot;customEventSPE&quot;}\" target=\"_blank\" rel=\"noopener\"><br \/>\n                    Connectez-vous<br \/>\n                <\/a>\n            <\/p>\n","protected":false},"excerpt":{"rendered":"CHRONIQUE &#8211; Cinq ans apr\u00e8s, Lena Situations ne s\u2019est toujours pas remise de l\u2019article de Fr\u00e9d\u00e9ric Beigbeder sur&hellip;\n","protected":false},"author":2,"featured_media":564423,"comment_status":"","ping_status":"","sticky":false,"template":"","format":"standard","meta":{"footnotes":""},"categories":[2],"tags":[11,1011,27,15382,12,25],"class_list":{"0":"post-564422","1":"post","2":"type-post","3":"status-publish","4":"format-standard","5":"has-post-thumbnail","7":"category-actualites","8":"tag-actualites","9":"tag-fr","10":"tag-france","11":"tag-frederic-beigbeder","12":"tag-news","13":"tag-republique-francaise"},"share_on_mastodon":{"url":"https:\/\/pubeurope.com\/@fr\/115627253148623263","error":""},"_links":{"self":[{"href":"https:\/\/www.europesays.com\/fr\/wp-json\/wp\/v2\/posts\/564422","targetHints":{"allow":["GET"]}}],"collection":[{"href":"https:\/\/www.europesays.com\/fr\/wp-json\/wp\/v2\/posts"}],"about":[{"href":"https:\/\/www.europesays.com\/fr\/wp-json\/wp\/v2\/types\/post"}],"author":[{"embeddable":true,"href":"https:\/\/www.europesays.com\/fr\/wp-json\/wp\/v2\/users\/2"}],"replies":[{"embeddable":true,"href":"https:\/\/www.europesays.com\/fr\/wp-json\/wp\/v2\/comments?post=564422"}],"version-history":[{"count":0,"href":"https:\/\/www.europesays.com\/fr\/wp-json\/wp\/v2\/posts\/564422\/revisions"}],"wp:featuredmedia":[{"embeddable":true,"href":"https:\/\/www.europesays.com\/fr\/wp-json\/wp\/v2\/media\/564423"}],"wp:attachment":[{"href":"https:\/\/www.europesays.com\/fr\/wp-json\/wp\/v2\/media?parent=564422"}],"wp:term":[{"taxonomy":"category","embeddable":true,"href":"https:\/\/www.europesays.com\/fr\/wp-json\/wp\/v2\/categories?post=564422"},{"taxonomy":"post_tag","embeddable":true,"href":"https:\/\/www.europesays.com\/fr\/wp-json\/wp\/v2\/tags?post=564422"}],"curies":[{"name":"wp","href":"https:\/\/api.w.org\/{rel}","templated":true}]}}