{"id":564431,"date":"2025-11-28T12:18:17","date_gmt":"2025-11-28T12:18:17","guid":{"rendered":"https:\/\/www.europesays.com\/fr\/564431\/"},"modified":"2025-11-28T12:18:17","modified_gmt":"2025-11-28T12:18:17","slug":"poullan-sur-mer-30-novembre-2025-les-engages-de-cyclo-cross","status":"publish","type":"post","link":"https:\/\/www.europesays.com\/fr\/564431\/","title":{"rendered":"Poullan Sur Mer 30 novembre 2025 les engag\u00e9s de cyclo-cross"},"content":{"rendered":"<p>&#13;<br \/>\n&#13;<br \/>\n&#13;<\/p>\n<p>&#13;<br \/>\nactu34334.&#13;\n<\/p>\n<p>&#13;<br \/>\n&#13;&#13;<\/p>\n<p><img decoding=\"async\" loading=\"lazy\" src=\"https:\/\/www.europesays.com\/fr\/wp-content\/uploads\/2025\/11\/1764332293_291_poullan-sur-mer-30-novembre-2025-infos-de-cyclo-cross.jpg\" alt=\"Poullan Sur Mer 30 novembre 2025 infos de cyclo-cross\"\/><br \/>\n&#13;<br \/>\n&#13;<br \/>\n&#13;&#13;<\/p>\n<p>&#13;<br \/>\nListe des engag\u00e9s du cyclo-cross organis\u00e9 par le CC Bigouden \u00e0 Poullan Sur Mer dans le Finist\u00e8re (29) le 30 novembre 2025 pour toutes les U15 \u00e0 Seniors. Ce sera le championnat du Finist\u00e8re. &#13;\n<\/p>\n<p>&#13;<br \/>\n&#13;<br \/>\n&#13;<\/p>\n<p>U15<\/p>\n<tr>\n<td style=\"height:32px;\">\n<p>CARUSO Ewen<\/p>\n<\/td>\n<td style=\"height:32px;\">\n<p>VS SCAEROIS<\/p>\n<\/td>\n<\/tr>\n<tr>\n<td style=\"height:32px;\">\n<p>CONAN Nolan<\/p>\n<\/td>\n<td style=\"height:32px;\">\n<p>VS SCAEROIS<\/p>\n<\/td>\n<\/tr>\n<tr>\n<td style=\"height:32px;\">\n<p>LABORY Ewen<\/p>\n<\/td>\n<td style=\"height:32px;\">\n<p>VS SCAEROIS<\/p>\n<\/td>\n<\/tr>\n<tr>\n<td style=\"height:32px;\">\n<p>LE MOIGNE Maxence<\/p>\n<\/td>\n<td style=\"height:32px;\">\n<p>VS SCAEROIS<\/p>\n<\/td>\n<\/tr>\n<tr>\n<td style=\"height:32px;\">\n<p>PETIOT Soen<\/p>\n<\/td>\n<td style=\"height:32px;\">\n<p>VS SCAEROIS<\/p>\n<\/td>\n<\/tr>\n<tr>\n<td style=\"height:32px;\">\n<p>JANVIER Virgile<\/p>\n<\/td>\n<td style=\"height:32px;\">\n<p>UC QUIMPERLOISE<\/p>\n<\/td>\n<\/tr>\n<tr>\n<td style=\"height:32px;\">\n<p>NICOLAS Nathan<\/p>\n<\/td>\n<td style=\"height:32px;\">\n<p>UC QUIMPERLOISE<\/p>\n<\/td>\n<\/tr>\n<tr>\n<td style=\"height:32px;\">\n<p>PERRET Mathis<\/p>\n<\/td>\n<td style=\"height:32px;\">\n<p>UC QUIMPERLOISE<\/p>\n<\/td>\n<\/tr>\n<tr>\n<td style=\"height:32px;\">\n<p>VERARDO Ronan<\/p>\n<\/td>\n<td style=\"height:32px;\">\n<p>UC QUIMPERLOISE<\/p>\n<\/td>\n<\/tr>\n<tr>\n<td style=\"height:32px;\">\n<p>BESNARD Clement<\/p>\n<\/td>\n<td style=\"height:32px;\">\n<p>VS QUIMPEROIS<\/p>\n<\/td>\n<\/tr>\n<tr>\n<td style=\"height:32px;\">\n<p>HOUSSAIS Samuel<\/p>\n<\/td>\n<td style=\"height:32px;\">\n<p>VS QUIMPEROIS<\/p>\n<\/td>\n<\/tr>\n<tr>\n<td style=\"height:32px;\">\n<p>LOGODIN Youenn<\/p>\n<\/td>\n<td style=\"height:32px;\">\n<p>VS QUIMPEROIS<\/p>\n<\/td>\n<\/tr>\n<tr>\n<td style=\"height:32px;\">\n<p>QUINTIN Leon<\/p>\n<\/td>\n<td style=\"height:32px;\">\n<p>VS QUIMPEROIS<\/p>\n<\/td>\n<\/tr>\n<tr>\n<td style=\"height:32px;\">\n<p>DEDEURWAERDER Jonas<\/p>\n<\/td>\n<td style=\"height:32px;\">\n<p>AC TREGUNCOISE<\/p>\n<\/td>\n<\/tr>\n<tr>\n<td style=\"height:32px;\">\n<p>MUSSEAU Timeo<\/p>\n<\/td>\n<td style=\"height:32px;\">\n<p>AC TREGUNCOISE<\/p>\n<\/td>\n<\/tr>\n<tr>\n<td style=\"height:32px;\">\n<p>TANGUY Damien<\/p>\n<\/td>\n<td style=\"height:32px;\">\n<p>AC TREGUNCOISE<\/p>\n<\/td>\n<\/tr>\n<tr>\n<td style=\"height:32px;\">\n<p>LE GOFF Timeo<\/p>\n<\/td>\n<td style=\"height:32px;\">\n<p>CC ERGUE GABERIC<\/p>\n<\/td>\n<\/tr>\n<tr>\n<td style=\"height:32px;\">\n<p>LOUPIAC Alexis<\/p>\n<\/td>\n<td style=\"height:32px;\">\n<p>CC ERGUE GABERIC<\/p>\n<\/td>\n<\/tr>\n<tr>\n<td style=\"height:32px;\">\n<p>SELLIN Ismael<\/p>\n<\/td>\n<td style=\"height:32px;\">\n<p>CC ERGUE GABERIC<\/p>\n<\/td>\n<\/tr>\n<tr>\n<td style=\"height:32px;\">\n<p>ABGRALL Loen<\/p>\n<\/td>\n<td style=\"height:32px;\">\n<p>EC LANDERNEAU<\/p>\n<\/td>\n<\/tr>\n<tr>\n<td style=\"height:32px;\">\n<p>TOCQUER HALLEB Jarod<\/p>\n<\/td>\n<td style=\"height:32px;\">\n<p>EC LANDERNEAU<\/p>\n<\/td>\n<\/tr>\n<tr>\n<td style=\"height:32px;\">\n<p>YANNIC Erell<\/p>\n<\/td>\n<td style=\"height:32px;\">\n<p>EC LANDERNEAU<\/p>\n<\/td>\n<\/tr>\n<tr>\n<td style=\"height:32px;\">\n<p>LE HIR Ma\u00ebly<\/p>\n<\/td>\n<td style=\"height:32px;\">\n<p>T.OXYGENE PLOUDAL PORTSALL<\/p>\n<\/td>\n<\/tr>\n<tr>\n<td style=\"height:32px;\">\n<p>ROMEUR Elouan<\/p>\n<\/td>\n<td style=\"height:32px;\">\n<p>T.OXYGENE PLOUDAL PORTSALL<\/p>\n<\/td>\n<\/tr>\n<tr>\n<td style=\"height:32px;\">\n<p>ROUDAUT Melvin<\/p>\n<\/td>\n<td style=\"height:32px;\">\n<p>T.OXYGENE PLOUDAL PORTSALL<\/p>\n<\/td>\n<\/tr>\n<tr>\n<td style=\"height:32px;\">\n<p>JESTIN Lea<\/p>\n<\/td>\n<td style=\"height:32px;\">\n<p>VS DRENNECOIS<\/p>\n<\/td>\n<\/tr>\n<tr>\n<td style=\"height:32px;\">\n<p>RIVOALEN Alexis<\/p>\n<\/td>\n<td style=\"height:32px;\">\n<p>VS DRENNECOIS<\/p>\n<\/td>\n<\/tr>\n<tr>\n<td style=\"height:32px;\">\n<p>TANN\u00c9 Th\u00e9liau<\/p>\n<\/td>\n<td style=\"height:32px;\">\n<p>VS DRENNECOIS<\/p>\n<\/td>\n<\/tr>\n<tr>\n<td style=\"height:32px;\">\n<p>MESSIN Lucas<\/p>\n<\/td>\n<td style=\"height:32px;\">\n<p>AC GOUESNOU<\/p>\n<\/td>\n<\/tr>\n<tr>\n<td style=\"height:32px;\">\n<p>LE FOLL Arthur<\/p>\n<\/td>\n<td style=\"height:32px;\">\n<p>AULNE OLYMPIQUE CYCLISTE<\/p>\n<\/td>\n<\/tr>\n<tr>\n<td style=\"height:32px;\">\n<p>CHEVALLIER Zachary<\/p>\n<\/td>\n<td style=\"height:32px;\">\n<p>CLUB CYCLES JEANNES<\/p>\n<\/td>\n<\/tr>\n<tr>\n<td style=\"height:32px;\">\n<p>RANNOU LE BLOAS Glenn<\/p>\n<\/td>\n<td style=\"height:32px;\">\n<p>UC CARHAIX<\/p>\n<\/td>\n<\/tr>\n<p>U17<\/p>\n<tr>\n<td style=\"height:27px;\">\n<p>BOURBIGOT Tom<\/p>\n<\/td>\n<td style=\"height:27px;\">\n<p>CC ERGUE GABERIC<\/p>\n<\/td>\n<\/tr>\n<tr>\n<td style=\"height:27px;\">\n<p>IHUEL Soen<\/p>\n<\/td>\n<td style=\"height:27px;\">\n<p>CC ERGUE GABERIC<\/p>\n<\/td>\n<\/tr>\n<tr>\n<td style=\"height:27px;\">\n<p>LABAT Timeo<\/p>\n<\/td>\n<td style=\"height:27px;\">\n<p>CC ERGUE GABERIC<\/p>\n<\/td>\n<\/tr>\n<tr>\n<td style=\"height:27px;\">\n<p>LE BIHAN Arthur<\/p>\n<\/td>\n<td style=\"height:27px;\">\n<p>CC ERGUE GABERIC<\/p>\n<\/td>\n<\/tr>\n<tr>\n<td style=\"height:27px;\">\n<p>OLLIVIER Louise<\/p>\n<\/td>\n<td style=\"height:27px;\">\n<p>CC ERGUE GABERIC<\/p>\n<\/td>\n<\/tr>\n<tr>\n<td style=\"height:27px;\">\n<p>PIERRE Damien<\/p>\n<\/td>\n<td style=\"height:27px;\">\n<p>CC ERGUE GABERIC<\/p>\n<\/td>\n<\/tr>\n<tr>\n<td style=\"height:27px;\">\n<p>RANNOU Raphael<\/p>\n<\/td>\n<td style=\"height:27px;\">\n<p>CC ERGUE GABERIC<\/p>\n<\/td>\n<\/tr>\n<tr>\n<td style=\"height:27px;\">\n<p>SALA\u00dcN Maely<\/p>\n<\/td>\n<td style=\"height:27px;\">\n<p>CC ERGUE GABERIC<\/p>\n<\/td>\n<\/tr>\n<tr>\n<td style=\"height:27px;\">\n<p>SEVEON Emma<\/p>\n<\/td>\n<td style=\"height:27px;\">\n<p>CC ERGUE GABERIC<\/p>\n<\/td>\n<\/tr>\n<tr>\n<td style=\"height:27px;\">\n<p>CONAN Enzo<\/p>\n<\/td>\n<td style=\"height:27px;\">\n<p>VS SCAEROIS<\/p>\n<\/td>\n<\/tr>\n<tr>\n<td style=\"height:27px;\">\n<p>HERLEDANT Nathan<\/p>\n<\/td>\n<td style=\"height:27px;\">\n<p>VS SCAEROIS<\/p>\n<\/td>\n<\/tr>\n<tr>\n<td style=\"height:27px;\">\n<p>KERISIT Nolan<\/p>\n<\/td>\n<td style=\"height:27px;\">\n<p>VS SCAEROIS<\/p>\n<\/td>\n<\/tr>\n<tr>\n<td style=\"height:27px;\">\n<p>LAOUENAN Robin<\/p>\n<\/td>\n<td style=\"height:27px;\">\n<p>VS SCAEROIS<\/p>\n<\/td>\n<\/tr>\n<tr>\n<td style=\"height:27px;\">\n<p>LE BARH Kylann<\/p>\n<\/td>\n<td style=\"height:27px;\">\n<p>VS SCAEROIS<\/p>\n<\/td>\n<\/tr>\n<tr>\n<td style=\"height:27px;\">\n<p>BALBOUS Nathanael<\/p>\n<\/td>\n<td style=\"height:27px;\">\n<p>VS QUIMPEROIS<\/p>\n<\/td>\n<\/tr>\n<tr>\n<td style=\"height:27px;\">\n<p>CALVEZ Robin<\/p>\n<\/td>\n<td style=\"height:27px;\">\n<p>VS QUIMPEROIS<\/p>\n<\/td>\n<\/tr>\n<tr>\n<td style=\"height:27px;\">\n<p>COLIN Theo<\/p>\n<\/td>\n<td style=\"height:27px;\">\n<p>VS QUIMPEROIS<\/p>\n<\/td>\n<\/tr>\n<tr>\n<td style=\"height:27px;\">\n<p>LE COZ OLLIVIER Ga\u00ebl<\/p>\n<\/td>\n<td style=\"height:27px;\">\n<p>VS QUIMPEROIS<\/p>\n<\/td>\n<\/tr>\n<tr>\n<td style=\"height:27px;\">\n<p>FROUIN Lucas<\/p>\n<\/td>\n<td style=\"height:27px;\">\n<p>AC TREGUNCOISE<\/p>\n<\/td>\n<\/tr>\n<tr>\n<td style=\"height:27px;\">\n<p>LE GOC Nino<\/p>\n<\/td>\n<td style=\"height:27px;\">\n<p>AC TREGUNCOISE<\/p>\n<\/td>\n<\/tr>\n<tr>\n<td style=\"height:27px;\">\n<p>THOMAS KERMAGORET Louka<\/p>\n<\/td>\n<td style=\"height:27px;\">\n<p>AC TREGUNCOISE<\/p>\n<\/td>\n<\/tr>\n<tr>\n<td style=\"height:27px;\">\n<p>AUDOUARD Lo\u00efc<\/p>\n<\/td>\n<td style=\"height:27px;\">\n<p>EC LANDERNEAU<\/p>\n<\/td>\n<\/tr>\n<tr>\n<td style=\"height:27px;\">\n<p>HALL Leandre<\/p>\n<\/td>\n<td style=\"height:27px;\">\n<p>EC LANDERNEAU<\/p>\n<\/td>\n<\/tr>\n<tr>\n<td style=\"height:27px;\">\n<p>BIHANNIC Leo<\/p>\n<\/td>\n<td style=\"height:27px;\">\n<p>LANDIVISIENNE CYCLISTE<\/p>\n<\/td>\n<\/tr>\n<tr>\n<td style=\"height:27px;\">\n<p>CRENN Nathan<\/p>\n<\/td>\n<td style=\"height:27px;\">\n<p>LANDIVISIENNE CYCLISTE<\/p>\n<\/td>\n<\/tr>\n<tr>\n<td style=\"height:27px;\">\n<p>HELO Louis<\/p>\n<\/td>\n<td style=\"height:27px;\">\n<p>UC QUIMPERLOISE<\/p>\n<\/td>\n<\/tr>\n<tr>\n<td style=\"height:27px;\">\n<p>LE DORS Melaine<\/p>\n<\/td>\n<td style=\"height:27px;\">\n<p>UC QUIMPERLOISE<\/p>\n<\/td>\n<\/tr>\n<tr>\n<td style=\"height:27px;\">\n<p>LE HIR Alexa<\/p>\n<\/td>\n<td style=\"height:27px;\">\n<p>T.OXYGENE PLOUDAL PORTSALL<\/p>\n<\/td>\n<\/tr>\n<tr>\n<td style=\"height:27px;\">\n<p>PACHOCINSKI Enzo<\/p>\n<\/td>\n<td style=\"height:27px;\">\n<p>T.OXYGENE PLOUDAL PORTSALL<\/p>\n<\/td>\n<\/tr>\n<tr>\n<td style=\"height:27px;\">\n<p>CUTULLIC Morgane<\/p>\n<\/td>\n<td style=\"height:27px;\">\n<p>MOELAN CYCLO CLUB<\/p>\n<\/td>\n<\/tr>\n<tr>\n<td style=\"height:27px;\">\n<p>KLEINCLAUSS Coline<\/p>\n<\/td>\n<td style=\"height:27px;\">\n<p>MOELAN CYCLO CLUB<\/p>\n<\/td>\n<\/tr>\n<tr>\n<td style=\"height:27px;\">\n<p>CHEVALIER Gabin<\/p>\n<\/td>\n<td style=\"height:27px;\">\n<p>AULNE OLYMPIQUE CYCLISTE<\/p>\n<\/td>\n<\/tr>\n<tr>\n<td style=\"height:27px;\">\n<p>KERGUIDUFF Axelle<\/p>\n<\/td>\n<td style=\"height:27px;\">\n<p>CC BOURG BLANC<\/p>\n<\/td>\n<\/tr>\n<tr>\n<td style=\"height:27px;\">\n<p>DAVID Karl<\/p>\n<\/td>\n<td style=\"height:27px;\">\n<p>CLUB CYCLES JEANNES<\/p>\n<\/td>\n<\/tr>\n<tr>\n<td style=\"height:27px;\">\n<p>GALLOU Alexis<\/p>\n<\/td>\n<td style=\"height:27px;\">\n<p>VS DRENNECOIS<\/p>\n<\/td>\n<\/tr>\n<p>U19 H ET FEMMES<\/p>\n<tr>\n<td style=\"height:25px;\">\n<p>AVELINE Lilian<\/p>\n<\/td>\n<td style=\"height:25px;\">\n<p>CC BOURG BLANC<\/p>\n<\/td>\n<\/tr>\n<tr>\n<td style=\"height:25px;\">\n<p>KERGUIDUFF Ga\u00ebtan<\/p>\n<\/td>\n<td style=\"height:25px;\">\n<p>CC BOURG BLANC<\/p>\n<\/td>\n<\/tr>\n<tr>\n<td style=\"height:25px;\">\n<p>LECUYER Natha\u00ebl<\/p>\n<\/td>\n<td style=\"height:25px;\">\n<p>LANDIVISIENNE CYCLISTE<\/p>\n<\/td>\n<\/tr>\n<tr>\n<td style=\"height:25px;\">\n<p>SIMON Mathis<\/p>\n<\/td>\n<td style=\"height:25px;\">\n<p>LANDIVISIENNE CYCLISTE<\/p>\n<\/td>\n<\/tr>\n<tr>\n<td style=\"height:25px;\">\n<p>ALENCON Nolan<\/p>\n<\/td>\n<td style=\"height:25px;\">\n<p>VS DRENNECOIS<\/p>\n<\/td>\n<\/tr>\n<tr>\n<td style=\"height:25px;\">\n<p>JESTIN Nolan<\/p>\n<\/td>\n<td style=\"height:25px;\">\n<p>VS DRENNECOIS<\/p>\n<\/td>\n<\/tr>\n<tr>\n<td style=\"height:25px;\">\n<p>BESNARD Antoine<\/p>\n<\/td>\n<td style=\"height:25px;\">\n<p>VS QUIMPEROIS<\/p>\n<\/td>\n<\/tr>\n<tr>\n<td style=\"height:25px;\">\n<p>LE GOFF Baptiste<\/p>\n<\/td>\n<td style=\"height:25px;\">\n<p>VS QUIMPEROIS<\/p>\n<\/td>\n<\/tr>\n<tr>\n<td style=\"height:25px;\">\n<p>LE FOLL Teo<\/p>\n<\/td>\n<td style=\"height:25px;\">\n<p>AULNE OLYMPIQUE CYCLISTE<\/p>\n<\/td>\n<\/tr>\n<tr>\n<td style=\"height:25px;\">\n<p>KERLOC&rsquo;H DAGORN Erell<\/p>\n<\/td>\n<td style=\"height:25px;\">\n<p>CAP SIZUN CYCLISME<\/p>\n<\/td>\n<\/tr>\n<tr>\n<td style=\"height:25px;\">\n<p>STEPHAN Killian<\/p>\n<\/td>\n<td style=\"height:25px;\">\n<p>UC CARHAIX<\/p>\n<\/td>\n<\/tr>\n<tr>\n<td style=\"height:25px;\">\n<p>DREAU Lucas<\/p>\n<\/td>\n<td style=\"height:25px;\">\n<p>UC PAYS DE MORLAIX<\/p>\n<\/td>\n<\/tr>\n<tr>\n<td style=\"height:20px;\">\n<p>LANCTUIT Nilya Marie<\/p>\n<\/td>\n<td style=\"height:20px;\">\n<p>VC CHATEAULINOIS<\/p>\n<\/td>\n<\/tr>\n<p>U23 ET SENIORS<\/p>\n<tr>\n<td style=\"height:27px;\">\n<p>CALVEZ Ismith<\/p>\n<\/td>\n<td style=\"height:27px;\">\n<p>VS QUIMPEROIS<\/p>\n<\/td>\n<\/tr>\n<tr>\n<td style=\"height:27px;\">\n<p>GUEZINGAR Alan<\/p>\n<\/td>\n<td style=\"height:27px;\">\n<p>VS QUIMPEROIS<\/p>\n<\/td>\n<\/tr>\n<tr>\n<td style=\"height:27px;\">\n<p>LE COSSEC Martin<\/p>\n<\/td>\n<td style=\"height:27px;\">\n<p>VS QUIMPEROIS<\/p>\n<\/td>\n<\/tr>\n<tr>\n<td style=\"height:27px;\">\n<p>LORANT Simon<\/p>\n<\/td>\n<td style=\"height:27px;\">\n<p>VS QUIMPEROIS<\/p>\n<\/td>\n<\/tr>\n<tr>\n<td style=\"height:27px;\">\n<p>LORRE Bertrand<\/p>\n<\/td>\n<td style=\"height:27px;\">\n<p>VS QUIMPEROIS<\/p>\n<\/td>\n<\/tr>\n<tr>\n<td style=\"height:27px;\">\n<p>BONGE Ewen<\/p>\n<\/td>\n<td style=\"height:27px;\">\n<p>CC ERGUE GABERIC<\/p>\n<\/td>\n<\/tr>\n<tr>\n<td style=\"height:27px;\">\n<p>DAVID Nicolas<\/p>\n<\/td>\n<td style=\"height:27px;\">\n<p>CC ERGUE GABERIC<\/p>\n<\/td>\n<\/tr>\n<tr>\n<td style=\"height:27px;\">\n<p>FORT Julien<\/p>\n<\/td>\n<td style=\"height:27px;\">\n<p>CC ERGUE GABERIC<\/p>\n<\/td>\n<\/tr>\n<tr>\n<td style=\"height:27px;\">\n<p>TOUBOUL Bruce<\/p>\n<\/td>\n<td style=\"height:27px;\">\n<p>CC ERGUE GABERIC<\/p>\n<\/td>\n<\/tr>\n<tr>\n<td style=\"height:27px;\">\n<p>CARVAL Serge<\/p>\n<\/td>\n<td style=\"height:27px;\">\n<p>CAP SIZUN CYCLISME<\/p>\n<\/td>\n<\/tr>\n<tr>\n<td style=\"height:27px;\">\n<p>KERSUAL Olivier<\/p>\n<\/td>\n<td style=\"height:27px;\">\n<p>CAP SIZUN CYCLISME<\/p>\n<\/td>\n<\/tr>\n<tr>\n<td style=\"height:27px;\">\n<p>PERCELAY Alan<\/p>\n<\/td>\n<td style=\"height:27px;\">\n<p>CAP SIZUN CYCLISME<\/p>\n<\/td>\n<\/tr>\n<tr>\n<td style=\"height:27px;\">\n<p>ALLAIN Louis<\/p>\n<\/td>\n<td style=\"height:27px;\">\n<p>TEAM SPORTBREIZH<\/p>\n<\/td>\n<\/tr>\n<tr>\n<td style=\"height:27px;\">\n<p>DERVILY Romain<\/p>\n<\/td>\n<td style=\"height:27px;\">\n<p>TEAM SPORTBREIZH<\/p>\n<\/td>\n<\/tr>\n<tr>\n<td style=\"height:27px;\">\n<p>LE GUEVEL Alexis<\/p>\n<\/td>\n<td style=\"height:27px;\">\n<p>TEAM SPORTBREIZH<\/p>\n<\/td>\n<\/tr>\n<tr>\n<td style=\"height:27px;\">\n<p>CARRIOU Maxime<\/p>\n<\/td>\n<td style=\"height:27px;\">\n<p>UC QUIMPERLOISE<\/p>\n<\/td>\n<\/tr>\n<tr>\n<td style=\"height:27px;\">\n<p>CARRIOU Thomas<\/p>\n<\/td>\n<td style=\"height:27px;\">\n<p>UC QUIMPERLOISE<\/p>\n<\/td>\n<\/tr>\n<tr>\n<td style=\"height:27px;\">\n<p>ROUDOT Alban<\/p>\n<\/td>\n<td style=\"height:27px;\">\n<p>UC QUIMPERLOISE<\/p>\n<\/td>\n<\/tr>\n<tr>\n<td style=\"height:27px;\">\n<p>HERLEDANT Sylvain<\/p>\n<\/td>\n<td style=\"height:27px;\">\n<p>CC CONCARNOIS<\/p>\n<\/td>\n<\/tr>\n<tr>\n<td style=\"height:27px;\">\n<p>LE BIHAN Aurelien<\/p>\n<\/td>\n<td style=\"height:27px;\">\n<p>CC CONCARNOIS<\/p>\n<\/td>\n<\/tr>\n<tr>\n<td style=\"height:27px;\">\n<p>AVELINE Christophe<\/p>\n<\/td>\n<td style=\"height:27px;\">\n<p>KICLOS BREST METROPOLE CYCLISME<\/p>\n<\/td>\n<\/tr>\n<tr>\n<td style=\"height:27px;\">\n<p>MEAR Kyrian<\/p>\n<\/td>\n<td style=\"height:27px;\">\n<p>KICLOS BREST METROPOLE CYCLISME<\/p>\n<\/td>\n<\/tr>\n<tr>\n<td style=\"height:27px;\">\n<p>LE HIR Cedric<\/p>\n<\/td>\n<td style=\"height:27px;\">\n<p>T.OXYGENE PLOUDAL PORTSALL<\/p>\n<\/td>\n<\/tr>\n<tr>\n<td style=\"height:27px;\">\n<p>ROMEUR Anthony<\/p>\n<\/td>\n<td style=\"height:27px;\">\n<p>T.OXYGENE PLOUDAL PORTSALL<\/p>\n<\/td>\n<\/tr>\n<tr>\n<td style=\"height:27px;\">\n<p>BILLANT Bruno<\/p>\n<\/td>\n<td style=\"height:27px;\">\n<p>VS DRENNECOIS<\/p>\n<\/td>\n<\/tr>\n<tr>\n<td style=\"height:27px;\">\n<p>TEL Benjamin<\/p>\n<\/td>\n<td style=\"height:27px;\">\n<p>VS DRENNECOIS<\/p>\n<\/td>\n<\/tr>\n<tr>\n<td style=\"height:27px;\">\n<p>CUEFF Julien<\/p>\n<\/td>\n<td style=\"height:27px;\">\n<p>AC GOUESNOU<\/p>\n<\/td>\n<\/tr>\n<tr>\n<td style=\"height:27px;\">\n<p>MOREAU Maxime<\/p>\n<\/td>\n<td style=\"height:27px;\">\n<p>CC BOURG BLANC<\/p>\n<\/td>\n<\/tr>\n<tr>\n<td style=\"height:27px;\">\n<p>ROPERT Julien<\/p>\n<\/td>\n<td style=\"height:27px;\">\n<p>CC DOUARNENEZ<\/p>\n<\/td>\n<\/tr>\n<tr>\n<td style=\"height:27px;\">\n<p>MESSAGER Florian<\/p>\n<\/td>\n<td style=\"height:27px;\">\n<p>CLUB CYCLES JEANNES<\/p>\n<\/td>\n<\/tr>\n<tr>\n<td style=\"height:27px;\">\n<p>CARUSO Hadrien<\/p>\n<\/td>\n<td style=\"height:27px;\">\n<p>TEAM ARKEA<\/p>\n<\/td>\n<\/tr>\n<tr>\n<td style=\"height:27px;\">\n<p>LE MER Quentin<\/p>\n<\/td>\n<td style=\"height:27px;\">\n<p>UC PAYS DE MORLAIX<\/p>\n<\/td>\n<\/tr>\n<tr>\n<td style=\"height:27px;\">\n<p>LAPART Jean Paul<\/p>\n<\/td>\n<td style=\"height:27px;\">\n<p>VC CHATEAULINOIS<\/p>\n<\/td>\n<\/tr>\n<tr>\n<td style=\"height:27px;\">\n<p>QUEFFURUS Pierrick<\/p>\n<\/td>\n<td style=\"height:27px;\">\n<p>VS PLABENNEC<\/p>\n<\/td>\n<\/tr>\n<tr>\n<td style=\"height:27px;\">\n<p>AMOSSE Stephane<\/p>\n<\/td>\n<td style=\"height:27px;\">\n<p>VS SCAEROIS<\/p>\n<\/td>\n<\/tr>\n<p>&#13;<br \/>\n&#13;<br \/>\n&#13;<\/p>\n<p>Suivez nous sur Google pour ne rien manquer de l&rsquo;actualit\u00e9 du cyclisme :<\/p>\n<p><a href=\"https:\/\/profile.google.com\/cp\/EkwKJHZlbG9wcmVzc2Vjb2xsZWN0aW9uLm91ZXN0LWZyYW5jZS5mchIkdmVsb3ByZXNzZWNvbGxlY3Rpb24ub3Vlc3QtZnJhbmNlLmZy\" target=\"_blank\" class=\"btn full\" rel=\"noopener\">S&rsquo;abonner<\/a><\/p>\n<p>&#13;<br \/>\n&#13;<br \/>\n&#13;<br \/>\n&#13;<br \/>\n&#13;<br \/>\n&#13;<br \/>\n&#13;<br \/>\n&#13;<br \/>\n&#13;<br \/>\n&#13;<br \/>\n&#13;<\/p>\n<p>D&rsquo;autres&#13;<br \/>\nEngag\u00e9s&#13;<br \/>\nCyclo-cross&#13;<\/p>\n<p><img decoding=\"async\" loading=\"lazy\" src=\"https:\/\/www.europesays.com\/fr\/wp-content\/uploads\/2025\/11\/liguge-29-novembre-2025-infos-de-cyclo-cross-1.jpg\" alt=\"Ligug\u00e9 29 novembre 2025 infos de cyclo-cross 1\"\/><\/p>\n<p>lundi 24 novembre 2025<\/p>\n<p>Ligug\u00e9 29 novembre 2025 les engag\u00e9s de cyclo-cross<img decoding=\"async\" loading=\"lazy\" src=\"https:\/\/www.europesays.com\/fr\/wp-content\/uploads\/2025\/11\/1764332296_994_la-selle-craonnaise-30-novembre-2025-infos-de-cyclo-cross.jpg\" alt=\"La Selle Craonnaise 30 novembre 2025 infos de cyclo-cross\"\/><\/p>\n<p>lundi 24 novembre 2025<\/p>\n<p>La Selle Craonnaise 30 novembre 2025 les engag\u00e9s de cyclo-cross<img decoding=\"async\" loading=\"lazy\" src=\"https:\/\/www.europesays.com\/fr\/wp-content\/uploads\/2025\/11\/seglien-30-novembre-2025-infos-de-cyclo-cross.jpg\" alt=\"S\u00e9glien 30 novembre 2025 infos de cyclo-cross\"\/><\/p>\n<p>lundi 24 novembre 2025<\/p>\n<p>S\u00e9glien 30 novembre 2025 les engag\u00e9s de cyclo-cross<br \/>\n&#13;<br \/>\n&#13;<\/p>\n","protected":false},"excerpt":{"rendered":"&#13; &#13; &#13; &#13; actu34334.&#13; &#13; &#13;&#13; &#13; &#13; &#13;&#13; &#13; Liste des engag\u00e9s du cyclo-cross organis\u00e9 par&hellip;\n","protected":false},"author":2,"featured_media":564432,"comment_status":"","ping_status":"","sticky":false,"template":"","format":"standard","meta":{"footnotes":""},"categories":[1411],"tags":[1154,207,1011,27,60],"class_list":{"0":"post-564431","1":"post","2":"type-post","3":"status-publish","4":"format-standard","5":"has-post-thumbnail","7":"category-cyclisme","8":"tag-cycling","9":"tag-cyclisme","10":"tag-fr","11":"tag-france","12":"tag-sports"},"share_on_mastodon":{"url":"https:\/\/pubeurope.com\/@fr\/115627289770736828","error":""},"_links":{"self":[{"href":"https:\/\/www.europesays.com\/fr\/wp-json\/wp\/v2\/posts\/564431","targetHints":{"allow":["GET"]}}],"collection":[{"href":"https:\/\/www.europesays.com\/fr\/wp-json\/wp\/v2\/posts"}],"about":[{"href":"https:\/\/www.europesays.com\/fr\/wp-json\/wp\/v2\/types\/post"}],"author":[{"embeddable":true,"href":"https:\/\/www.europesays.com\/fr\/wp-json\/wp\/v2\/users\/2"}],"replies":[{"embeddable":true,"href":"https:\/\/www.europesays.com\/fr\/wp-json\/wp\/v2\/comments?post=564431"}],"version-history":[{"count":0,"href":"https:\/\/www.europesays.com\/fr\/wp-json\/wp\/v2\/posts\/564431\/revisions"}],"wp:featuredmedia":[{"embeddable":true,"href":"https:\/\/www.europesays.com\/fr\/wp-json\/wp\/v2\/media\/564432"}],"wp:attachment":[{"href":"https:\/\/www.europesays.com\/fr\/wp-json\/wp\/v2\/media?parent=564431"}],"wp:term":[{"taxonomy":"category","embeddable":true,"href":"https:\/\/www.europesays.com\/fr\/wp-json\/wp\/v2\/categories?post=564431"},{"taxonomy":"post_tag","embeddable":true,"href":"https:\/\/www.europesays.com\/fr\/wp-json\/wp\/v2\/tags?post=564431"}],"curies":[{"name":"wp","href":"https:\/\/api.w.org\/{rel}","templated":true}]}}