{"id":564439,"date":"2025-11-28T12:23:17","date_gmt":"2025-11-28T12:23:17","guid":{"rendered":"https:\/\/www.europesays.com\/fr\/564439\/"},"modified":"2025-11-28T12:23:17","modified_gmt":"2025-11-28T12:23:17","slug":"un-acteur-de-demain-nous-appartient-vole-au-secours-de-lily","status":"publish","type":"post","link":"https:\/\/www.europesays.com\/fr\/564439\/","title":{"rendered":"Un acteur de Demain nous appartient vole au secours de Lily !"},"content":{"rendered":"<p>La <a href=\"https:\/\/www.programme-tv.net\/news\/tv\/388521-star-academy-2025-date-de-diffusion-professeurs-casting-toutes-les-infos-sur-la-nouvelle-saison\/\" data-api-deeplink=\"teleloisirs:\/\/news\/388521\" target=\"_blank\" rel=\"noopener\">Star Academy<\/a> bat son plein sur TF1. Et si certains ont touch\u00e9 les \u00e9toiles en cette sixi\u00e8me semaine de comp\u00e9tition consacr\u00e9e aux bin\u00f4mes, pour d\u2019autres, <a href=\"https:\/\/www.programme-tv.net\/news\/tv\/392803-ah-ce-n-etait-pas-prevu-la-chute-spectaculaire-de-theo-l-et-lily-aux-evaluations-de-la-star-academy-fait-reagir\/\" data-api-deeplink=\"teleloisirs:\/\/news\/392803\" target=\"_blank\" rel=\"noopener\">l&rsquo;atterrissage a \u00e9t\u00e9 moins ma\u00eetris\u00e9<\/a>. Ainsi, deux duos <a href=\"https:\/\/www.programme-tv.net\/news\/tv\/392882-star-academy-2025-qui-sont-les-quatre-eleves-nomines-pour-le-prime-du-samedi-29-novembre\/\" data-api-deeplink=\"teleloisirs:\/\/news\/392882\" target=\"_blank\" rel=\"noopener\">n\u2019ont pas su trouver l\u2019accord parfait<\/a> et convaincre leurs professeurs lors des \u00e9valuations : Leo-Jeanne et Lily-Th\u00e9o L. dont les harmonies ont p\u00each\u00e9 sur Arcade de Duncan Laurence. Un choc pour la jeune marseillaise de 22 ans qui <b>ne s\u2019\u00e9tait encore jamais retrouv\u00e9e sur le banc des nomm\u00e9s<\/b>. La candidate avait, de plus, v\u00e9cu un prime de r\u00eave la semaine derni\u00e8re, elle qui avait eu l\u2019occasion d&rsquo;interpr\u00e9ter le tube de U2, With or without you, en compagnie de<a href=\"https:\/\/www.programme-tv.net\/news\/tv\/392663-lily-star-academy-son-petit-ami-arnaud-a-participe-a-the-voice-regardez-son-audition-a-laveugle\/\" data-api-deeplink=\"teleloisirs:\/\/news\/392663\" target=\"_blank\" rel=\"noopener\"> son petit-ami Arnaud<\/a>. Mais en ces temps difficiles, Lily peut compter sur un soutien de taille plut\u00f4t surprenant : un acteur bien connu d\u2019un feuilleton de TF1 !<\/p>\n<p>                        \u00ab\u00a0Voix en or massif, coeur gros comme \u00e7a, musicalit\u00e9 hors du commun\u00a0\u00bb : Lily de la Star Academy 2025 a un admirateur parmi les acteurs de Demain nous appartient <\/p>\n<p>Lily risque l\u2019\u00e9limination \u00e0 l\u2019issue du prime de la Star Academy de ce samedi 29 novembre 2025 <a href=\"https:\/\/www.programme-tv.net\/news\/tv\/392743-star-academy-2025-voici-les-invites-pour-le-prime-du-samedi-29-novembre-avec-la-presence-d-une-star-internationale\/\" data-api-deeplink=\"teleloisirs:\/\/news\/392743\" target=\"_blank\" rel=\"noopener\">&#8211; qui accueillera Gims, Linh, Tina Arena et Superbus &#8211;<\/a>, face \u00e0 un des bin\u00f4mes les plus appr\u00e9ci\u00e9s de cette saison, L\u00e9o et Jeanne. Un c\u00e9l\u00e8bre acteur de <b>Demain nous appartient<\/b>, avec qui elle semble entretenir un lien fort, a donc d\u00e9cid\u00e9 de voler \u00e0 son secours. Il s\u2019agit de Maxime L\u00e9lue, l&rsquo;interpr\u00e8te de <a href=\"https:\/\/www.programme-tv.net\/news\/series-tv\/281362-demain-nous-appartient-qui-sont-maxime-lelue-dimitri-fouque-et-juliette-mabillat-les-interpretes-de-jordan-jack-et-lizzie-roussel\/\" data-api-deeplink=\"teleloisirs:\/\/news\/281362\" target=\"_blank\" rel=\"noopener\">Jordan Roussel, le fils d\u2019Audrey (Charlotte Gaccio) et l&rsquo;amoureux de Judith (Alice Varela) dans le feuilleton de la Une<\/a>, et celui-ci est loin d\u2019\u00eatre un novice en mati\u00e8re de musique. En effet, en parall\u00e8le sa carri\u00e8re \u00e0 l&rsquo;\u00e9cran, l\u2019acteur de 28 ans sait aussi jouer sur la corde sensible une guitare \u00e0 la main. D\u00e8s 17 ans, il a ainsi form\u00e9 le duo Heureusement qu\u2019on meurt d\u2019amour avec son ami Pierre Flanelle. Le bin\u00f4me a ensuite sorti plusieurs titres, dont Patient et L\u2019ombre et la lumi\u00e8re en 2024. Et c\u2019est n\u2019est pas tout, puisque le com\u00e9dien <a href=\"https:\/\/www.programme-tv.net\/news\/series-tv\/315404-je-suis-folle-de-ta-voix-maxime-lelue-jordan-chante-sur-instagram-ses-partenaires-de-demain-nous-appartient-impressionnes-video\/\" data-api-deeplink=\"teleloisirs:\/\/news\/315404\" target=\"_blank\" rel=\"noopener\">abreuve r\u00e9guli\u00e8rement ses r\u00e9seaux sociaux de musique<\/a> en solo ou en duo avec des acteurs de la s\u00e9rie, <a href=\"https:\/\/www.programme-tv.net\/biographie\/699811-mabilat-juliette\/\" data-link-people=\"c11c2822-bb04-4dc5-a14f-c1eabc00dea4\" target=\"_blank\" rel=\"noopener\">Juliette Mabilat<\/a> (Lizzie) et <a href=\"https:\/\/www.programme-tv.net\/biographie\/1592845-fouque-dimitri\/\" data-link-people=\"55eb4969-435e-447c-a76b-19b46287cc27\" target=\"_blank\" rel=\"noopener\">Dimitri Fouque<\/a> (Jack), ses fr\u00e8res et s\u0153urs de fiction, pour le plus grand bonheur des fans. Plus r\u00e9cemment, en mars 2025, il donnait un concert, et, dans une vid\u00e9o publi\u00e9e sur son compte Tik Tok, on aper\u00e7oit une certaine Lily, aujourd\u2019hui \u00e9l\u00e8ve au ch\u00e2teau de Dammarie-les-Lys, preuve de la complicit\u00e9 des deux artistes.<\/p>\n<p>R\u00e9agissant \u00e0 la nomination de Lily, Maxime L\u00e9lue a publi\u00e9 une vid\u00e9o dans sa story Instagram o\u00f9 on le voit en compagnie de l&rsquo;acad\u00e9micienne, avec le message : \u00ab\u00a0Cette semaine, on sauve notre Lily\u00a0\u00bb. Il dresse ensuite la liste des \u00ab\u00a0+ de Lily\u00a0\u00bb : \u00ab\u00a0<b>Voix en or massif, coeur gros comme \u00e7a\u00a0\u00bb<\/b> avec un \u00e9motic\u00f4ne de pleine lune, \u00ab\u00a0musicalit\u00e9 hors du commun\u00a0\u00bb, \u00ab\u00a0moins le profil t\u00e9l\u00e9-r\u00e9alit\u00e9 vous allez me dire ? C\u2019est donc un + pour moi !\u00a0\u00bb\u2026 puis celle des \u00ab\u00a0&#8211; de Lily\u00a0\u00bb, qu\u2019il laisse vierge. Suffisant pour sauver Lily ?<\/p>\n<blockquote class=\"tiktok-embed\" cite=\"https:\/\/www.tiktok.com\/@maximelelue\/video\/7482045146859703574\" data-video-id=\"7482045146859703574\" data-embed-from=\"oembed\" style=\"max-width:605px; min-width:325px;\"><p>  <a target=\"_blank\" title=\"@maximelelue\" href=\"https:\/\/www.tiktok.com\/@maximelelue?refer=embed\" rel=\"noopener\">@maximelelue<\/a> <\/p>\n<p>Tu viendras la soutenir sur sc\u00e8ne la prochaine fois ? \ud83e\udd7a poprock indiemusic livemusic concerts solo <\/p>\n<p> <a target=\"_blank\" title=\"\u266c son original - Maxime L\u00e9lue\" href=\"https:\/\/www.tiktok.com\/music\/son-original-7482045185678314262?refer=embed\" rel=\"noopener\">\u266c son original &#8211; Maxime L\u00e9lue<\/a>  <\/p><\/blockquote>\n<p>    <script async src=\"\/\/www.tiktok.com\/embed.js\"><\/script><\/p>\n","protected":false},"excerpt":{"rendered":"La Star Academy bat son plein sur TF1. Et si certains ont touch\u00e9 les \u00e9toiles en cette sixi\u00e8me&hellip;\n","protected":false},"author":2,"featured_media":564440,"comment_status":"","ping_status":"","sticky":false,"template":"","format":"standard","meta":{"footnotes":""},"categories":[1356],"tags":[244,3598,58,59,1011,27,41791,64696,64698,64694,64695,67092,68032,5095,64699,64697,67813,68033,252,199,2175,1364],"class_list":{"0":"post-564439","1":"post","2":"type-post","3":"status-publish","4":"format-standard","5":"has-post-thumbnail","7":"category-television","8":"tag-commentaire","9":"tag-demain-nous-appartient","10":"tag-divertissement","11":"tag-entertainment","12":"tag-fr","13":"tag-france","14":"tag-la-quotidienne","15":"tag-la-quotidienne-25112022-173000-tf1","16":"tag-la-quotidienne-su00e9rie-52118294","17":"tag-la-quotidienne-1100832954","18":"tag-la-quotidienne-1100860641","19":"tag-lily-star-academy-2025","20":"tag-maxime-lelue","21":"tag-star-academy","22":"tag-star-academy-le-prime-9790195","23":"tag-star-academy-1100807804","24":"tag-star-academy-1101059444","25":"tag-star-academy-1101324617","26":"tag-television","27":"tag-tf1","28":"tag-tl-story","29":"tag-tv"},"share_on_mastodon":{"url":"https:\/\/pubeurope.com\/@fr\/115627308114245021","error":""},"_links":{"self":[{"href":"https:\/\/www.europesays.com\/fr\/wp-json\/wp\/v2\/posts\/564439","targetHints":{"allow":["GET"]}}],"collection":[{"href":"https:\/\/www.europesays.com\/fr\/wp-json\/wp\/v2\/posts"}],"about":[{"href":"https:\/\/www.europesays.com\/fr\/wp-json\/wp\/v2\/types\/post"}],"author":[{"embeddable":true,"href":"https:\/\/www.europesays.com\/fr\/wp-json\/wp\/v2\/users\/2"}],"replies":[{"embeddable":true,"href":"https:\/\/www.europesays.com\/fr\/wp-json\/wp\/v2\/comments?post=564439"}],"version-history":[{"count":0,"href":"https:\/\/www.europesays.com\/fr\/wp-json\/wp\/v2\/posts\/564439\/revisions"}],"wp:featuredmedia":[{"embeddable":true,"href":"https:\/\/www.europesays.com\/fr\/wp-json\/wp\/v2\/media\/564440"}],"wp:attachment":[{"href":"https:\/\/www.europesays.com\/fr\/wp-json\/wp\/v2\/media?parent=564439"}],"wp:term":[{"taxonomy":"category","embeddable":true,"href":"https:\/\/www.europesays.com\/fr\/wp-json\/wp\/v2\/categories?post=564439"},{"taxonomy":"post_tag","embeddable":true,"href":"https:\/\/www.europesays.com\/fr\/wp-json\/wp\/v2\/tags?post=564439"}],"curies":[{"name":"wp","href":"https:\/\/api.w.org\/{rel}","templated":true}]}}