{"id":564445,"date":"2025-11-28T12:26:14","date_gmt":"2025-11-28T12:26:14","guid":{"rendered":"https:\/\/www.europesays.com\/fr\/564445\/"},"modified":"2025-11-28T12:26:14","modified_gmt":"2025-11-28T12:26:14","slug":"les-cas-de-rougeole-dans-le-monde-en-hausse-en-raison-de-trous-persistants-dans-la-couverture-vaccinale","status":"publish","type":"post","link":"https:\/\/www.europesays.com\/fr\/564445\/","title":{"rendered":"Les cas de rougeole dans le monde en hausse en raison de \u00ab\u00a0trous\u00a0\u00bb persistants dans la couverture vaccinale"},"content":{"rendered":"<p>                     <img loading=\"lazy\" decoding=\"async\" src=\"https:\/\/www.europesays.com\/fr\/wp-content\/uploads\/2025\/11\/83766b4_upload-1-ww5jalaoru76-2025-08-02t020121z-833709377-rc2byfah4oe8-rtrmadp-3-mexico-measles-vac.jpeg\" alt=\"Campagne de vaccination pour faire face \u00e0 une \u00e9pid\u00e9mie de rougeole, \u00e0 Ciudad Juarez, au Mexique, le 1\u1d49\u02b3\u00a0ao\u00fbt\u00a02025.\"   width=\"664\" height=\"443\"\/>    Campagne de vaccination pour faire face \u00e0 une \u00e9pid\u00e9mie de rougeole, \u00e0 Ciudad Juarez, au Mexique, le 1\u1d49\u02b3\u00a0ao\u00fbt\u00a02025.  JOSE LUIS GONZALEZ \/ REUTERS                 <\/p>\n<p class=\"article__paragraph  \">La rougeole, l\u2019un des virus les plus contagieux, continue \u00e0 circuler activement dans le monde. Pr\u00e8s de 11\u00a0millions de cas de cette maladie, identifiable par les nombreuses taches rouges qu\u2019elle provoque sur le corps des malades, ont \u00e9t\u00e9 enregistr\u00e9s en\u00a02024, soit environ 650\u00a0000\u00a0suppl\u00e9mentaires par rapport \u00e0 l\u2019ann\u00e9e pr\u00e9c\u00e9dente\u00a0; une hausse de 6\u00a0%, selon un rapport de l\u2019Organisation mondiale de la sant\u00e9 (OMS) publi\u00e9 vendredi 28\u00a0novembre. Dans le m\u00eame temps, la mortalit\u00e9 li\u00e9e \u00e0 la maladie a notablement diminu\u00e9, passant de 107\u00a0000\u00a0morts en\u00a02023 \u00e0 95\u00a0000 en\u00a02024.<\/p>\n<p class=\"article__paragraph  \">Par rapport aux niveaux pr\u00e9Covid de 2019, les cas estim\u00e9s ont augment\u00e9 de 8\u00a0% au niveau mondial, tandis que les d\u00e9c\u00e8s ont diminu\u00e9 de 11\u00a0%. Cet \u00e9cart s\u2019explique en partie, selon les auteurs, par l\u2019augmentation du nombre de cas dans les pays \u00e0 revenu interm\u00e9diaire ou \u00e9lev\u00e9, o\u00f9 les taux de l\u00e9talit\u00e9 sont plus faibles que dans les pays \u00e0 faible revenu. En\u00a02024, 59\u00a0pays ont en effet \u00e9t\u00e9 touch\u00e9s par une flamb\u00e9e de cas, contre 36 en\u00a02022 et 57 en\u00a02023.<\/p>\n<p class=\"article__paragraph  \">Le bilan risque d\u2019empirer en\u00a02025, puisque le Canada et les Etats-Unis sont tous deux frapp\u00e9s par des \u00e9pid\u00e9mies d\u2019ampleur, <a href=\"https:\/\/www.lemonde.fr\/sante\/article\/2025\/11\/10\/le-canada-perd-son-statut-de-pays-exempt-de-rougeole-un-symbole-de-la-montee-de-la-defiance-vaccinale_6652944_1651302.html\" target=\"_blank\" rel=\"noopener\">au point de faire perdre au Canada, et dans son sillage toute la r\u00e9gion des Am\u00e9riques, son statut de zone exempte de la rougeole<\/a>. En cause, la mont\u00e9e de la d\u00e9fiance \u00e0 l\u2019\u00e9gard des vaccins \u00e0 la suite des vastes campagnes de vaccination contre le Covid-19, avec pour cons\u00e9quence une baisse de la couverture dans certaines cat\u00e9gories de population.<\/p>\n<p class=\"reading-mode-only \"><strong>Il vous reste 66.45% de cet article \u00e0 lire. La suite est r\u00e9serv\u00e9e aux abonn\u00e9s.<\/strong><\/p>\n","protected":false},"excerpt":{"rendered":"Campagne de vaccination pour faire face \u00e0 une \u00e9pid\u00e9mie de rougeole, \u00e0 Ciudad Juarez, au Mexique, le 1\u1d49\u02b3\u00a0ao\u00fbt\u00a02025.&hellip;\n","protected":false},"author":2,"featured_media":564446,"comment_status":"","ping_status":"","sticky":false,"template":"","format":"standard","meta":{"footnotes":""},"categories":[10],"tags":[1011,27,72,71],"class_list":{"0":"post-564445","1":"post","2":"type-post","3":"status-publish","4":"format-standard","5":"has-post-thumbnail","7":"category-sante","8":"tag-fr","9":"tag-france","10":"tag-health","11":"tag-sante"},"share_on_mastodon":{"url":"https:\/\/pubeurope.com\/@fr\/115627319993531412","error":""},"_links":{"self":[{"href":"https:\/\/www.europesays.com\/fr\/wp-json\/wp\/v2\/posts\/564445","targetHints":{"allow":["GET"]}}],"collection":[{"href":"https:\/\/www.europesays.com\/fr\/wp-json\/wp\/v2\/posts"}],"about":[{"href":"https:\/\/www.europesays.com\/fr\/wp-json\/wp\/v2\/types\/post"}],"author":[{"embeddable":true,"href":"https:\/\/www.europesays.com\/fr\/wp-json\/wp\/v2\/users\/2"}],"replies":[{"embeddable":true,"href":"https:\/\/www.europesays.com\/fr\/wp-json\/wp\/v2\/comments?post=564445"}],"version-history":[{"count":0,"href":"https:\/\/www.europesays.com\/fr\/wp-json\/wp\/v2\/posts\/564445\/revisions"}],"wp:featuredmedia":[{"embeddable":true,"href":"https:\/\/www.europesays.com\/fr\/wp-json\/wp\/v2\/media\/564446"}],"wp:attachment":[{"href":"https:\/\/www.europesays.com\/fr\/wp-json\/wp\/v2\/media?parent=564445"}],"wp:term":[{"taxonomy":"category","embeddable":true,"href":"https:\/\/www.europesays.com\/fr\/wp-json\/wp\/v2\/categories?post=564445"},{"taxonomy":"post_tag","embeddable":true,"href":"https:\/\/www.europesays.com\/fr\/wp-json\/wp\/v2\/tags?post=564445"}],"curies":[{"name":"wp","href":"https:\/\/api.w.org\/{rel}","templated":true}]}}