{"id":564453,"date":"2025-11-28T12:30:18","date_gmt":"2025-11-28T12:30:18","guid":{"rendered":"https:\/\/www.europesays.com\/fr\/564453\/"},"modified":"2025-11-28T12:30:18","modified_gmt":"2025-11-28T12:30:18","slug":"il-ny-aura-pas-demplois-supprimes-assure-le-directeur-general-guillaume-darrasse","status":"publish","type":"post","link":"https:\/\/www.europesays.com\/fr\/564453\/","title":{"rendered":"\u00ab\u00a0Il n\u2019y aura pas d\u2019emplois supprim\u00e9s\u00a0\u00bb, assure le directeur g\u00e9n\u00e9ral, Guillaume Darrasse"},"content":{"rendered":"<p>                      <img loading=\"lazy\" decoding=\"async\" src=\"https:\/\/www.europesays.com\/fr\/wp-content\/uploads\/2025\/11\/5a64cc0_ftp-import-images-1-6bwccpfbwlfa-5529121-01-06.jpg\" alt=\"Devant un supermarch\u00e9 Auchan, \u00e0 P\u00e9rols (H\u00e9rault), en\u00a0janvier 2020.\"   width=\"664\" height=\"443\"\/>    Devant un supermarch\u00e9 Auchan, \u00e0 P\u00e9rols (H\u00e9rault), en\u00a0janvier 2020.  PASCAL GUYOT\/AFP                            <\/p>\n<p class=\"article__paragraph  \">\u00ab\u00a0Il n\u2019y aura pas d\u2019emplois supprim\u00e9s\u00a0\u00bb avec le passage sous banni\u00e8re Intermarch\u00e9 et Netto de 300 supermarch\u00e9s Auchan, a assur\u00e9 Guillaume Darrasse, directeur g\u00e9n\u00e9ral d\u2019Auchan Retail, <a href=\"https:\/\/www.franceinfo.fr\/economie\/auchan-sous-banniere-intermarche-ou-netto-il-n-y-aura-pas-d-emplois-supprimes-car-c-est-un-projet-de-developpement-assure-la-direction_7645094.html\" target=\"_blank\" rel=\"noopener\" title=\"Nouvelle fen\u00eatre\">interrog\u00e9 sur Franceinfo<\/a> vendredi 28\u00a0novembre. Concernant les employ\u00e9s dans les magasins, \u00ab\u00a0ce n\u2019est pas le projet, ce n\u2019est pas un projet de diminution des co\u00fbts. C\u2019est un projet de d\u00e9veloppement et de croissance\u00a0\u00bb, a-t-il ajout\u00e9, pr\u00e9cisant qu\u2019une r\u00e9duction du nombre d\u2019emplois \u00ab\u00a0n\u2019est pas \u00e0 l\u2019ordre du jour\u00a0\u00bb, y compris pour les fonctions support dans les entrep\u00f4ts.<\/p>\n<p class=\"article__paragraph  \">\u00ab\u00a0Nos m\u00e9tiers de toute fa\u00e7on sont en ce moment travers\u00e9s par des sujets d\u2019intelligence artificielle, de m\u00e9canisation, et je pense que ce qui est important c\u2019est qu\u2019Auchan retrouve de la comp\u00e9titivit\u00e9 pour recr\u00e9er de la valeur qui, dans la culture Auchan, sera partag\u00e9e avec les collaborateurs\u00a0\u00bb, a compl\u00e9t\u00e9 le directeur g\u00e9n\u00e9ral.<\/p>\n<p>                                         Lire aussi |  Article r\u00e9serv\u00e9 \u00e0 nos abonn\u00e9s  <a href=\"https:\/\/www.lemonde.fr\/economie\/article\/2025\/11\/25\/auchan-veut-basculer-tous-ses-supermarches-sous-banniere-intermarche-et-netto_6654749_3234.html\" class=\"js-article-read-also catcher--favoris__link\" data-premium=\"1\" id=\"article-title-3448104\" target=\"_blank\" rel=\"noopener\">Auchan veut basculer tous ses supermarch\u00e9s sous banni\u00e8re Intermarch\u00e9 et Netto<\/a>    <\/p>\n<p>   Lire plus tard  <\/p>\n<p class=\"article__paragraph  \">Auchan, propri\u00e9t\u00e9 de la famille Mulliez, a annonc\u00e9 mardi son projet de basculer ses quelque 300 supermarch\u00e9s en franchise, sous banni\u00e8re Intermarch\u00e9 et Netto, par le biais d\u2019un contrat de franchise conclu avec Intermarch\u00e9\/Mousquetaires, tout en conservant les plus grands magasins, les hypermarch\u00e9s, \u00e0 son nom. Le projet pourrait prendre effet \u00e0 la fin de 2026.<\/p>\n<p class=\"article__paragraph  \">Concernant la perte de certains avantages pour les salari\u00e9s Auchan qui changeront d\u2019enseigne, notamment des cong\u00e9s d\u2019anciennet\u00e9, le directeur g\u00e9n\u00e9ral a pr\u00e9cis\u00e9 que ces travailleurs \u00ab\u00a0restent des salari\u00e9s Auchan (\u2026) nous allons continuer le dialogue avec eux\u00a0\u00bb. \u00ab\u00a0Je comprends l\u2019impatience. Maintenant, il faut bien respecter les \u00e9ch\u00e9ances. C\u2019est un projet, d\u00e8s qu\u2019il a \u00e9t\u00e9 connu nous l\u2019avons communiqu\u00e9 et nous entrons dans une s\u00e9quence de dialogue.\u00a0\u00bb<\/p>\n<p>                                         Lire aussi |  Article r\u00e9serv\u00e9 \u00e0 nos abonn\u00e9s  <a href=\"https:\/\/www.lemonde.fr\/economie\/article\/2025\/11\/26\/comment-expliquer-le-remplacement-de-tous-les-supermarches-auchan-par-des-intermarches_6654836_3234.html\" class=\"js-article-read-also catcher--favoris__link\" data-premium=\"1\" id=\"article-title-3448110\" target=\"_blank\" rel=\"noopener\">Pourquoi tous les supermarch\u00e9s Auchan sont remplac\u00e9s par des Intermarch\u00e9s<\/a>    <\/p>\n<p>   Lire plus tard  <\/p>\n<p class=\"author__detail\">  Le Monde avec AFP  <\/p>\n<p>                <a href=\"https:\/\/www.lemonde.fr\/syndication\/\" class=\"reuse__content\" title=\"R\u00e9utiliser ce contenu\" target=\"_blank\" rel=\"noopener\">R\u00e9utiliser ce contenu<\/a>      <\/p>\n","protected":false},"excerpt":{"rendered":"Devant un supermarch\u00e9 Auchan, \u00e0 P\u00e9rols (H\u00e9rault), en\u00a0janvier 2020. PASCAL GUYOT\/AFP \u00ab\u00a0Il n\u2019y aura pas d\u2019emplois supprim\u00e9s\u00a0\u00bb avec&hellip;\n","protected":false},"author":2,"featured_media":564454,"comment_status":"","ping_status":"","sticky":false,"template":"","format":"standard","meta":{"footnotes":""},"categories":[6],"tags":[35,33,34,1011,27],"class_list":{"0":"post-564453","1":"post","2":"type-post","3":"status-publish","4":"format-standard","5":"has-post-thumbnail","7":"category-economie","8":"tag-business","9":"tag-economie","10":"tag-economy","11":"tag-fr","12":"tag-france"},"share_on_mastodon":{"url":"","error":""},"_links":{"self":[{"href":"https:\/\/www.europesays.com\/fr\/wp-json\/wp\/v2\/posts\/564453","targetHints":{"allow":["GET"]}}],"collection":[{"href":"https:\/\/www.europesays.com\/fr\/wp-json\/wp\/v2\/posts"}],"about":[{"href":"https:\/\/www.europesays.com\/fr\/wp-json\/wp\/v2\/types\/post"}],"author":[{"embeddable":true,"href":"https:\/\/www.europesays.com\/fr\/wp-json\/wp\/v2\/users\/2"}],"replies":[{"embeddable":true,"href":"https:\/\/www.europesays.com\/fr\/wp-json\/wp\/v2\/comments?post=564453"}],"version-history":[{"count":0,"href":"https:\/\/www.europesays.com\/fr\/wp-json\/wp\/v2\/posts\/564453\/revisions"}],"wp:featuredmedia":[{"embeddable":true,"href":"https:\/\/www.europesays.com\/fr\/wp-json\/wp\/v2\/media\/564454"}],"wp:attachment":[{"href":"https:\/\/www.europesays.com\/fr\/wp-json\/wp\/v2\/media?parent=564453"}],"wp:term":[{"taxonomy":"category","embeddable":true,"href":"https:\/\/www.europesays.com\/fr\/wp-json\/wp\/v2\/categories?post=564453"},{"taxonomy":"post_tag","embeddable":true,"href":"https:\/\/www.europesays.com\/fr\/wp-json\/wp\/v2\/tags?post=564453"}],"curies":[{"name":"wp","href":"https:\/\/api.w.org\/{rel}","templated":true}]}}