{"id":564460,"date":"2025-11-28T12:34:13","date_gmt":"2025-11-28T12:34:13","guid":{"rendered":"https:\/\/www.europesays.com\/fr\/564460\/"},"modified":"2025-11-28T12:34:13","modified_gmt":"2025-11-28T12:34:13","slug":"cest-parti-pour-les-festivites-de-fin-dannee","status":"publish","type":"post","link":"https:\/\/www.europesays.com\/fr\/564460\/","title":{"rendered":"c\u2019est parti pour les festivit\u00e9s de fin d\u2019ann\u00e9e\u00a0!"},"content":{"rendered":"<p class=\"insetTitle\">Et aussi<\/p>\n<p>            Petit train<\/p>\n<p>L\u2019association de commer\u00e7ants Carr\u00e9ment Saint-Chamond propose de nouveaux son petit train, qui permettra de sillonner le centre-ville du 17 au 24\u00a0d\u00e9cembre, pour un co\u00fbt de 2\u00a0euros la journ\u00e9e.<\/p>\n<p>Boites aux lettres<\/p>\n<p>Pour envoyer sa lettre au p\u00e8re No\u00ebl, les enfants peuvent trouver plusieurs bo\u00eetes\u00a0: sur le march\u00e9 de No\u00ebl dans l\u2019espace Notre Dame, \u00e0 la patinoire place de l\u2019H\u00f4tel-Dieu, au Hall in One \u00e0 Novaci\u00e9ries et square Croix Gauthier. Attention, le courrier doit \u00eatre d\u00e9pos\u00e9 avant le 16\u00a0d\u00e9cembre, et il est important de noter son adresse pour que le p\u00e8re No\u00ebl puisse r\u00e9pondre.<\/p>\n<p>D\u2019autres animations et march\u00e9s de No\u00ebl<\/p>\n<p>Des animations seront propos\u00e9es \u00e9galement par la m\u00e9diath\u00e8que, la ludoth\u00e8que, les commer\u00e7ants et les associations. \u00c0 noter notamment deux march\u00e9s de No\u00ebl\u00a0: le 5\u00a0d\u00e9cembre place Nationale d\u00e8s 17\u00a0h\u00a030, organis\u00e9 par l\u2019association Izieux Quartier Heureux, et le 8\u00a0d\u00e9cembre d\u00e8s 18\u00a0heures place de la R\u00e9publique, organis\u00e9 par les commer\u00e7ants du quartier de la Valette.<\/p>\n","protected":false},"excerpt":{"rendered":"Et aussi Petit train L\u2019association de commer\u00e7ants Carr\u00e9ment Saint-Chamond propose de nouveaux son petit train, qui permettra de&hellip;\n","protected":false},"author":2,"featured_media":564461,"comment_status":"","ping_status":"","sticky":false,"template":"","format":"standard","meta":{"footnotes":""},"categories":[9653],"tags":[1111,11,2430,1687,7539,1777,674,3326,1011,27,2089,12,25,9669,9670,4001,3140],"class_list":{"0":"post-564460","1":"post","2":"type-post","3":"status-publish","4":"format-standard","5":"has-post-thumbnail","7":"category-saint-etienne","8":"tag-actu","9":"tag-actualites","10":"tag-auvergne-rhone-alpes","11":"tag-culture-loisirs","12":"tag-edition-loire-sud","13":"tag-eu","14":"tag-europe","15":"tag-fete-locale","16":"tag-fr","17":"tag-france","18":"tag-marche","19":"tag-news","20":"tag-republique-francaise","21":"tag-saint-chamond","22":"tag-saint-chamond-ville","23":"tag-saint-etienne","24":"tag-spectacle"},"share_on_mastodon":{"url":"https:\/\/pubeurope.com\/@fr\/115627351355088341","error":""},"_links":{"self":[{"href":"https:\/\/www.europesays.com\/fr\/wp-json\/wp\/v2\/posts\/564460","targetHints":{"allow":["GET"]}}],"collection":[{"href":"https:\/\/www.europesays.com\/fr\/wp-json\/wp\/v2\/posts"}],"about":[{"href":"https:\/\/www.europesays.com\/fr\/wp-json\/wp\/v2\/types\/post"}],"author":[{"embeddable":true,"href":"https:\/\/www.europesays.com\/fr\/wp-json\/wp\/v2\/users\/2"}],"replies":[{"embeddable":true,"href":"https:\/\/www.europesays.com\/fr\/wp-json\/wp\/v2\/comments?post=564460"}],"version-history":[{"count":0,"href":"https:\/\/www.europesays.com\/fr\/wp-json\/wp\/v2\/posts\/564460\/revisions"}],"wp:featuredmedia":[{"embeddable":true,"href":"https:\/\/www.europesays.com\/fr\/wp-json\/wp\/v2\/media\/564461"}],"wp:attachment":[{"href":"https:\/\/www.europesays.com\/fr\/wp-json\/wp\/v2\/media?parent=564460"}],"wp:term":[{"taxonomy":"category","embeddable":true,"href":"https:\/\/www.europesays.com\/fr\/wp-json\/wp\/v2\/categories?post=564460"},{"taxonomy":"post_tag","embeddable":true,"href":"https:\/\/www.europesays.com\/fr\/wp-json\/wp\/v2\/tags?post=564460"}],"curies":[{"name":"wp","href":"https:\/\/api.w.org\/{rel}","templated":true}]}}