{"id":564475,"date":"2025-11-28T12:45:33","date_gmt":"2025-11-28T12:45:33","guid":{"rendered":"https:\/\/www.europesays.com\/fr\/564475\/"},"modified":"2025-11-28T12:45:33","modified_gmt":"2025-11-28T12:45:33","slug":"le-carnaval-da-rouen-revient-pour-une-seconde-edition-le-29-mars-2026","status":"publish","type":"post","link":"https:\/\/www.europesays.com\/fr\/564475\/","title":{"rendered":"Le \u00ab\u00a0Carnaval da Rouen\u00a0\u00bb revient pour une seconde \u00e9dition le 29 mars 2026"},"content":{"rendered":"<p>Une deuxi\u00e8me \u00e9dition du \u00ab\u00a0Carnaval da Rouen\u00a0\u00bb est annonc\u00e9e pour mars 2026. Cette f\u00eate populaire organis\u00e9e par des associations locales et collectifs d&rsquo;habitants avait r\u00e9uni plusieurs milliers de personnes cette ann\u00e9e.<\/p>\n<p>Il y aura une deuxi\u00e8me \u00e9dition du \u00ab\u00a0Carnaval Da Rouen\u00a0\u00bb. L&rsquo;annonce a \u00e9t\u00e9 faite\u00a0en septembre 2025 sur les r\u00e9seaux sociaux\u00a0:\u00a0\u00ab\u00a0Abemus datam\u00a0\u00bb\u00a0 pouvait-on lire. Le \u00ab\u00a0<a target=\"_blank\" rel=\"nofollow noopener noreferrer\" class=\"IciLink ici-link IciArticleLink g-ici-body-regular-1 underline brand svelte-1chfe2s\" href=\"https:\/\/carnavaldarouen.wordpress.com\/\">Carnaval da Rouen<\/a>\u00a0\u00bb\u00a0d\u00e9crit par ses organisateurs, des associations et collectifs d&rsquo;habitants, comme \u00ab\u00a0un carnaval subversif, f\u00e9ministe, joyeux et artistique pour petits et grands\u00a0\u00bb\u00a0\u00a0revient donc l&rsquo;ann\u00e9e prochaine, le dimanche 29 mars \u00e0 15 heures, place du Vieux-March\u00e9 \u00e0 Rouen (Seine-Maritime).<\/p>\n<p>Cet \u00e9v\u00e9nement avait rassembl\u00e9 <strong>plusieurs milliers de personnes dans le centre-ville<\/strong>\u00a0le 9 mars dernier. Les participants avaient jou\u00e9 le jeu en venant d\u00e9guis\u00e9s, des chars et des marionnettes g\u00e9antes ont aussi d\u00e9fil\u00e9.<\/p>\n<p><strong>La Ville de Rouen ne s&rsquo;associe pas au projet<\/strong> mais elle vient en aide aux organisateurs sur les questions logistiques comme la s\u00e9curit\u00e9 ou la circulation.<\/p>\n","protected":false},"excerpt":{"rendered":"Une deuxi\u00e8me \u00e9dition du \u00ab\u00a0Carnaval da Rouen\u00a0\u00bb est annonc\u00e9e pour mars 2026. Cette f\u00eate populaire organis\u00e9e par des&hellip;\n","protected":false},"author":2,"featured_media":564476,"comment_status":"","ping_status":"","sticky":false,"template":"","format":"standard","meta":{"footnotes":""},"categories":[9587],"tags":[1111,11,1777,674,1011,27,12,5161,25,9590],"class_list":{"0":"post-564475","1":"post","2":"type-post","3":"status-publish","4":"format-standard","5":"has-post-thumbnail","7":"category-rouen","8":"tag-actu","9":"tag-actualites","10":"tag-eu","11":"tag-europe","12":"tag-fr","13":"tag-france","14":"tag-news","15":"tag-normandie","16":"tag-republique-francaise","17":"tag-rouen"},"share_on_mastodon":{"url":"https:\/\/pubeurope.com\/@fr\/115627394657866676","error":""},"_links":{"self":[{"href":"https:\/\/www.europesays.com\/fr\/wp-json\/wp\/v2\/posts\/564475","targetHints":{"allow":["GET"]}}],"collection":[{"href":"https:\/\/www.europesays.com\/fr\/wp-json\/wp\/v2\/posts"}],"about":[{"href":"https:\/\/www.europesays.com\/fr\/wp-json\/wp\/v2\/types\/post"}],"author":[{"embeddable":true,"href":"https:\/\/www.europesays.com\/fr\/wp-json\/wp\/v2\/users\/2"}],"replies":[{"embeddable":true,"href":"https:\/\/www.europesays.com\/fr\/wp-json\/wp\/v2\/comments?post=564475"}],"version-history":[{"count":0,"href":"https:\/\/www.europesays.com\/fr\/wp-json\/wp\/v2\/posts\/564475\/revisions"}],"wp:featuredmedia":[{"embeddable":true,"href":"https:\/\/www.europesays.com\/fr\/wp-json\/wp\/v2\/media\/564476"}],"wp:attachment":[{"href":"https:\/\/www.europesays.com\/fr\/wp-json\/wp\/v2\/media?parent=564475"}],"wp:term":[{"taxonomy":"category","embeddable":true,"href":"https:\/\/www.europesays.com\/fr\/wp-json\/wp\/v2\/categories?post=564475"},{"taxonomy":"post_tag","embeddable":true,"href":"https:\/\/www.europesays.com\/fr\/wp-json\/wp\/v2\/tags?post=564475"}],"curies":[{"name":"wp","href":"https:\/\/api.w.org\/{rel}","templated":true}]}}