{"id":564477,"date":"2025-11-28T12:46:11","date_gmt":"2025-11-28T12:46:11","guid":{"rendered":"https:\/\/www.europesays.com\/fr\/564477\/"},"modified":"2025-11-28T12:46:11","modified_gmt":"2025-11-28T12:46:11","slug":"pres-de-grenoble-comment-cette-commune-compte-reprendre-la-rue-aux-dealers","status":"publish","type":"post","link":"https:\/\/www.europesays.com\/fr\/564477\/","title":{"rendered":"Pr\u00e8s de Grenoble. Comment cette commune compte reprendre la rue aux dealers"},"content":{"rendered":"<p>                    Par<br \/>\n        <strong><br \/>\n            <a href=\"https:\/\/actu.fr\/auteur\/lisa-rodrigues\" title=\"Consulter tous les articles de Lisa Rodrigues\" target=\"_blank\" rel=\"noopener\">Lisa Rodrigues<\/a><br \/>\n                    <\/strong><\/p>\n<p>        Publi\u00e9 le<\/p>\n<p>            28 nov. 2025 \u00e0 11h58        <\/p>\n<p>Quand une technique fonctionne, autant la renouveler. C\u2019est la position qu\u2019ont adopt\u00e9 les \u00e9lus de <strong>Fontaine<\/strong>, pr\u00e8s de <a href=\"https:\/\/actu.fr\/auvergne-rhone-alpes\/grenoble_38185\" target=\"_blank\" rel=\"noopener\">Grenoble<\/a>. Certains quartiers de la commune sont connus pour abriter des <strong>r\u00e9seaux de trafic de stup\u00e9fiants<\/strong> qui op\u00e8rent au grand jour, ou connaissent d\u2019importantes d\u00e9gradations commises par des petits groupes.<\/p>\n<p class=\" wall-content\">Face \u00e0 des \u00ab\u00a0signaux pr\u00e9occupants\u00a0\u00bb observ\u00e9s dans un quartier, la mairie a d\u00e9cid\u00e9 de d\u00e9gainer \u00e0 nouveau son \u00ab\u00a0op\u00e9ration de s\u00e9curit\u00e9 et d\u2019occupation citoyenne\u00a0\u00bb.<\/p>\n<p>Des d\u00e9gradations en s\u00e9rie<\/p>\n<p class=\" wall-content\">Ce dispositif in\u00e9dit a d\u00e9j\u00e0 \u00e9t\u00e9 <a href=\"https:\/\/actu.fr\/auvergne-rhone-alpes\/fontaine_38169\/pres-de-grenoble-le-maire-reprend-sa-commune-aux-dealers-grace-a-une-operation-d-ampleur_62695856.html\" target=\"_blank\" rel=\"noopener\">mis en place au printemps dernier<\/a> aux Fontainades et place Maisonnat. L\u2019op\u00e9ration a permis la disparition des points de deal sur le secteur et plusieurs interpellations ont \u00e9t\u00e9 r\u00e9alis\u00e9es ces derniers mois.<\/p>\n<p class=\" wall-content\">Cette fois-ci, c\u2019est dans le <strong>quartier prioritaire Alpes Cachin-Floralies<\/strong> que se concentrent les efforts. Plusieurs incidents ont \u00e9t\u00e9 signal\u00e9s derni\u00e8rement, dont le saccage d\u2019un gymnase.\u00a0<\/p>\n<blockquote class=\"ac-article-quote wall-content\">\n<p>Cette d\u00e9cision fait suite \u00e0 la\u00a0recrudescence ces derniers jours de d\u00e9gradations sur des biens et b\u00e2timents publics, \u00e0 des regroupements anormaux de personnes d\u00e9favorablement connues de nos services et \u00e0 des suspicions de mise en place d&rsquo;un point de deal.\n<\/p>\n<p>    <strong>Ville de Fontaine<\/strong>\n            <\/p><\/blockquote>\n<p class=\" wall-content\">L\u2019op\u00e9ration doit se d\u00e9rouler autant de temps que n\u00e9cessaire, en plus d\u2019une <a href=\"https:\/\/actu.fr\/auvergne-rhone-alpes\/grenoble_38185\/grenoble-la-police-met-en-place-un-dispositif-pour-traquer-les-dealers-il-porte-deja-ses-fruits_62824917.html\" target=\"_blank\" rel=\"noopener\">surveillance renforc\u00e9e du quartier<\/a> par la police municipale et nationale \u00ab\u00a0qui ont redoubl\u00e9 de vigilance sur le secteur\u00a0\u00bb, souligne la mairie.<\/p>\n<p>Un dispositif adaptatif<\/p>\n<p class=\" wall-content\">Cette action vise donc principalement \u00e0 \u00e9viter de nouvelles d\u00e9gradations et \u00e0 <strong>\u00e9viter l\u2019implantation durable de points de deal<\/strong> dans le quartier.<\/p>\n<p>Votre r\u00e9gion, votre actu !<\/p>\n<p>Recevez chaque jour les infos qui comptent pour vous.<\/p>\n<p>\t<a href=\"https:\/\/actu.fr\/newsletter\" class=\"ac-btn ac-btn--corner ac-btn--medium ac-btn--blue800\" target=\"_blank\" rel=\"noopener\">S&rsquo;incrire<\/a><\/p>\n<p class=\" wall-content\">En pratique, les \u00e9lus et les forces de l\u2019ordre vont \u00e0 la rencontre des habitants pour \u00e9changer sur leurs probl\u00e9matiques et montrer \u00ab\u00a0une pr\u00e9sence ferme\u00a0\u00bb sur le terrain de la Ville de <a href=\"https:\/\/actu.fr\/auvergne-rhone-alpes\/fontaine_38169\" target=\"_blank\" rel=\"noopener\">Fontaine<\/a>, pr\u00e9cisent les services de la mairie \u00e0 actu Grenoble. \u00ab\u00a0On part de ce qu\u2019on a fait au printemps et on l\u2019adapte.\u00a0\u00bb<\/p>\n<p class=\" wall-content\">Il n\u2019est donc pas exclu qu\u2019\u00e0 l\u2019avenir, cette op\u00e9ration soit dupliqu\u00e9e dans d\u2019autres quartiers si le besoin s\u2019en fait sentir.\u00a0<\/p>\n<p class=\" wall-content\">Personnalisez votre actualit\u00e9 en ajoutant vos villes et m\u00e9dias en favori avec <a href=\"https:\/\/moncompte.actu.fr\" title=\"D\u00e9couvez Mon Actu\" rel=\"nofollow noopener\" data-trk=\"{&quot;cta&quot;:{&quot;action&quot;:&quot;https:\\\/\\\/moncompte.actu.fr&quot;,&quot;category&quot;:&quot;mon compte&quot;,&quot;from&quot;:&quot;article footer&quot;,&quot;name&quot;:&quot;Mon actu&quot;,&quot;type&quot;:&quot;cta&quot;}}\" target=\"_blank\">Mon Actu<\/a>.<\/p>\n","protected":false},"excerpt":{"rendered":"Par Lisa Rodrigues Publi\u00e9 le 28 nov. 2025 \u00e0 11h58 Quand une technique fonctionne, autant la renouveler. C\u2019est&hellip;\n","protected":false},"author":2,"featured_media":564478,"comment_status":"","ping_status":"","sticky":false,"template":"","format":"standard","meta":{"footnotes":""},"categories":[9566],"tags":[1111,11,2430,1052,1777,674,1011,27,2731,2825,12,1072,25,104],"class_list":{"0":"post-564477","1":"post","2":"type-post","3":"status-publish","4":"format-standard","5":"has-post-thumbnail","7":"category-grenoble","8":"tag-actu","9":"tag-actualites","10":"tag-auvergne-rhone-alpes","11":"tag-drogue","12":"tag-eu","13":"tag-europe","14":"tag-fr","15":"tag-france","16":"tag-grenoble","17":"tag-insecurite","18":"tag-news","19":"tag-police","20":"tag-republique-francaise","21":"tag-societe"},"share_on_mastodon":{"url":"https:\/\/pubeurope.com\/@fr\/115627398604111298","error":""},"_links":{"self":[{"href":"https:\/\/www.europesays.com\/fr\/wp-json\/wp\/v2\/posts\/564477","targetHints":{"allow":["GET"]}}],"collection":[{"href":"https:\/\/www.europesays.com\/fr\/wp-json\/wp\/v2\/posts"}],"about":[{"href":"https:\/\/www.europesays.com\/fr\/wp-json\/wp\/v2\/types\/post"}],"author":[{"embeddable":true,"href":"https:\/\/www.europesays.com\/fr\/wp-json\/wp\/v2\/users\/2"}],"replies":[{"embeddable":true,"href":"https:\/\/www.europesays.com\/fr\/wp-json\/wp\/v2\/comments?post=564477"}],"version-history":[{"count":0,"href":"https:\/\/www.europesays.com\/fr\/wp-json\/wp\/v2\/posts\/564477\/revisions"}],"wp:featuredmedia":[{"embeddable":true,"href":"https:\/\/www.europesays.com\/fr\/wp-json\/wp\/v2\/media\/564478"}],"wp:attachment":[{"href":"https:\/\/www.europesays.com\/fr\/wp-json\/wp\/v2\/media?parent=564477"}],"wp:term":[{"taxonomy":"category","embeddable":true,"href":"https:\/\/www.europesays.com\/fr\/wp-json\/wp\/v2\/categories?post=564477"},{"taxonomy":"post_tag","embeddable":true,"href":"https:\/\/www.europesays.com\/fr\/wp-json\/wp\/v2\/tags?post=564477"}],"curies":[{"name":"wp","href":"https:\/\/api.w.org\/{rel}","templated":true}]}}