{"id":564479,"date":"2025-11-28T12:47:20","date_gmt":"2025-11-28T12:47:20","guid":{"rendered":"https:\/\/www.europesays.com\/fr\/564479\/"},"modified":"2025-11-28T12:47:20","modified_gmt":"2025-11-28T12:47:20","slug":"14-kg-de-stupefiants-3200-euros-saisis-et-12-personnes-interpellees-vaste-coup-de-filet-anti-drogue-pres-de-grenoble","status":"publish","type":"post","link":"https:\/\/www.europesays.com\/fr\/564479\/","title":{"rendered":"14 kg de stup\u00e9fiants, 3200 euros saisis et 12 personnes interpell\u00e9es&#8230; Vaste coup de filet anti-drogue pr\u00e8s de Grenoble"},"content":{"rendered":"<p class=\"article__intro\">12 personnes ont \u00e9t\u00e9 interpell\u00e9es \u00e0 la suite d&rsquo;une op\u00e9ration d\u2019ampleur de lutte contre le trafic de stup\u00e9fiants pr\u00e8s de Grenoble (Is\u00e8re), a inform\u00e9 le procureur de la R\u00e9publique ce vendredi 28 novembre lors d\u2019une conf\u00e9rence de presse.<\/p>\n<p>\n      La Quotidienne Soci\u00e9t\u00e9\n    <\/p>\n<p>\n      De la vie quotidienne aux grands enjeux, recevez tous les jours les sujets qui font la soci\u00e9t\u00e9 locale, comme la justice, l\u2019\u00e9ducation, la sant\u00e9 et la famille.\n    <\/p>\n<p>    France T\u00e9l\u00e9visions utilise votre adresse e-mail afin de vous envoyer la newsletter \u00ab\u00a0La Quotidienne Soci\u00e9t\u00e9\u00a0\u00bb. Vous pouvez vous d\u00e9sinscrire \u00e0 tout moment via le lien en bas de cette newsletter. <a target=\"_blank\" href=\"https:\/\/www.francetelevisions.fr\/groupe\/confidentialite\/politique-de-confidentialite\/politique-de-confidentialite-de-france-televisions-6503\" rel=\"noopener\">Notre politique de confidentialit\u00e9<\/a><\/p>\n<p>Lors d\u2019une conf\u00e9rence de presse ce vendredi 28 novembre, le procureur de la R\u00e9publique de Grenoble Etienne Manteaux a annonc\u00e9 le placement en garde \u00e0 vue de 12 personnes, dans le cadre d\u2019une enqu\u00eate visant \u00e0 d\u00e9manteler un r\u00e9seau de trafic de stup\u00e9fiants alimentant le quartier des Terrasses Renaudie \u00e0 Saint-Martin-d-H\u00e8res, \u00ab\u00a0une place de deal embl\u00e9matique de l\u2019agglom\u00e9ration grenobloise\u00a0\u00bb.<\/p>\n<\/p>\n<p>L\u2019enqu\u00eate qui a d\u00e9but\u00e9 en juin 2025 a men\u00e9 ce lundi 24 novembre aux interpellations de ces individus \u00e2g\u00e9s entre 22 et 40 ans et \u00e0 la saisie de 6,2 kg de coca\u00efne, 7 kg de r\u00e9sine de cannabis, 1 kg d\u2019herbes de cannabis, 2 300 paquets de cigarette mais \u00e9galement de cinq armes de poing, d\u2019un gilet par balle et de 32 000 euros en num\u00e9raire.<\/p>\n<p>Selon le procureur, sept hommes ont \u00e9t\u00e9 d\u00e9f\u00e9r\u00e9s et seront prochainement mis en examen. Le parquet a requis le placement en d\u00e9tention provisoire de six d\u2019entre eux. Quatre sont en r\u00e9cidive l\u00e9gale, d\u00e9j\u00e0 condamn\u00e9s pour trafic de stup\u00e9fiants. \u00ab\u00a0Les qualifications vis\u00e9es sont &lsquo;trafic de stup\u00e9fiants&rsquo;,\u00a0&lsquo;association de malfaiteurs&rsquo; et &lsquo;d\u00e9tention d\u2019armes de cat\u00e9gorie B'\u00a0\u00bb, indique Etienne Manteaux.<\/p>\n<p>Cinq suspects ont \u00e9t\u00e9 laiss\u00e9s libres, leurs r\u00f4les apparaissant \u00ab\u00a0plus secondaires\u00a0\u00bb\u00a0: \u00ab\u00a0Le juge d\u2019instruction appr\u00e9ciera ult\u00e9rieurement s\u2019il y a mati\u00e8re \u00e0 les mettre en examen\u00a0\u00bb.<\/p>\n<p>Cette op\u00e9ration d\u2019ampleur a mobilis\u00e9 150 effectifs de police, trois colonnes du Raid, ainsi que l\u2019unit\u00e9 sp\u00e9cialis\u00e9e CRS 83, huit chiens de recherche et une cinquantaine d\u2019enqu\u00eateurs. \u00ab\u00a0Des op\u00e9rations d\u2019envergure continueront \u00e0 pilonner les trafiquants quartier par quartier. Aucun quartier ne sera \u00e9pargn\u00e9\u00a0\u00bb, a assur\u00e9 J\u00e9r\u00f4me Chappa, directeur directeur interd\u00e9partemental de la police nationale de l&rsquo;Is\u00e8re.\u00a0<\/p>\n<p>\u00ab\u00a0On a une mont\u00e9e en puissance de la violence. [\u2026] Le risque c\u2019est la bascule vers une d\u00e9rive mafieuse\u00a0\u00bb, a alert\u00e9 le procureur de la R\u00e9publique de Grenoble, \u00ab\u00a0se gardant de dire que le trafic a \u00e9t\u00e9 ass\u00e9ch\u00e9\u00a0\u00bb  : \u00ab\u00a0Je suis lucide, mais ces op\u00e9rations enl\u00e8vent du pouvoir aux trafiquants, ce sont des coups majeurs\u00a0\u00bb.<\/p>\n<p>Entre <a href=\"https:\/\/france3-regions.franceinfo.fr\/auvergne-rhone-alpes\/isere\/grenoble\/une-balle-traverse-le-mur-d-un-appartement-airbnb-le-voisin-interpelle-un-fusil-mitrailleur-et-80000-euros-de-drogues-decouverts-3218816.html\" target=\"_blank\" rel=\"noopener noreferrer nofollow\" data-tooltip-url=\"https:\/\/france3-regions.franceinfo.fr\/auvergne-rhone-alpes\/isere\/grenoble\/une-balle-traverse-le-mur-d-un-appartement-airbnb-le-voisin-interpelle-un-fusil-mitrailleur-et-80000-euros-de-drogues-decouverts-3218816.html\">l\u2019op\u00e9ration du 15 septembre rue du Taillefer<\/a> et celle de ce lundi, \u00ab\u00a0ce sont 13,8 kilos de coca\u00efne, 16,5 kilos de r\u00e9sine de cannabis et trois kilos d\u2019herbes qui ont \u00e9t\u00e9 saisis. Soit une valeur totale de 858\u00a0000\u20ac de produits stup\u00e9fiants sur ces deux op\u00e9rations\u00a0\u00bb, a pr\u00e9cis\u00e9 le procureur.<\/p>\n","protected":false},"excerpt":{"rendered":"12 personnes ont \u00e9t\u00e9 interpell\u00e9es \u00e0 la suite d&rsquo;une op\u00e9ration d\u2019ampleur de lutte contre le trafic de stup\u00e9fiants&hellip;\n","protected":false},"author":2,"featured_media":564480,"comment_status":"","ping_status":"","sticky":false,"template":"","format":"standard","meta":{"footnotes":""},"categories":[9566],"tags":[1111,11,2430,1777,674,1011,27,2731,12,25],"class_list":{"0":"post-564479","1":"post","2":"type-post","3":"status-publish","4":"format-standard","5":"has-post-thumbnail","7":"category-grenoble","8":"tag-actu","9":"tag-actualites","10":"tag-auvergne-rhone-alpes","11":"tag-eu","12":"tag-europe","13":"tag-fr","14":"tag-france","15":"tag-grenoble","16":"tag-news","17":"tag-republique-francaise"},"share_on_mastodon":{"url":"https:\/\/pubeurope.com\/@fr\/115627402639906794","error":""},"_links":{"self":[{"href":"https:\/\/www.europesays.com\/fr\/wp-json\/wp\/v2\/posts\/564479","targetHints":{"allow":["GET"]}}],"collection":[{"href":"https:\/\/www.europesays.com\/fr\/wp-json\/wp\/v2\/posts"}],"about":[{"href":"https:\/\/www.europesays.com\/fr\/wp-json\/wp\/v2\/types\/post"}],"author":[{"embeddable":true,"href":"https:\/\/www.europesays.com\/fr\/wp-json\/wp\/v2\/users\/2"}],"replies":[{"embeddable":true,"href":"https:\/\/www.europesays.com\/fr\/wp-json\/wp\/v2\/comments?post=564479"}],"version-history":[{"count":0,"href":"https:\/\/www.europesays.com\/fr\/wp-json\/wp\/v2\/posts\/564479\/revisions"}],"wp:featuredmedia":[{"embeddable":true,"href":"https:\/\/www.europesays.com\/fr\/wp-json\/wp\/v2\/media\/564480"}],"wp:attachment":[{"href":"https:\/\/www.europesays.com\/fr\/wp-json\/wp\/v2\/media?parent=564479"}],"wp:term":[{"taxonomy":"category","embeddable":true,"href":"https:\/\/www.europesays.com\/fr\/wp-json\/wp\/v2\/categories?post=564479"},{"taxonomy":"post_tag","embeddable":true,"href":"https:\/\/www.europesays.com\/fr\/wp-json\/wp\/v2\/tags?post=564479"}],"curies":[{"name":"wp","href":"https:\/\/api.w.org\/{rel}","templated":true}]}}