{"id":564485,"date":"2025-11-28T12:51:27","date_gmt":"2025-11-28T12:51:27","guid":{"rendered":"https:\/\/www.europesays.com\/fr\/564485\/"},"modified":"2025-11-28T12:51:27","modified_gmt":"2025-11-28T12:51:27","slug":"un-chien-sauve-par-les-pompiers-des-voisins-denoncent-ses-conditions-de-vie","status":"publish","type":"post","link":"https:\/\/www.europesays.com\/fr\/564485\/","title":{"rendered":"un chien sauv\u00e9 par les pompiers, des voisins d\u00e9noncent ses conditions de vie"},"content":{"rendered":"<p>Alors que les flammes se rapprochent de lui, un chien, de type berger allemand, laiss\u00e9 sur le balcon par ses propri\u00e9taires, aboie sans cesse. Mercredi\u00a026 novembres, vers 18\u00a0h, les pompiers ont \u00e9t\u00e9 alert\u00e9s pour un d\u00e9part de feu dans un appartement au 4 rue d\u2019Annecy \u00e0 Strasbourg. L\u2019incendie, qui serait parti du balcon, ne s\u2019est pas propag\u00e9 au reste du logement. Le chien, pris en \u00e9tau par le feu, a rapidement \u00e9t\u00e9 mis en s\u00e9curit\u00e9 dans l\u2019appartement par les pompiers. \u00ab\u00a0\u00c7a s\u2019est jou\u00e9 \u00e0 cinq minutes pr\u00e8s. Il a presque saut\u00e9 dans les bras des pompiers tellement il a eu peur\u00a0\u00bb, assure un t\u00e9moin.<\/p>\n<p>  \u00ab\u00a0Ce balcon, c\u2019est la niche de ce pauvre chien\u00a0\u00bb<\/p>\n<p>Dans cet appartement vit un couple avec leurs quatre enfants. Personne n\u2019\u00e9tait pr\u00e9sent au moment de l\u2019incendie. \u00ab\u00a0On est pass\u00e9 \u00e0 c\u00f4t\u00e9 d\u2019un malheur\u2026 Ce balcon, c\u2019est la niche de ce pauvre chien. Il vit dehors. Il pleure et aboie tout le temps. \u00c7a nous fait de la peine, on a cru qu\u2019il allait y rester\u00a0\u00bb, t\u00e9moigne encore ce voisin.<\/p>\n<p>D\u2019autres personnes d\u00e9noncent les conditions de vie du molosse\u00a0: \u00ab\u00a0Ils ont eu la fameuse id\u00e9e de mettre cet animal sur le balcon durant tout l\u2019\u00e9t\u00e9 jusqu\u2019\u00e0 aujourd\u2019hui. Pour un berger allemand, un balcon n\u2019est pas suffisant. J\u2019ai fait plusieurs signalements\u00a0\u00bb, confie une voisine. La SPA a \u00e9t\u00e9 pr\u00e9venue, tout comme la police municipale.<\/p>\n<p>Depuis le sinistre, l\u2019animal vivrait toujours dehors. \u00ab\u00a0Il est sur le deuxi\u00e8me balcon. Je ne pensais pas que la famille allait le r\u00e9cup\u00e9rer apr\u00e8s \u00e7a\u2026\u00a0\u00bb<\/p>\n","protected":false},"excerpt":{"rendered":"Alors que les flammes se rapprochent de lui, un chien, de type berger allemand, laiss\u00e9 sur le balcon&hellip;\n","protected":false},"author":2,"featured_media":564486,"comment_status":"","ping_status":"","sticky":false,"template":"","format":"standard","meta":{"footnotes":""},"categories":[2820],"tags":[119,1111,11,2880,1777,674,274,107,1011,27,775,12,25,640,2879],"class_list":{"0":"post-564485","1":"post","2":"type-post","3":"status-publish","4":"format-standard","5":"has-post-thumbnail","7":"category-strasbourg","8":"tag-accident","9":"tag-actu","10":"tag-actualites","11":"tag-edition-strasbourg","12":"tag-eu","13":"tag-europe","14":"tag-faits-divers-justice","15":"tag-fil-info","16":"tag-fr","17":"tag-france","18":"tag-grand-est","19":"tag-news","20":"tag-republique-francaise","21":"tag-strasbourg","22":"tag-strasbourg-ville"},"share_on_mastodon":{"url":"https:\/\/pubeurope.com\/@fr\/115627418164182088","error":""},"_links":{"self":[{"href":"https:\/\/www.europesays.com\/fr\/wp-json\/wp\/v2\/posts\/564485","targetHints":{"allow":["GET"]}}],"collection":[{"href":"https:\/\/www.europesays.com\/fr\/wp-json\/wp\/v2\/posts"}],"about":[{"href":"https:\/\/www.europesays.com\/fr\/wp-json\/wp\/v2\/types\/post"}],"author":[{"embeddable":true,"href":"https:\/\/www.europesays.com\/fr\/wp-json\/wp\/v2\/users\/2"}],"replies":[{"embeddable":true,"href":"https:\/\/www.europesays.com\/fr\/wp-json\/wp\/v2\/comments?post=564485"}],"version-history":[{"count":0,"href":"https:\/\/www.europesays.com\/fr\/wp-json\/wp\/v2\/posts\/564485\/revisions"}],"wp:featuredmedia":[{"embeddable":true,"href":"https:\/\/www.europesays.com\/fr\/wp-json\/wp\/v2\/media\/564486"}],"wp:attachment":[{"href":"https:\/\/www.europesays.com\/fr\/wp-json\/wp\/v2\/media?parent=564485"}],"wp:term":[{"taxonomy":"category","embeddable":true,"href":"https:\/\/www.europesays.com\/fr\/wp-json\/wp\/v2\/categories?post=564485"},{"taxonomy":"post_tag","embeddable":true,"href":"https:\/\/www.europesays.com\/fr\/wp-json\/wp\/v2\/tags?post=564485"}],"curies":[{"name":"wp","href":"https:\/\/api.w.org\/{rel}","templated":true}]}}