{"id":564487,"date":"2025-11-28T12:54:25","date_gmt":"2025-11-28T12:54:25","guid":{"rendered":"https:\/\/www.europesays.com\/fr\/564487\/"},"modified":"2025-11-28T12:54:25","modified_gmt":"2025-11-28T12:54:25","slug":"strasbourg-brest-locko-et-majecki-toujours-absents-magnetti-de-retour-a-lentrainement","status":"publish","type":"post","link":"https:\/\/www.europesays.com\/fr\/564487\/","title":{"rendered":"Strasbourg &#8211; Brest\u00a0: Locko et\u00a0Majecki toujours absents, Magnetti de retour \u00e0 l\u2019entra\u00eenement"},"content":{"rendered":"<p>Ligue 1 (14e journ\u00e9e). RC Strasbourg &#8211; Stade Brestois, ce dimanche (15 h)<\/p>\n<p>Depuis quelques semaines, les habituels points infirmerie prennent moins de temps \u00e0 la conf\u00e9rence de presse d\u2019avant-match du Stade Brestois. L\u2019entra\u00eeneur \u00c9ric Roy, qui regrettait manquer de solutions depuis le d\u00e9but de la saison, a retrouv\u00e9 un groupe presque au complet. Si le gardien Radoslaw Majecki, apr\u00e8s avoir repris la course, a pu effectuer un entra\u00eenement sp\u00e9cifique, <a href=\"https:\/\/www.letelegramme.fr\/sports\/football\/stade-brestois\/le-stade-brestois-sans-locko-ni-majecki-pour-la-reception-de-metz-en-ligue-1-6932896.php\" target=\"_blank\" rel=\"noopener\">il sera toujours absent en Alsace<\/a>.<\/p>\n<p>M\u00eame son de cloche pour\ufeff Bradley Locko, encore diminu\u00e9 par une blessure \u00e0 la cuisse. \u00ab Ils sont en phase de r\u00e9athl\u00e9tisation \u00bb, a pr\u00e9cis\u00e9 Roy. Sinon, Hugo Magnetti, qui a eu une petite alerte \u00e0 l\u2019adducteur, \u00e9tait de retour \u00e0 l\u2019entra\u00eenement collectif, ce vendredi. Enfin, Souma\u00efla Coulibaly, qui s\u2019est entra\u00een\u00e9 normalement, <a href=\"https:\/\/www.letelegramme.fr\/sports\/football\/stade-brestois\/prete-par-strasbourg-soumaila-coulibaly-ne-pourra-pas-jouer-avec-le-stade-brestois-en-alsace-6935019.php\" target=\"_blank\" rel=\"noopener\">ne pourra pas \u00eatre convoqu\u00e9<\/a> par le coach brestois. Un accord a \u00e9t\u00e9 conclu entre les deux clubs pour que le d\u00e9fenseur central, pr\u00eat\u00e9 par Strasbourg, ne joue pas.<\/p>\n","protected":false},"excerpt":{"rendered":"Ligue 1 (14e journ\u00e9e). RC Strasbourg &#8211; Stade Brestois, ce dimanche (15 h) Depuis quelques semaines, les habituels&hellip;\n","protected":false},"author":2,"featured_media":564488,"comment_status":"","ping_status":"","sticky":false,"template":"","format":"standard","meta":{"footnotes":""},"categories":[2820],"tags":[1111,11,3450,3166,1777,674,63,1011,27,775,66,12,25,60,4449,640],"class_list":{"0":"post-564487","1":"post","2":"type-post","3":"status-publish","4":"format-standard","5":"has-post-thumbnail","7":"category-strasbourg","8":"tag-actu","9":"tag-actualites","10":"tag-brest","11":"tag-en-continu-sports","12":"tag-eu","13":"tag-europe","14":"tag-football","15":"tag-fr","16":"tag-france","17":"tag-grand-est","18":"tag-ligue-1","19":"tag-news","20":"tag-republique-francaise","21":"tag-sports","22":"tag-stade-brestois","23":"tag-strasbourg"},"share_on_mastodon":{"url":"https:\/\/pubeurope.com\/@fr\/115627430169775560","error":""},"_links":{"self":[{"href":"https:\/\/www.europesays.com\/fr\/wp-json\/wp\/v2\/posts\/564487","targetHints":{"allow":["GET"]}}],"collection":[{"href":"https:\/\/www.europesays.com\/fr\/wp-json\/wp\/v2\/posts"}],"about":[{"href":"https:\/\/www.europesays.com\/fr\/wp-json\/wp\/v2\/types\/post"}],"author":[{"embeddable":true,"href":"https:\/\/www.europesays.com\/fr\/wp-json\/wp\/v2\/users\/2"}],"replies":[{"embeddable":true,"href":"https:\/\/www.europesays.com\/fr\/wp-json\/wp\/v2\/comments?post=564487"}],"version-history":[{"count":0,"href":"https:\/\/www.europesays.com\/fr\/wp-json\/wp\/v2\/posts\/564487\/revisions"}],"wp:featuredmedia":[{"embeddable":true,"href":"https:\/\/www.europesays.com\/fr\/wp-json\/wp\/v2\/media\/564488"}],"wp:attachment":[{"href":"https:\/\/www.europesays.com\/fr\/wp-json\/wp\/v2\/media?parent=564487"}],"wp:term":[{"taxonomy":"category","embeddable":true,"href":"https:\/\/www.europesays.com\/fr\/wp-json\/wp\/v2\/categories?post=564487"},{"taxonomy":"post_tag","embeddable":true,"href":"https:\/\/www.europesays.com\/fr\/wp-json\/wp\/v2\/tags?post=564487"}],"curies":[{"name":"wp","href":"https:\/\/api.w.org\/{rel}","templated":true}]}}