{"id":564491,"date":"2025-11-28T13:00:27","date_gmt":"2025-11-28T13:00:27","guid":{"rendered":"https:\/\/www.europesays.com\/fr\/564491\/"},"modified":"2025-11-28T13:00:27","modified_gmt":"2025-11-28T13:00:27","slug":"narcotrafic-a-nice-delaisse-christian-estrosi-annonce-une-nouvelle-brigade-ce-que-lon-sait","status":"publish","type":"post","link":"https:\/\/www.europesays.com\/fr\/564491\/","title":{"rendered":"Narcotrafic \u00e0 Nice. \u00ab\u00a0D\u00e9laiss\u00e9\u00a0\u00bb, Christian Estrosi annonce une nouvelle brigade : ce\u00a0que\u00a0l&rsquo;on\u00a0sait"},"content":{"rendered":"<p>                    Par<br \/>\n        <strong><br \/>\n            <a href=\"https:\/\/actu.fr\/auteur\/arthur-frand\" title=\"Consulter tous les articles de Arthur Frand\" target=\"_blank\" rel=\"noopener\">Arthur Frand<\/a><br \/>\n                    <\/strong><\/p>\n<p>        Publi\u00e9 le<\/p>\n<p>            28 nov. 2025 \u00e0 13h16        <\/p>\n<p>\u00ab\u2009C\u2019est une col\u00e8re sourde\u2009\u00bb. Ce jeudi 27\u00a0novembre, Christian Estrosi a annonc\u00e9 <strong>la cr\u00e9ation d\u2019une nouvelle brigade anti-stups<\/strong> pour lutter contre le narcotrafic \u00e0 <a href=\"https:\/\/actu.fr\/nice\/\" target=\"_blank\" rel=\"noopener\">Nice<\/a> dans les <a href=\"https:\/\/actu.fr\/provence-alpes-cote-d-azur\/alpes-maritimes_06\" target=\"_blank\" rel=\"noopener\">Alpes-Maritimes<\/a>. Et faire face \u00e0 \u00ab\u2009l\u2019inaction de l\u2019\u00c9tat\u2009\u00bb, a-t-il rappel\u00e9, une fois de plus, dans le quartier du Fenoglio, \u00e0 Nice-Est, o\u00f9 une op\u00e9ration de s\u00e9curisation a \u00e9t\u00e9 men\u00e9e par la police municipale, avec \u00ab\u2009Gaida\u2009\u00bb, groupement de s\u00e9curit\u00e9 priv\u00e9e. Voici ce que l\u2019on sait sur cette nouvelle brigade.<\/p>\n<p>    <a href=\"https:\/\/www.google.com\/maps\/embed?pb=!1m18!1m12!1m3!1d11533.410603610024!2d7.26805343360463!3d43.72400045248453!2m3!1f0!2f0!3f0!3m2!1i1024!2i768!4f13.1!3m3!1m2!1s0x12cdc53ce8e90377%3A0xb7e0c54a43206d2a!2sRoquebilli%C3%A8re%2C%20Nice!5e0!3m2!1sfr!2sfr!4v1764328062854!5m2!1sfr!2sfr\" title=\"Ouvrie le lien\" target=\"_blank\" rel=\"noopener\">Cliquez ici pour visualiser le contenu<\/a><\/p>\n<p class=\" wall-content\">Cette annonce intervient dans un contexte bien particulier. La fusillade sanglante <a href=\"https:\/\/actu.fr\/provence-alpes-cote-d-azur\/nice_06088\/fusillade-aux-moulins-a-nice-c-etait-notre-bebe-les-proches-des-deux-victimes-entre-emotion-et-dignite_63271277.html\" target=\"_blank\" rel=\"noopener\">survenue aux Moulins en octobre<\/a> a rappel\u00e9 l\u2019urgence de la situation \u00e0 Nice. Mais les <strong>moyens manquent<\/strong> cruellement.<\/p>\n<p>\u00ab\u2009Nous sommes seuls\u2009\u00bb<\/p>\n<p class=\" wall-content\">Alors qu\u2019il vient d\u2019officialiser sa candidature aux municipales 2026, Christian Estrosi a voulu <strong>marquer le coup<\/strong> ce jeudi, au pied des r\u00e9sidences HLM de Roquebilli\u00e8re, dans le quartier de Fenoglio, identifi\u00e9 comme l\u2019une des plaques tournantes du trafic. La police municipale, en lien avec \u00ab\u2009Gaida\u2009\u00bb, a proc\u00e9d\u00e9 \u00e0 des dizaines de contr\u00f4les avec l\u2019effet de surprise. Plusieurs consommateurs ont \u00e9t\u00e9 interpell\u00e9s sur place.<\/p>\n<p>    <img   decoding=\"async\" loading=\"lazy\" src=\"https:\/\/www.europesays.com\/fr\/wp-content\/uploads\/2025\/11\/whatsapp-image-2025-11-27-at-181913-960x640.jpeg\" alt=\"Intervention\" width=\"960\" height=\"640\"\/><br \/>\n    La police municipale de Nice a men\u00e9 une op\u00e9ration de s\u00e9curisation et de contr\u00f4le dans le quartier de Fenoglio \u00e0 Nice ce jeudi 27 novembre. (\u00a9Arthur Frand \/ actu Nice)<\/p>\n<p class=\" wall-content\">Le maire de Nice a annonc\u00e9 qu\u2019une nouvelle brigade anti-stup allait voir le jour au sein de la police municipale. Une fa\u00e7on de montrer que ses services tentent de rester fermes et mobilis\u00e9s. Mais restent<strong> d\u00e9munis face \u00e0 ce fl\u00e9au<\/strong>. Sur place, Christian Estrosi a une fois de plus regrett\u00e9 l\u2019absence de soutien de l\u2019\u00c9tat et donc de la police nationale.<\/p>\n<blockquote class=\"ac-article-quote wall-content\">\n<p>Avez-vous vu un seul policier national venir prot\u00e9ger notre brigade Gaida ou nos policiers municipaux\u2009? Nous sommes seuls. Nous faisons cette op\u00e9ration sans en avertir le procureur de la R\u00e9publique ou le pr\u00e9fet des Alpes-Maritimes. C\u2019est une comp\u00e9tence r\u00e9galienne qui ne rel\u00e8ve que de l\u2019\u00e9tat. Il doit prendre la mesure de ce qu\u2019il se passe. L\u2019\u00e9tat n\u2019assume pas sa mission pour ramener la paix civile sur certains territoires.\u2009\u00bb<\/p>\n<p>    <strong>Christian Estrosi<\/strong><br \/>\n        Maire de Nice    <\/p><\/blockquote>\n<p>Votre r\u00e9gion, votre actu !<\/p>\n<p>Recevez chaque jour les infos qui comptent pour vous.<\/p>\n<p>\t<a href=\"https:\/\/actu.fr\/newsletter\" class=\"ac-btn ac-btn--corner ac-btn--medium ac-btn--blue800\" target=\"_blank\" rel=\"noopener\">S&rsquo;incrire<\/a><br \/>\nDes policiers municipaux sp\u00e9cifiquement form\u00e9s<\/p>\n<p class=\" wall-content\">Concernant cette nouvelle brigade anti-stups, le maire de Nice doit rencontrer le procureur de la R\u00e9publique, Damien Martinelli et le pr\u00e9fet des Alpes-Maritimes, Laurent Hottiaux, le 9\u00a0d\u00e9cembre prochain. \u00ab\u2009Cette brigade<strong> sera sous leur contr\u00f4le<\/strong>. Le pr\u00e9fet et le procureur pourront l\u2019utiliser autant que de besoin. Cela doit justement permettre \u00e0 l\u2019\u00c9tat de s\u2019impliquer un peu plus. C\u2019est absolument n\u00e9cessaire\u2009\u00bb, expose Anthony Borr\u00e9, premier adjoint au maire.<\/p>\n<p class=\" wall-content\">Mais il n\u2019y aura pas de moyens humains suppl\u00e9mentaires. \u00ab\u2009Ce sont des membres de la police municipale vont <strong>\u00eatre form\u00e9s sur ces pratiques de lutte<\/strong> contre le trafic de stup\u00e9fiants. Nous souhaitons le renfort d\u2019un chien d\u00e9di\u00e9 de la brigade cynophile \u2013 que nous n\u2019avons pas actuellement \u2013 et qui pourra apporter un vrai plus, avec des techniques d\u2019intervention nouvelles\u2009\u00bb, compl\u00e8te Anthony Borr\u00e9.<\/p>\n<p>    <img   decoding=\"async\" loading=\"lazy\" src=\"https:\/\/www.europesays.com\/fr\/wp-content\/uploads\/2025\/11\/whatsapp-image-2025-11-28-at-091115-960x640.jpeg\" alt=\"Estrosi\" width=\"960\" height=\"640\"\/><br \/>\n    Eric Zuber, directeur de \u00ab\u00a0Gaida\u00a0\u00bb, Anthony Borr\u00e9, premier adjoint au maire et Christian Estrosi, maire de Nice ce jeudi 27 novembre. (\u00a9Arthur Frand \/ actu Nice)Objectif\u2009: une meilleure efficacit\u00e9<\/p>\n<p class=\" wall-content\">Cette nouvelle brigade, cens\u00e9e \u00eatre mieux pr\u00e9par\u00e9e, doit permettre une <strong>meilleure efficacit\u00e9<\/strong> dans les territoires sensibles de la ville, face \u00e0 des r\u00e9seaux toujours mieux organis\u00e9s. Elle pourra op\u00e9rer en lien avec \u00ab\u2009Gaida\u2009\u00bb. Ce groupement interbailleurs (Ville de Nice, M\u00e9tropole Nice C\u00f4te d\u2019Azur, C\u00f4te d\u2019Azur Habitat et Erilia) a \u00e9t\u00e9 cr\u00e9\u00e9 en 2024. Il est compos\u00e9 de 22 agents et d\u00e9ploie des forces aux Moulins. Il intervient \u00e9galement, depuis mars 2025, dans le quartier de Roquebilli\u00e8re.<\/p>\n<p class=\" wall-content\">En un peu plus d\u2019un an, ce groupement a saisi plus de 16kg de stup\u00e9fiants, 14\u00a0kg de r\u00e9sine de cannabis et 2\u00a0kg de coca\u00efne. Des armes \u00e0 feu et armes blanches ont \u00e9galement \u00e9t\u00e9 saisies.<\/p>\n<p class=\" wall-content\">\u00ab\u2009Gaida\u2009\u00bb a vocation \u00e0 <strong>rassurer la population des quartiers<\/strong> sensibles (Moulins, Bon Voyage, L\u2019Ariane\u2026) et g\u00eaner les trafiquants de drogues, quotidiennement, sur des cr\u00e9neaux diff\u00e9rents. Mais sans pr\u00e9sence permanente, ces derniers, tr\u00e8s mobiles et pr\u00e9sents sur les r\u00e9seaux, reprennent aussit\u00f4t leurs positions, quelques heures plus tard.<\/p>\n<p class=\" wall-content\">\u00ab\u2009Je ne veux pas que certains territoires soient perdus de la R\u00e9publique. Il faut tenir, tenir, tenir, dans un domaine qui n\u2019est pas dans notre r\u00f4le\u2009\u00bb, affirme le maire de Nice.<\/p>\n<p class=\" wall-content\">Personnalisez votre actualit\u00e9 en ajoutant vos villes et m\u00e9dias en favori avec <a href=\"https:\/\/moncompte.actu.fr\" title=\"D\u00e9couvez Mon Actu\" rel=\"nofollow noopener\" data-trk=\"{&quot;cta&quot;:{&quot;action&quot;:&quot;https:\\\/\\\/moncompte.actu.fr&quot;,&quot;category&quot;:&quot;mon compte&quot;,&quot;from&quot;:&quot;article footer&quot;,&quot;name&quot;:&quot;Mon actu&quot;,&quot;type&quot;:&quot;cta&quot;}}\" target=\"_blank\">Mon Actu<\/a>.<\/p>\n","protected":false},"excerpt":{"rendered":"Par Arthur Frand Publi\u00e9 le 28 nov. 2025 \u00e0 13h16 \u00ab\u2009C\u2019est une col\u00e8re sourde\u2009\u00bb. Ce jeudi 27\u00a0novembre, Christian&hellip;\n","protected":false},"author":2,"featured_media":564492,"comment_status":"","ping_status":"","sticky":false,"template":"","format":"standard","meta":{"footnotes":""},"categories":[2819],"tags":[1111,11,1052,1777,674,1011,27,813,12,2401,1072,882,25,104],"class_list":{"0":"post-564491","1":"post","2":"type-post","3":"status-publish","4":"format-standard","5":"has-post-thumbnail","7":"category-nice","8":"tag-actu","9":"tag-actualites","10":"tag-drogue","11":"tag-eu","12":"tag-europe","13":"tag-fr","14":"tag-france","15":"tag-narcotrafiquants","16":"tag-news","17":"tag-nice","18":"tag-police","19":"tag-provence-alpes-cote-dazur","20":"tag-republique-francaise","21":"tag-societe"},"share_on_mastodon":{"url":"https:\/\/pubeurope.com\/@fr\/115627454252969520","error":""},"_links":{"self":[{"href":"https:\/\/www.europesays.com\/fr\/wp-json\/wp\/v2\/posts\/564491","targetHints":{"allow":["GET"]}}],"collection":[{"href":"https:\/\/www.europesays.com\/fr\/wp-json\/wp\/v2\/posts"}],"about":[{"href":"https:\/\/www.europesays.com\/fr\/wp-json\/wp\/v2\/types\/post"}],"author":[{"embeddable":true,"href":"https:\/\/www.europesays.com\/fr\/wp-json\/wp\/v2\/users\/2"}],"replies":[{"embeddable":true,"href":"https:\/\/www.europesays.com\/fr\/wp-json\/wp\/v2\/comments?post=564491"}],"version-history":[{"count":0,"href":"https:\/\/www.europesays.com\/fr\/wp-json\/wp\/v2\/posts\/564491\/revisions"}],"wp:featuredmedia":[{"embeddable":true,"href":"https:\/\/www.europesays.com\/fr\/wp-json\/wp\/v2\/media\/564492"}],"wp:attachment":[{"href":"https:\/\/www.europesays.com\/fr\/wp-json\/wp\/v2\/media?parent=564491"}],"wp:term":[{"taxonomy":"category","embeddable":true,"href":"https:\/\/www.europesays.com\/fr\/wp-json\/wp\/v2\/categories?post=564491"},{"taxonomy":"post_tag","embeddable":true,"href":"https:\/\/www.europesays.com\/fr\/wp-json\/wp\/v2\/tags?post=564491"}],"curies":[{"name":"wp","href":"https:\/\/api.w.org\/{rel}","templated":true}]}}