{"id":564493,"date":"2025-11-28T13:02:18","date_gmt":"2025-11-28T13:02:18","guid":{"rendered":"https:\/\/www.europesays.com\/fr\/564493\/"},"modified":"2025-11-28T13:02:18","modified_gmt":"2025-11-28T13:02:18","slug":"nos-idees-de-sorties-pour-profiter-des-festivites-de-noel-dans-cette-commune-au-nord-de-nantes","status":"publish","type":"post","link":"https:\/\/www.europesays.com\/fr\/564493\/","title":{"rendered":"Nos id\u00e9es de sorties pour profiter des festivit\u00e9s de No\u00ebl dans cette commune au nord de Nantes"},"content":{"rendered":"<p>Illuminations, contes, march\u00e9s et animations originales rythmeront le mois de d\u00e9cembre \u00e0 La Chapelle-sur-Erdre. Un programme qui n\u2019attend que petits et grands pour c\u00e9l\u00e9brer les f\u00eates dans la convivialit\u00e9.<\/p>\n<p>La ville s\u2019illumine<\/p>\n<p>La magie de No\u00ebl s\u2019installe d\u00e8s le mercredi 3\u00a0d\u00e9cembre 2025 avec le lancement officiel des illuminations du centre-ville. Nouveaut\u00e9 cette ann\u00e9e\u00a0: un &#8230;<\/p>\n<p>\u00a0<\/p>\n","protected":false},"excerpt":{"rendered":"Illuminations, contes, march\u00e9s et animations originales rythmeront le mois de d\u00e9cembre \u00e0 La Chapelle-sur-Erdre. Un programme qui n\u2019attend&hellip;\n","protected":false},"author":2,"featured_media":564494,"comment_status":"","ping_status":"","sticky":false,"template":"","format":"standard","meta":{"footnotes":""},"categories":[2818],"tags":[1111,11,7052,1777,674,7186,1011,27,3246,766,12,15830,1308,2636,4433,25,3272,1669],"class_list":{"0":"post-564493","1":"post","2":"type-post","3":"status-publish","4":"format-standard","5":"has-post-thumbnail","7":"category-nantes","8":"tag-actu","9":"tag-actualites","10":"tag-commune","11":"tag-eu","12":"tag-europe","13":"tag-festivites","14":"tag-fr","15":"tag-france","16":"tag-idees","17":"tag-nantes","18":"tag-news","19":"tag-noel","20":"tag-nord","21":"tag-pays-de-la-loire","22":"tag-profiter","23":"tag-republique-francaise","24":"tag-saint-nazaire","25":"tag-sorties"},"share_on_mastodon":{"url":"https:\/\/pubeurope.com\/@fr\/115627461452572301","error":""},"_links":{"self":[{"href":"https:\/\/www.europesays.com\/fr\/wp-json\/wp\/v2\/posts\/564493","targetHints":{"allow":["GET"]}}],"collection":[{"href":"https:\/\/www.europesays.com\/fr\/wp-json\/wp\/v2\/posts"}],"about":[{"href":"https:\/\/www.europesays.com\/fr\/wp-json\/wp\/v2\/types\/post"}],"author":[{"embeddable":true,"href":"https:\/\/www.europesays.com\/fr\/wp-json\/wp\/v2\/users\/2"}],"replies":[{"embeddable":true,"href":"https:\/\/www.europesays.com\/fr\/wp-json\/wp\/v2\/comments?post=564493"}],"version-history":[{"count":0,"href":"https:\/\/www.europesays.com\/fr\/wp-json\/wp\/v2\/posts\/564493\/revisions"}],"wp:featuredmedia":[{"embeddable":true,"href":"https:\/\/www.europesays.com\/fr\/wp-json\/wp\/v2\/media\/564494"}],"wp:attachment":[{"href":"https:\/\/www.europesays.com\/fr\/wp-json\/wp\/v2\/media?parent=564493"}],"wp:term":[{"taxonomy":"category","embeddable":true,"href":"https:\/\/www.europesays.com\/fr\/wp-json\/wp\/v2\/categories?post=564493"},{"taxonomy":"post_tag","embeddable":true,"href":"https:\/\/www.europesays.com\/fr\/wp-json\/wp\/v2\/tags?post=564493"}],"curies":[{"name":"wp","href":"https:\/\/api.w.org\/{rel}","templated":true}]}}