{"id":564497,"date":"2025-11-28T13:04:13","date_gmt":"2025-11-28T13:04:13","guid":{"rendered":"https:\/\/www.europesays.com\/fr\/564497\/"},"modified":"2025-11-28T13:04:13","modified_gmt":"2025-11-28T13:04:13","slug":"les-premieres-images-des-prochains-programmes-consacres-a-henri-matisse-et-frida-kahlo","status":"publish","type":"post","link":"https:\/\/www.europesays.com\/fr\/564497\/","title":{"rendered":"les premi\u00e8res images des prochains programmes consacr\u00e9s \u00e0 Henri Matisse et Frida Kahlo"},"content":{"rendered":"<p>Intitul\u00e9 \u00ab\u00a0Matisse, la symphonie des couleurs\u00a0\u00bb, le mapping vid\u00e9o d\u00e9velopp\u00e9 par la soci\u00e9t\u00e9 Culturespaces a pour ambition de plonger les visiteurs dans un univers visuel ou la lumi\u00e8re et la couleur sont reines. Les reproductions de tableaux bien connus de poissons, de danseurs ou de motifs v\u00e9g\u00e9taux seront projet\u00e9es sur les murs de l\u2019\u00e9difice et refl\u00e9t\u00e9es dans l\u2019eau des bassins, afin de cr\u00e9er un effet d\u2019 \u00ab\u00a0immersion totale\u00a0\u00bb. Elles iront des d\u00e9buts du peintre, encore marqu\u00e9s par l\u2019impressionnisme, jusqu\u2019\u00e0 des tableaux simplifi\u00e9s et stylis\u00e9s \u00e0 l\u2019extr\u00eame, dans lesquels le sujet n\u2019est qu\u2019un pr\u00e9texte pour faire vivre les couleurs.<\/p>\n<p>        <img decoding=\"async\" id=\"26890694\" src=\"https:\/\/www.europesays.com\/fr\/wp-content\/uploads\/2025\/11\/experience-immersive-matisse-la-symphonie-des-couleurs-culturespaces-geoffroy-groult.jpg\" alt=\"Le programme \u00ab\u00a0Matisse, la symphonie des couleurs\u00a0\u00bb, pens\u00e9 pour toucher toutes les g\u00e9n\u00e9rations.\" itemprop=\"contentURL\"\/><\/p>\n<p>    Le programme \u00ab\u00a0Matisse, la symphonie des couleurs\u00a0\u00bb, pens\u00e9 pour toucher toutes les g\u00e9n\u00e9rations.<\/p>\n<p>Geoffroy Groult<\/p>\n<p>    \u00ab\u00a0M\u00e9tamorphose\u00a0\u00bb de Frida Kahlo<\/p>\n<p>Ce programme de quarante-cinq minutes alternera avec un autre de quatorze minutes d\u00e9di\u00e9 \u00e0 Frida Kahlo, peintre mexicaine, elle aussi attach\u00e9e aux couleurs et aux motifs floraux.<\/p>\n<p>        <img decoding=\"async\" id=\"26890696\" src=\"https:\/\/www.europesays.com\/fr\/wp-content\/uploads\/2025\/11\/experience-immersive-frida-en-plein-coeur-culturespaces-geoffroy-groult.jpg\" alt=\"Le programme \u00ab\u00a0Frida Kahlo, en plein c\u0153ur\u00a0\u00bb, projet\u00e9 en alternance avec celui d\u00e9di\u00e9 \u00e0 Matisse.\" itemprop=\"contentURL\"\/><\/p>\n<p>    Le programme \u00ab\u00a0Frida Kahlo, en plein c\u0153ur\u00a0\u00bb, projet\u00e9 en alternance avec celui d\u00e9di\u00e9 \u00e0 Matisse.<\/p>\n<p>Geoffroy Groult<\/p>\n","protected":false},"excerpt":{"rendered":"Intitul\u00e9 \u00ab\u00a0Matisse, la symphonie des couleurs\u00a0\u00bb, le mapping vid\u00e9o d\u00e9velopp\u00e9 par la soci\u00e9t\u00e9 Culturespaces a pour ambition de&hellip;\n","protected":false},"author":2,"featured_media":564498,"comment_status":"","ping_status":"","sticky":false,"template":"","format":"standard","meta":{"footnotes":""},"categories":[2817],"tags":[1111,11,1997,1777,674,1011,27,12,2219,25],"class_list":{"0":"post-564497","1":"post","2":"type-post","3":"status-publish","4":"format-standard","5":"has-post-thumbnail","7":"category-bordeaux","8":"tag-actu","9":"tag-actualites","10":"tag-bordeaux","11":"tag-eu","12":"tag-europe","13":"tag-fr","14":"tag-france","15":"tag-news","16":"tag-nouvelle-aquitaine","17":"tag-republique-francaise"},"share_on_mastodon":{"url":"https:\/\/pubeurope.com\/@fr\/115627470114025421","error":""},"_links":{"self":[{"href":"https:\/\/www.europesays.com\/fr\/wp-json\/wp\/v2\/posts\/564497","targetHints":{"allow":["GET"]}}],"collection":[{"href":"https:\/\/www.europesays.com\/fr\/wp-json\/wp\/v2\/posts"}],"about":[{"href":"https:\/\/www.europesays.com\/fr\/wp-json\/wp\/v2\/types\/post"}],"author":[{"embeddable":true,"href":"https:\/\/www.europesays.com\/fr\/wp-json\/wp\/v2\/users\/2"}],"replies":[{"embeddable":true,"href":"https:\/\/www.europesays.com\/fr\/wp-json\/wp\/v2\/comments?post=564497"}],"version-history":[{"count":0,"href":"https:\/\/www.europesays.com\/fr\/wp-json\/wp\/v2\/posts\/564497\/revisions"}],"wp:featuredmedia":[{"embeddable":true,"href":"https:\/\/www.europesays.com\/fr\/wp-json\/wp\/v2\/media\/564498"}],"wp:attachment":[{"href":"https:\/\/www.europesays.com\/fr\/wp-json\/wp\/v2\/media?parent=564497"}],"wp:term":[{"taxonomy":"category","embeddable":true,"href":"https:\/\/www.europesays.com\/fr\/wp-json\/wp\/v2\/categories?post=564497"},{"taxonomy":"post_tag","embeddable":true,"href":"https:\/\/www.europesays.com\/fr\/wp-json\/wp\/v2\/tags?post=564497"}],"curies":[{"name":"wp","href":"https:\/\/api.w.org\/{rel}","templated":true}]}}