{"id":564499,"date":"2025-11-28T13:05:13","date_gmt":"2025-11-28T13:05:13","guid":{"rendered":"https:\/\/www.europesays.com\/fr\/564499\/"},"modified":"2025-11-28T13:05:13","modified_gmt":"2025-11-28T13:05:13","slug":"les-filles-accueilleront-les-girondines-de-bordeaux","status":"publish","type":"post","link":"https:\/\/www.europesays.com\/fr\/564499\/","title":{"rendered":"les filles accueilleront les Girondines de Bordeaux"},"content":{"rendered":"<p>Une malencontreuse erreur nous a fait \u00e9crire une b\u00eatise dans notre pr\u00e9c\u00e9dente \u00e9dition. L\u2019\u00e9quipe U18 filles de la Berrichonne est bien qualifi\u00e9e en 32e\u00a0de finale de la Coupe de France mais elle n\u2019ira pas \u00e0 Vertou affronter le GF Violettes comme indiqu\u00e9 puisqu\u2019elle va accueillir les Girondines de Bordeaux, club \u00e9voluant en U19 Nationaux.<\/p>\n<p>C\u2019est donc une tr\u00e8s bonne nouvelle pour cette formation castelroussine, coach\u00e9e par Yannick Dumas, qui \u00e9volue en R\u00e9gional 1 et qui a d\u00e9j\u00e0 r\u00e9alis\u00e9 un beau parcours lors des premiers tours r\u00e9gionaux pour la premi\u00e8re \u00e9dition de cette Coupe de France. Les Berrichonnes ont en effet d\u00e9j\u00e0 remport\u00e9 quatre matchs dont la finale r\u00e9gionale \u00e0 Chartres le dimanche 16\u00a0novembre (score final 1-1, qualification aux tirs au but 7-8).<\/p>\n<p>Il leur reste d\u00e9sormais \u00e0 pr\u00e9parer ce grand rendez-vous du 14\u00a0d\u00e9cembre face \u00e0 Bordeaux.<\/p>\n<p>Berrichonne\u00a0&#8211; Girondines de Bordeaux, dimanche 14\u00a0d\u00e9cembre, \u00e0 14\u00a0h\u00a030 sur le synth\u00e9tique de Claude-Jamet.<\/p>\n","protected":false},"excerpt":{"rendered":"Une malencontreuse erreur nous a fait \u00e9crire une b\u00eatise dans notre pr\u00e9c\u00e9dente \u00e9dition. L\u2019\u00e9quipe U18 filles de la&hellip;\n","protected":false},"author":2,"featured_media":564500,"comment_status":"","ping_status":"","sticky":false,"template":"","format":"standard","meta":{"footnotes":""},"categories":[2817],"tags":[1111,11,1997,4351,52302,1777,674,63,1011,27,5052,19881,19880,12,2219,25,60],"class_list":{"0":"post-564499","1":"post","2":"type-post","3":"status-publish","4":"format-standard","5":"has-post-thumbnail","7":"category-bordeaux","8":"tag-actu","9":"tag-actualites","10":"tag-bordeaux","11":"tag-chateauroux","12":"tag-coupe-de-france-football","13":"tag-eu","14":"tag-europe","15":"tag-football","16":"tag-fr","17":"tag-france","18":"tag-indre","19":"tag-la-berri-foot","20":"tag-la-berrichonne-football","21":"tag-news","22":"tag-nouvelle-aquitaine","23":"tag-republique-francaise","24":"tag-sports"},"share_on_mastodon":{"url":"https:\/\/pubeurope.com\/@fr\/115627473310491800","error":""},"_links":{"self":[{"href":"https:\/\/www.europesays.com\/fr\/wp-json\/wp\/v2\/posts\/564499","targetHints":{"allow":["GET"]}}],"collection":[{"href":"https:\/\/www.europesays.com\/fr\/wp-json\/wp\/v2\/posts"}],"about":[{"href":"https:\/\/www.europesays.com\/fr\/wp-json\/wp\/v2\/types\/post"}],"author":[{"embeddable":true,"href":"https:\/\/www.europesays.com\/fr\/wp-json\/wp\/v2\/users\/2"}],"replies":[{"embeddable":true,"href":"https:\/\/www.europesays.com\/fr\/wp-json\/wp\/v2\/comments?post=564499"}],"version-history":[{"count":0,"href":"https:\/\/www.europesays.com\/fr\/wp-json\/wp\/v2\/posts\/564499\/revisions"}],"wp:featuredmedia":[{"embeddable":true,"href":"https:\/\/www.europesays.com\/fr\/wp-json\/wp\/v2\/media\/564500"}],"wp:attachment":[{"href":"https:\/\/www.europesays.com\/fr\/wp-json\/wp\/v2\/media?parent=564499"}],"wp:term":[{"taxonomy":"category","embeddable":true,"href":"https:\/\/www.europesays.com\/fr\/wp-json\/wp\/v2\/categories?post=564499"},{"taxonomy":"post_tag","embeddable":true,"href":"https:\/\/www.europesays.com\/fr\/wp-json\/wp\/v2\/tags?post=564499"}],"curies":[{"name":"wp","href":"https:\/\/api.w.org\/{rel}","templated":true}]}}