{"id":564505,"date":"2025-11-28T13:08:13","date_gmt":"2025-11-28T13:08:13","guid":{"rendered":"https:\/\/www.europesays.com\/fr\/564505\/"},"modified":"2025-11-28T13:08:13","modified_gmt":"2025-11-28T13:08:13","slug":"les-communistes-rejoignent-la-liste-du-ps-darnaud-deslandes","status":"publish","type":"post","link":"https:\/\/www.europesays.com\/fr\/564505\/","title":{"rendered":"les Communistes rejoignent la liste du PS d&rsquo;Arnaud Deslandes"},"content":{"rendered":"<p>                    Par<br \/>\n        <strong><br \/>\n            <a href=\"https:\/\/actu.fr\/auteur\/redaction-lille\" title=\"Consulter tous les articles de R\u00e9daction Lille\" rel=\"nofollow noopener\" target=\"_blank\">R\u00e9daction Lille<\/a><br \/>\n                    <\/strong><\/p>\n<p>        Publi\u00e9 le<\/p>\n<p>            28 nov. 2025 \u00e0 13h50        <\/p>\n<p>C\u2019\u00e9tait attendu : <b>les Communistes<\/b> rejoignent officiellement la liste du <b>Parti socialiste<\/b> \u00e0 <a href=\"https:\/\/actu.fr\/hauts-de-france\/lille_59350\" rel=\"nofollow noopener\" target=\"_blank\">Lille<\/a> (Nord), men\u00e9e par le maire en place Arnaud Deslandes. Un <b>rassemblement de la gauche enclench\u00e9<\/b>, dans une volont\u00e9 commune de \u00ab\u00a0construire l\u2019avenir avec ambition et responsabilit\u00e9\u00a0\u00bb, est-il pr\u00e9cis\u00e9 dans un communiqu\u00e9 cosign\u00e9 par Arnaud Deslandes et <a href=\"https:\/\/actu.fr\/hauts-de-france\/lille_59350\/municipales-2026-a-lille-cinq-choses-a-savoir-sur-eddie-jacquemart-candidat-pour-le-pcf_63471609.html\" rel=\"nofollow noopener\" target=\"_blank\">Eddie Jacquemart, qui s\u2019\u00e9tait d\u00e9clar\u00e9 t\u00eate de liste du PCF<\/a>\u00a0et dat\u00e9 de ce vendredi 28 novembre.<\/p>\n<p>Les Communistes rejoignent la liste du Parti socialiste pour les Municipales 2026 \u00e0 Lille<\/p>\n<p class=\" wall-content\">L\u2019union avec les Socialistes \u00e9tait en fait d\u00e9j\u00e0 confirm\u00e9e. Depuis juin, Eddie Jacquemart n\u2019a jamais cach\u00e9 son intention de cr\u00e9er une liste commune de gauche, \u00e9gratignant au passage les \u00c9cologistes et Insoumis, avec qui les n\u00e9gociations n\u2019ont jusqu\u2019alors pas \u00e9t\u00e9 \u00ab\u00a0concluantes\u00a0\u00bb.\u00a0<\/p>\n<p class=\" wall-content\">L\u2019alliance avec le PS se base a contrario sur \u00ab\u00a0le dialogue, le respect mutuel, et la recherche de solutions concr\u00e8tes pour am\u00e9liorer le quotidien\u00a0\u00bb. Parmi les priorit\u00e9s, \u00ab\u00a0la justice sociale, l\u2019\u00e9galit\u00e9, l\u2019\u00e9cologie, le progr\u00e8s pour tous\u00a0\u00bb.<\/p>\n<p class=\" wall-content\">Pour rappel, les candidats pour les <a href=\"https:\/\/actu.fr\/lille\/politique\/elections-municipales\" rel=\"nofollow noopener\" target=\"_blank\">Municipales 2026 \u00e0 Lille<\/a> sont Violette Spillebout (Renaissance), St\u00e9phane Baly (Les Ecologistes), Louis Delemer (LR), Arnaud Deslandes (PS), Matthieu Valet (Rassemblement National), Lahouaria Addouche (LFI) et Faustine Balmelle-Delauzun (G\u00e9n\u00e9ration.s).<\/p>\n<p class=\" wall-content\">Personnalisez votre actualit\u00e9 en ajoutant vos villes et m\u00e9dias en favori avec <a href=\"https:\/\/moncompte.actu.fr\" title=\"D\u00e9couvez Mon Actu\" rel=\"nofollow noopener\" data-trk=\"{&quot;cta&quot;:{&quot;action&quot;:&quot;https:\\\/\\\/moncompte.actu.fr&quot;,&quot;category&quot;:&quot;mon compte&quot;,&quot;from&quot;:&quot;article footer&quot;,&quot;name&quot;:&quot;Mon actu&quot;,&quot;type&quot;:&quot;cta&quot;}}\" target=\"_blank\">Mon Actu<\/a>.<\/p>\n","protected":false},"excerpt":{"rendered":"Par R\u00e9daction Lille Publi\u00e9 le 28 nov. 2025 \u00e0 13h50 C\u2019\u00e9tait attendu : les Communistes rejoignent officiellement la&hellip;\n","protected":false},"author":2,"featured_media":564506,"comment_status":"","ping_status":"","sticky":false,"template":"","format":"standard","meta":{"footnotes":""},"categories":[2815],"tags":[1111,11,1777,674,1011,27,811,1307,3434,12,5989,4484,316,25],"class_list":{"0":"post-564505","1":"post","2":"type-post","3":"status-publish","4":"format-standard","5":"has-post-thumbnail","7":"category-lille","8":"tag-actu","9":"tag-actualites","10":"tag-eu","11":"tag-europe","12":"tag-fr","13":"tag-france","14":"tag-hauts-de-france","15":"tag-lille","16":"tag-municipales-2026","17":"tag-news","18":"tag-parti-communiste-pcf","19":"tag-parti-socialiste-ps","20":"tag-politique","21":"tag-republique-francaise"},"share_on_mastodon":{"url":"https:\/\/pubeurope.com\/@fr\/115627485104544520","error":""},"_links":{"self":[{"href":"https:\/\/www.europesays.com\/fr\/wp-json\/wp\/v2\/posts\/564505","targetHints":{"allow":["GET"]}}],"collection":[{"href":"https:\/\/www.europesays.com\/fr\/wp-json\/wp\/v2\/posts"}],"about":[{"href":"https:\/\/www.europesays.com\/fr\/wp-json\/wp\/v2\/types\/post"}],"author":[{"embeddable":true,"href":"https:\/\/www.europesays.com\/fr\/wp-json\/wp\/v2\/users\/2"}],"replies":[{"embeddable":true,"href":"https:\/\/www.europesays.com\/fr\/wp-json\/wp\/v2\/comments?post=564505"}],"version-history":[{"count":0,"href":"https:\/\/www.europesays.com\/fr\/wp-json\/wp\/v2\/posts\/564505\/revisions"}],"wp:featuredmedia":[{"embeddable":true,"href":"https:\/\/www.europesays.com\/fr\/wp-json\/wp\/v2\/media\/564506"}],"wp:attachment":[{"href":"https:\/\/www.europesays.com\/fr\/wp-json\/wp\/v2\/media?parent=564505"}],"wp:term":[{"taxonomy":"category","embeddable":true,"href":"https:\/\/www.europesays.com\/fr\/wp-json\/wp\/v2\/categories?post=564505"},{"taxonomy":"post_tag","embeddable":true,"href":"https:\/\/www.europesays.com\/fr\/wp-json\/wp\/v2\/tags?post=564505"}],"curies":[{"name":"wp","href":"https:\/\/api.w.org\/{rel}","templated":true}]}}