{"id":564507,"date":"2025-11-28T13:09:21","date_gmt":"2025-11-28T13:09:21","guid":{"rendered":"https:\/\/www.europesays.com\/fr\/564507\/"},"modified":"2025-11-28T13:09:21","modified_gmt":"2025-11-28T13:09:21","slug":"lille-une-plongee-au-coeur-du-clarance","status":"publish","type":"post","link":"https:\/\/www.europesays.com\/fr\/564507\/","title":{"rendered":"Lille : Une plong\u00e9e au coeur du Clarance"},"content":{"rendered":"<p>Notre journaliste Marie Boullenger\u00a0vous fait d\u00e9couvrir les coulisses de l&#8217;embl\u00e9matique H\u00f4tel Clarance dans le Vieux-Lille. La&#13;<br \/>\nTable, le restaurant \u00e9toil\u00e9 de l&rsquo;h\u00f4tel Clarance, compte dans ses rangs un nouveau chef depuis la rentr\u00e9e.&#13;<br \/>\nL&rsquo;exp\u00e9riment\u00e9 Ga\u00ebtan Citerne a pris ses quartiers le 1er septembre&#13;<br \/>\ndernier rue de la Barre.\u00a0<\/p>\n","protected":false},"excerpt":{"rendered":"Notre journaliste Marie Boullenger\u00a0vous fait d\u00e9couvrir les coulisses de l&#8217;embl\u00e9matique H\u00f4tel Clarance dans le Vieux-Lille. La&#13; Table, le&hellip;\n","protected":false},"author":2,"featured_media":564508,"comment_status":"","ping_status":"","sticky":false,"template":"","format":"standard","meta":{"footnotes":""},"categories":[2815],"tags":[1111,11,1777,674,1011,27,811,1307,12,25],"class_list":{"0":"post-564507","1":"post","2":"type-post","3":"status-publish","4":"format-standard","5":"has-post-thumbnail","7":"category-lille","8":"tag-actu","9":"tag-actualites","10":"tag-eu","11":"tag-europe","12":"tag-fr","13":"tag-france","14":"tag-hauts-de-france","15":"tag-lille","16":"tag-news","17":"tag-republique-francaise"},"share_on_mastodon":{"url":"https:\/\/pubeurope.com\/@fr\/115627489049816703","error":""},"_links":{"self":[{"href":"https:\/\/www.europesays.com\/fr\/wp-json\/wp\/v2\/posts\/564507","targetHints":{"allow":["GET"]}}],"collection":[{"href":"https:\/\/www.europesays.com\/fr\/wp-json\/wp\/v2\/posts"}],"about":[{"href":"https:\/\/www.europesays.com\/fr\/wp-json\/wp\/v2\/types\/post"}],"author":[{"embeddable":true,"href":"https:\/\/www.europesays.com\/fr\/wp-json\/wp\/v2\/users\/2"}],"replies":[{"embeddable":true,"href":"https:\/\/www.europesays.com\/fr\/wp-json\/wp\/v2\/comments?post=564507"}],"version-history":[{"count":0,"href":"https:\/\/www.europesays.com\/fr\/wp-json\/wp\/v2\/posts\/564507\/revisions"}],"wp:featuredmedia":[{"embeddable":true,"href":"https:\/\/www.europesays.com\/fr\/wp-json\/wp\/v2\/media\/564508"}],"wp:attachment":[{"href":"https:\/\/www.europesays.com\/fr\/wp-json\/wp\/v2\/media?parent=564507"}],"wp:term":[{"taxonomy":"category","embeddable":true,"href":"https:\/\/www.europesays.com\/fr\/wp-json\/wp\/v2\/categories?post=564507"},{"taxonomy":"post_tag","embeddable":true,"href":"https:\/\/www.europesays.com\/fr\/wp-json\/wp\/v2\/tags?post=564507"}],"curies":[{"name":"wp","href":"https:\/\/api.w.org\/{rel}","templated":true}]}}